{"id":403947,"date":"2021-11-14T19:14:17","date_gmt":"2021-11-14T16:14:17","guid":{"rendered":"http:\/\/arantv.az\/?p=403947"},"modified":"2021-11-14T19:14:17","modified_gmt":"2021-11-14T16:14:17","slug":"kanadali-ekspert-az%c9%99rbaycanin-isgaldan-azad-olunmus-%c9%99razil%c9%99rinin-b%c9%99rpasindan-yazdi","status":"publish","type":"post","link":"https:\/\/arantv.az\/?p=403947","title":{"rendered":"Kanadal\u0131 ekspert Az\u0259rbaycan\u0131n i\u015f\u011faldan azad olunmu\u015f \u0259razil\u0259rinin b\u0259rpas\u0131ndan yazd\u0131"},"content":{"rendered":"<p>Kanada Qlobal M\u0259s\u0259l\u0259l\u0259r \u0130nstitutunun eksperti Robert Katlerin \u201cGeopolitical Monitor\u201d jurnal\u0131nda yay\u0131mlanm\u0131\u015f \u201cQaraba\u011f\u0131n inki\u015faf\u0131 C\u0259nubi Qafqazda v\u0259ziyy\u0259ti d\u0259yi\u015f\u0259c\u0259k\u201d s\u0259rl\u00f6vh\u0259li analitik m\u0259qal\u0259si Misirin \u201c\u018fl \u015euru\u011f\u201d q\u0259zetind\u0259 \u0259r\u0259b dilind\u0259 d\u0259rc edilib.<\/p>\n<p><img src=\"https:\/\/ikisahil.az\/upload\/\/2021\/11\/14\/\/-48dfb0e6163689415828492081110203160.jpg\" alt=\"\" \/><strong>ARANTV.AZ\u00a0<\/strong> x\u0259b\u0259r verir ki, m\u0259qal\u0259d\u0259 30 il\u0259 yax\u0131n Erm\u0259nistan\u0131n i\u015f\u011fal\u0131 alt\u0131nda qalm\u0131\u015f Qaraba\u011f\u0131n azad edilm\u0259sinin C\u0259nubi Qafqaz regionunun inki\u015faf\u0131na t\u0259kan ver\u0259c\u0259yi qeyd olunub. M\u00fc\u0259llif diqq\u0259t\u0259 \u00e7atd\u0131r\u0131b ki, 1993-c\u00fc ild\u0259 Erm\u0259nistan\u0131n q\u0259sb etdiyi v\u0259 44 g\u00fcnl\u00fck m\u00fcharib\u0259 zaman\u0131 azad olunmu\u015f F\u00fczuli \u015f\u0259h\u0259rind\u0259 aeroportun istifad\u0259y\u0259 verilm\u0259si bu istiqam\u0259td\u0259 at\u0131lm\u0131\u015f \u0259n b\u00f6y\u00fck add\u0131md\u0131r v\u0259 Az\u0259rbaycan h\u00f6kum\u0259ti erm\u0259nil\u0259r t\u0259r\u0259find\u0259n da\u011f\u0131d\u0131lm\u0131\u015f infrastruktur obyektl\u0259rinin b\u0259rpas\u0131na dair b\u00f6y\u00fck proqram h\u0259yata ke\u00e7irir. Bel\u0259 ki, Z\u0259ngilan v\u0259 La\u00e7\u0131n rayonlar\u0131nda da aeroportlar tikilir v\u0259 g\u0259l\u0259n il istifad\u0259y\u0259 verilm\u0259si n\u0259z\u0259rd\u0259 tutulur. H\u0259min hava limanlar\u0131n\u0131n \u0259traf\u0131nda is\u0259 s\u0259naye zonalar\u0131 olacaq. Art\u0131q T\u00fcrkiy\u0259nin \u00f6z\u0259l \u015firk\u0259tl\u0259ri Z\u0259ngilanda aqropark\u0131n tikintisin\u0259 ba\u015flay\u0131b. Bel\u0259likl\u0259, bu aeroportlar Qaraba\u011f \u0259razisind\u0259 m\u00fcasir logistika v\u0259 n\u0259qliyyat m\u0259rk\u0259zinin \u0259sas\u0131 olacaq. Eyni zamanda, yeni magistral avtomobil yollar\u0131n\u0131n in\u015fas\u0131 da s\u00fcr\u0259tl\u0259 davam edir.<\/p>\n<p>R.Katler yaz\u0131r ki, b\u0259rpa-quruculuq i\u015fl\u0259rinin \u00f6n\u00fcnd\u0259 \u0259sas mane\u0259l\u0259rd\u0259n biri Erm\u0259nistan\u0131n minalad\u0131\u011f\u0131 \u0259razil\u0259rin x\u0259rit\u0259l\u0259rini t\u0259qdim etm\u0259m\u0259sidir. Hesablamalar g\u00f6st\u0259rir ki, erm\u0259nil\u0259r i\u015f\u011fal etdikl\u0259ri torpaqlarda bir milyona yax\u0131n mina basd\u0131r\u0131blar. \u018frazil\u0259rin minalardan t\u0259mizl\u0259nm\u0259si prosesi davam edir v\u0259 B\u00f6y\u00fck Britaniya bu m\u0259qs\u0259dl\u0259r \u00fc\u00e7\u00fcn 667 min dollar, Fransa 473 min dollar, AB\u015e is\u0259 500 min dollar v\u0259sait ay\u0131r\u0131b. Lakin t\u0259\u0259ss\u00fcfl\u0259 qeyd edilm\u0259lidir ki, minalar \u0259leyhin\u0259 1997-ci il \u201cOttava Sazi\u015fi\u201dnin t\u0259\u015f\u0259bb\u00fcskar\u0131 olan Kanada h\u00f6kum\u0259ti bu m\u0259qs\u0259dl\u0259 Az\u0259rbaycana yard\u0131m ed\u0259n \u00f6lk\u0259l\u0259rin s\u0131ras\u0131nda deyil. R\u0259smi Bak\u0131 bu m\u0259s\u0259l\u0259 il\u0259 ba\u011fl\u0131 Beyn\u0259lxalq \u018fdal\u0259t M\u0259hk\u0259m\u0259sin\u0259 m\u00fcraci\u0259t edib.<\/p>\n<p>M\u0259qal\u0259d\u0259 Az\u0259rbaycan\u0131n i\u015f\u011faldan azad olunmu\u015f \u0259razil\u0259rin b\u0259rpas\u0131n\u0131 h\u0259yata ke\u00e7irm\u0259k \u00fc\u00e7\u00fcn kifay\u0259t q\u0259d\u0259r maliyy\u0259 resurslar\u0131na malik oldu\u011fu, eyni zamanda, beyn\u0259lxalq \u015firk\u0259tl\u0259rin d\u0259 prosesd\u0259 f\u0259al i\u015ftirak etdiyi qeyd olunub.<\/p>\n","protected":false},"excerpt":{"rendered":"<p>Kanada Qlobal M\u0259s\u0259l\u0259l\u0259r \u0130nstitutunun eksperti Robert Katlerin \u201cGeopolitical Monitor\u201d jurnal\u0131nda yay\u0131mlanm\u0131\u015f \u201cQaraba\u011f\u0131n inki\u015faf\u0131 C\u0259nubi Qafqazda v\u0259ziyy\u0259ti d\u0259yi\u015f\u0259c\u0259k\u201d s\u0259rl\u00f6vh\u0259li analitik m\u0259qal\u0259si Misirin \u201c\u018fl \u015euru\u011f\u201d q\u0259zetind\u0259 \u0259r\u0259b dilind\u0259 d\u0259rc edilib. ARANTV.AZ\u00a0 x\u0259b\u0259r verir ki, m\u0259qal\u0259d\u0259 30 il\u0259 yax\u0131n Erm\u0259nistan\u0131n i\u015f\u011fal\u0131 alt\u0131nda qalm\u0131\u015f Qaraba\u011f\u0131n azad edilm\u0259sinin C\u0259nubi Qafqaz regionunun inki\u015faf\u0131na t\u0259kan ver\u0259c\u0259yi qeyd olunub. M\u00fc\u0259llif diqq\u0259t\u0259 \u00e7atd\u0131r\u0131b ki, 1993-c\u00fc ild\u0259 Erm\u0259nistan\u0131n q\u0259sb etdiyi v\u0259 44 g\u00fcnl\u00fck m\u00fcharib\u0259 zaman\u0131 azad olunmu\u015f F\u00fczuli \u015f\u0259h\u0259rind\u0259 aeroportun istifad\u0259y\u0259 verilm\u0259si bu istiqam\u0259td\u0259 at\u0131lm\u0131\u015f \u0259n b\u00f6y\u00fck add\u0131md\u0131r v\u0259 Az\u0259rbaycan h\u00f6kum\u0259ti erm\u0259nil\u0259r t\u0259r\u0259find\u0259n da\u011f\u0131d\u0131lm\u0131\u015f infrastruktur obyektl\u0259rinin b\u0259rpas\u0131na dair b\u00f6y\u00fck proqram&hellip;<\/p>\n","protected":false},"author":2,"featured_media":403949,"comment_status":"closed","ping_status":"closed","sticky":false,"template":"","format":"standard","meta":{"om_disable_all_campaigns":false,"_monsterinsights_skip_tracking":false,"_monsterinsights_sitenote_active":false,"_monsterinsights_sitenote_note":"","_monsterinsights_sitenote_category":0},"categories":[4],"tags":[],"aioseo_notices":[],"gutentor_comment":0,"rttpg_featured_image_url":{"full":["https:\/\/arantv.az\/wp-content\/uploads\/2021\/11\/000c076c163689413959205919310105761.jpg",975,540,false],"landscape":["https:\/\/arantv.az\/wp-content\/uploads\/2021\/11\/000c076c163689413959205919310105761.jpg",975,540,false],"portraits":["https:\/\/arantv.az\/wp-content\/uploads\/2021\/11\/000c076c163689413959205919310105761.jpg",975,540,false],"thumbnail":["https:\/\/arantv.az\/wp-content\/uploads\/2021\/11\/000c076c163689413959205919310105761-500x280.jpg",500,280,true],"medium":["https:\/\/arantv.az\/wp-content\/uploads\/2021\/11\/000c076c163689413959205919310105761-660x365.jpg",660,365,true],"large":["https:\/\/arantv.az\/wp-content\/uploads\/2021\/11\/000c076c163689413959205919310105761-840x465.jpg",640,354,true],"1536x1536":["https:\/\/arantv.az\/wp-content\/uploads\/2021\/11\/000c076c163689413959205919310105761.jpg",975,540,false],"2048x2048":["https:\/\/arantv.az\/wp-content\/uploads\/2021\/11\/000c076c163689413959205919310105761.jpg",975,540,false],"post-thumbnail":["https:\/\/arantv.az\/wp-content\/uploads\/2021\/11\/000c076c163689413959205919310105761-240x172.jpg",240,172,true],"advps-thumb-one":["https:\/\/arantv.az\/wp-content\/uploads\/2021\/11\/000c076c163689413959205919310105761.jpg",975,540,false]},"rttpg_author":{"display_name":"V\u00fcsal Rafiqo\u011flu","author_link":"https:\/\/arantv.az\/?author=2"},"rttpg_comment":0,"rttpg_category":"<a href=\"https:\/\/arantv.az\/?cat=4\" rel=\"category\">Siyas\u0259t<\/a>","rttpg_excerpt":"Kanada Qlobal M\u0259s\u0259l\u0259l\u0259r \u0130nstitutunun eksperti Robert Katlerin \u201cGeopolitical Monitor\u201d jurnal\u0131nda yay\u0131mlanm\u0131\u015f \u201cQaraba\u011f\u0131n inki\u015faf\u0131 C\u0259nubi Qafqazda v\u0259ziyy\u0259ti d\u0259yi\u015f\u0259c\u0259k\u201d s\u0259rl\u00f6vh\u0259li analitik m\u0259qal\u0259si Misirin \u201c\u018fl \u015euru\u011f\u201d q\u0259zetind\u0259 \u0259r\u0259b dilind\u0259 d\u0259rc edilib. ARANTV.AZ\u00a0 x\u0259b\u0259r verir ki, m\u0259qal\u0259d\u0259 30 il\u0259 yax\u0131n Erm\u0259nistan\u0131n i\u015f\u011fal\u0131 alt\u0131nda qalm\u0131\u015f Qaraba\u011f\u0131n azad edilm\u0259sinin C\u0259nubi Qafqaz regionunun inki\u015faf\u0131na t\u0259kan ver\u0259c\u0259yi qeyd olunub. M\u00fc\u0259llif diqq\u0259t\u0259 \u00e7atd\u0131r\u0131b ki,&hellip;","_links":{"self":[{"href":"https:\/\/arantv.az\/index.php?rest_route=\/wp\/v2\/posts\/403947"}],"collection":[{"href":"https:\/\/arantv.az\/index.php?rest_route=\/wp\/v2\/posts"}],"about":[{"href":"https:\/\/arantv.az\/index.php?rest_route=\/wp\/v2\/types\/post"}],"author":[{"embeddable":true,"href":"https:\/\/arantv.az\/index.php?rest_route=\/wp\/v2\/users\/2"}],"replies":[{"embeddable":true,"href":"https:\/\/arantv.az\/index.php?rest_route=%2Fwp%2Fv2%2Fcomments&post=403947"}],"version-history":[{"count":0,"href":"https:\/\/arantv.az\/index.php?rest_route=\/wp\/v2\/posts\/403947\/revisions"}],"wp:featuredmedia":[{"embeddable":true,"href":"https:\/\/arantv.az\/index.php?rest_route=\/wp\/v2\/media\/403949"}],"wp:attachment":[{"href":"https:\/\/arantv.az\/index.php?rest_route=%2Fwp%2Fv2%2Fmedia&parent=403947"}],"wp:term":[{"taxonomy":"category","embeddable":true,"href":"https:\/\/arantv.az\/index.php?rest_route=%2Fwp%2Fv2%2Fcategories&post=403947"},{"taxonomy":"post_tag","embeddable":true,"href":"https:\/\/arantv.az\/index.php?rest_route=%2Fwp%2Fv2%2Ftags&post=403947"}],"curies":[{"name":"wp","href":"https:\/\/api.w.org\/{rel}","templated":true}]}}