{"id":403955,"date":"2021-11-14T19:22:54","date_gmt":"2021-11-14T16:22:54","guid":{"rendered":"http:\/\/arantv.az\/?p=403955"},"modified":"2021-11-14T19:22:54","modified_gmt":"2021-11-14T16:22:54","slug":"hicrana-don%c9%99n-vusal-foto","status":"publish","type":"post","link":"https:\/\/arantv.az\/?p=403955","title":{"rendered":"Hicrana d\u00f6n\u0259n V\u00fcsal&#8230; &#8211; FOTO"},"content":{"rendered":"<div class=\"article_text\">\n<p>V\u00fcsal m\u0259nim ilk \u00f6vlad\u0131m, ilk sevincim idi. Atas\u0131n\u0131 itirdikd\u0259n sonra daya\u011f\u0131m oldu. V\u00fcsala \u00e7ox ba\u011fl\u0131 idim. Onu sentyabr\u0131n 21-d\u0259 yola sald\u0131m. Bir an g\u00f6rm\u0259y\u0259nd\u0259, s\u0259sini e\u015fitm\u0259y\u0259nd\u0259 nigaran qald\u0131\u011f\u0131m \u00f6vlad\u0131m\u0131n bir ild\u0259n \u00e7oxdur h\u0259sr\u0259tind\u0259y\u0259m. G\u00f6z\u00fcm yollarda, qula\u011f\u0131m s\u0259sd\u0259dir. Anlay\u0131ram ki, o bir daha g\u0259l\u0259 bilm\u0259y\u0259c\u0259k, ancaq m\u0259n onun g\u00f6r\u00fc\u015f\u00fcn\u0259 gedir\u0259m, son n\u0259f\u0259sim\u0259 q\u0259d\u0259r s\u0259bir edib qovu\u015faca\u011f\u0131m\u0131z g\u00fcn\u00fc g\u00f6zl\u0259yir\u0259m.<\/p>\n<p><strong>ARANTV.AZ\u00a0<\/strong> <a href=\"http:\/\/azertag.az\/\" target=\"_blank\" rel=\"noopener\">AZ\u018fRTAC<\/a>-a istinad\u0259n bildirir ki, bunu V\u0259t\u0259n m\u00fcharib\u0259si \u015f\u0259hidi V\u00fcsal H\u0259s\u0259novun anas\u0131 M\u0259rif\u0259t H\u0259s\u0259nova deyib.<\/p>\n<p>\u015e\u0259hid anas\u0131 s\u00f6zl\u0259rin\u0259 bel\u0259 davam edib: &#8220;V\u00fcsal m\u0259nim d\u00f6rd o\u011flumdan b\u00f6y\u00fcy\u00fc idi. \u0130ki \u00f6vlad\u0131m azya\u015fl\u0131 olark\u0259n d\u00fcnyalar\u0131n\u0131 d\u0259yi\u015fdil\u0259r. H\u0259yatda iki \u00f6vlad\u0131m qalm\u0131\u015fd\u0131: V\u00fcsal v\u0259 Nuran. Yen\u0259 d\u0259 taleyim\u0259 \u015f\u00fck\u00fcr edib iki \u00f6vlad\u0131m\u0131 b\u00f6y\u00fcd\u00fcrd\u00fcm. Tale el\u0259 g\u0259tirdi ki, V\u00fcsal ibtidai sinifd\u0259 oxuyanda h\u0259yat yolda\u015f\u0131m\u0131 da itirdim. \u0130ki \u00f6vlad\u0131m m\u0259n\u0259 arxa-dayaq oldu. V\u00fcsal b\u00f6y\u00fck o\u011ful idi dey\u0259 daha \u00e7ox mehrimi ona salm\u0131\u015fd\u0131m. H\u0259r add\u0131m\u0131ndan x\u0259b\u0259rdar idim. Gec g\u0259l\u0259nd\u0259, ya telefonuna z\u0259ng \u00e7atmayanda nigaran qal\u0131rd\u0131m. N\u0259 bil\u0259ydim ki, \u00f6vlad\u0131ma bir \u00f6m\u00fcrl\u00fck h\u0259sr\u0259t qalaca\u011fam.<\/p>\n<p>V\u0259t\u0259n m\u00fcharib\u0259si ba\u015flayanda V\u00fcsal iki il idi ki, h\u0259rbi xidm\u0259ti ba\u015fa vurmu\u015fdu. \u00d6t\u0259n il Tovuz d\u00f6y\u00fc\u015fl\u0259ri zaman\u0131 general-mayor Polad H\u0259\u015fimov \u015f\u0259hid olandan sonra k\u00f6n\u00fcll\u00fc ordu s\u0131ralar\u0131na yaz\u0131lanlardan biri idi. O, bu bar\u0259d\u0259 m\u0259n\u0259 he\u00e7 n\u0259 dem\u0259mi\u015fdi. V\u00fcsal\u0131 sentyabr\u0131n 21-d\u0259 t\u0259liml\u0259r\u0259 apard\u0131lar. M\u0259n i\u015fd\u0259n g\u0259l\u0259nd\u0259 balaca o\u011flum dedi ki, V\u00fcsal h\u0259rbi komissarl\u0131\u011fa gedib. Tez-t\u0259l\u0259sik h\u0259rbi komissarl\u0131\u011f\u0131n qar\u015f\u0131s\u0131na g\u0259ldim. \u00d6vlad\u0131m\u0131 uzaqdan da olsa, yola sald\u0131m. Heyif ki, doyunca sar\u0131la bilm\u0259dim V\u00fcsal\u0131ma. Sentyabr\u0131n 28-d\u0259n o\u011flum d\u00f6y\u00fc\u015f b\u00f6lg\u0259sin\u0259 yolland\u0131. F\u00fczuli u\u011frunda ged\u0259n d\u00f6y\u00fc\u015fl\u0259rd\u0259 i\u015ftirak edirdi. Oktyabr\u0131n 5-d\u0259k \u0259laq\u0259 saxlaya bildik. Ondan sonra \u0259laq\u0259 k\u0259sildi. Uzun m\u00fcdd\u0259t V\u00fcsaldan s\u0259s \u00e7\u0131xmayanda narahatl\u0131\u011f\u0131m artm\u0131\u015fd\u0131. Anayam, \u00fcr\u0259yim\u0259 dam\u0131rd\u0131 ki, V\u00fcsal art\u0131q yoxdur. Lakin q\u0259bul ed\u0259 bilmirdim. Noyabr\u0131n sonlar\u0131 idi, x\u0259b\u0259r verdil\u0259r ki, bir \u015f\u0259hidin kimliyini m\u00fc\u0259yy\u0259nl\u0259\u015fdirm\u0259k \u00fc\u00e7\u00fcn DNT analizin\u0259 ehtiyac var. H\u0259min \u015f\u0259hidin V\u00fcsal oldu\u011funa dair ehtimallar var idi. \u00d6z\u00fcm F\u00fczulid\u0259ki morqa getdim. V\u00fcsal\u0131 ba\u015f\u0131ndak\u0131 ni\u015fan\u0259d\u0259n tan\u0131d\u0131m. Lakin DNT analizinin n\u0259tic\u0259l\u0259ri uy\u011funla\u015fandan sonra n\u0259\u015fini biz\u0259 t\u0259hvil verdil\u0259r. Dekabr\u0131n 3-d\u0259 \u015eabran\u0131n Zeyv\u0259 k\u0259ndind\u0259 atas\u0131n\u0131n yan\u0131nda torpa\u011fa tap\u015f\u0131rd\u0131q. V\u00fcsal biziml\u0259 son \u0259laq\u0259d\u0259n 6 g\u00fcn sonra F\u00fczulid\u0259 \u015f\u0259hid olubmu\u015f. O\u011flumu erm\u0259ni snayperi ba\u015f\u0131ndan vurmu\u015fdu. Yegan\u0259 t\u0259s\u0259llim V\u00fcsal\u0131n \u015f\u0259hid oldu\u011fu torpa\u011f\u0131n &#8211; F\u00fczulinin v\u0259 dig\u0259r \u015f\u0259h\u0259r v\u0259 q\u0259s\u0259b\u0259l\u0259rimizin azad olunmas\u0131 oldu. V\u00fcsal\u0131m\u0131n qan\u0131 yerd\u0259 qalmad\u0131. M\u0259n oktyabr\u0131n 17-d\u0259 F\u00fczulinin azad olunmas\u0131 g\u00fcn\u00fc v\u0259 noyabr\u0131n 8-d\u0259 Z\u0259f\u0259r G\u00fcn\u00fcnd\u0259 \u00f6vlad\u0131m\u0131 h\u0259r il t\u0259brik ed\u0259c\u0259y\u0259m. O\u011flumun ad\u0131 V\u00fcsal idi, \u00f6z\u00fc hicran\u0131m oldu&#8221;.<\/p>\n<p>\u015e\u0259hid anas\u0131 &#8220;YA\u015eAT&#8221; Fondunun onlara maddi d\u0259st\u0259k g\u00f6st\u0259rdiyini, s\u0259lahiyy\u0259tli qurumlar\u0131n maraqland\u0131\u011f\u0131n\u0131 bildir\u0259r\u0259k g\u00f6st\u0259ril\u0259n diqq\u0259t v\u0259 qay\u011f\u0131ya g\u00f6r\u0259 minn\u0259tdarl\u0131\u011f\u0131n\u0131 ifad\u0259 edib.<\/p>\n<p>Qeyd ed\u0259k ki, V\u00fcsal Ariz o\u011flu H\u0259s\u0259nov 1997-ci il iyulun 3-d\u0259 Bak\u0131 \u015f\u0259h\u0259rind\u0259 anadan olub. Orta t\u0259hsilini \u0259vv\u0259lc\u0259 S\u0259bail rayonunda yerl\u0259\u015f\u0259n 49 sayl\u0131 &#8220;\u0130ntellekt&#8221; m\u0259kt\u0259b-liseyind\u0259, sonra is\u0259 Tofiq M\u0259mm\u0259dov ad\u0131na 239 sayl\u0131 m\u0259kt\u0259bd\u0259 al\u0131b. 10-cu sinifd\u0259n etibar\u0259n is\u0259 t\u0259hsilini Az\u0259rbaycan D\u00f6vl\u0259t D\u0259mir Yolu Liseyind\u0259 davam etdirib. Liseyi bitir\u0259nd\u0259n sonra h\u0259rbi xidm\u0259t\u0259 yollan\u0131b. 2017-2018-ci ill\u0259rd\u0259 h\u0259qiqi h\u0259rbi xidm\u0259td\u0259 olub. H\u0259rbi xidm\u0259ti A\u011fcab\u0259did\u0259 &#8220;N&#8221; sayl\u0131 h\u0259rbi hiss\u0259d\u0259 ke\u00e7ib. Sentyabr\u0131n 21-d\u0259 t\u0259lim toplant\u0131lara \u00e7a\u011f\u0131r\u0131l\u0131b. Sentyabr\u0131n 28-n\u0259 q\u0259d\u0259r Pir\u0259k\u0259\u015fk\u00fcld\u0259 yerl\u0259\u015f\u0259n &#8220;N&#8221; sayl\u0131 h\u0259rbi hiss\u0259d\u0259 h\u0259rbi t\u0259lim toplant\u0131s\u0131 ke\u00e7ib v\u0259 sonra d\u00f6y\u00fc\u015f b\u00f6lg\u0259sin\u0259 g\u00f6nd\u0259rilib. F\u00fczulinin azad edilm\u0259si u\u011frunda apar\u0131lan h\u0259rbi \u0259m\u0259liyyatlarda i\u015ftirak edib. Oktyabr\u0131n 11-d\u0259 F\u00fczuli u\u011frunda ged\u0259n q\u0131z\u011f\u0131n d\u00f6y\u00fc\u015fl\u0259r zaman\u0131 \u015f\u0259hid olub. \u00d6l\u00fcm\u00fcnd\u0259n sonra &#8220;V\u0259t\u0259n u\u011frunda&#8221;, &#8220;F\u00fczulinin azad olunmas\u0131na g\u00f6r\u0259&#8221; medallar\u0131 il\u0259 t\u0259ltif olunub.<\/p>\n<p>&nbsp;<\/p>\n<\/div>\n<h4>M\u0259qal\u0259y\u0259 dair fotomateriallar:<\/h4>\n<div class=\"article-gallery\">\n<div class=\"lSSlideOuter \">\n<div class=\"lSSlideWrapper usingCss\">\n<ul class=\"images-list lightSlider lsGrab lSSlide\">\n<li class=\"lslide active\" data-src=\"https:\/\/img.milli.az\/2021\/11\/11\/995105_01.jpg\" data-fancybox=\"995105\"><img src=\"https:\/\/img.milli.az\/2021\/11\/11\/995105_01.jpg\" alt=\"\" \/><\/li>\n<li class=\"lslide\" data-src=\"https:\/\/img.milli.az\/2021\/11\/11\/995105_02.jpg\" data-fancybox=\"995105\"><img src=\"https:\/\/img.milli.az\/2021\/11\/11\/995105_02.jpg\" alt=\"\" \/><\/li>\n<li class=\"lslide\" data-src=\"https:\/\/img.milli.az\/2021\/11\/11\/995105_03.jpg\" data-fancybox=\"995105\"><img src=\"https:\/\/img.milli.az\/2021\/11\/11\/995105_03.jpg\" alt=\"\" \/><\/li>\n<li class=\"lslide\" data-src=\"https:\/\/img.milli.az\/2021\/11\/11\/995105_04.jpg\" data-fancybox=\"995105\"><img src=\"https:\/\/img.milli.az\/2021\/11\/11\/995105_04.jpg\" alt=\"\" \/><\/li>\n<li class=\"lslide\" data-src=\"https:\/\/img.milli.az\/2021\/11\/11\/995105_05.jpg\" data-fancybox=\"995105\"><img src=\"https:\/\/img.milli.az\/2021\/11\/11\/995105_05.jpg\" alt=\"\" \/><\/li>\n<\/ul>\n<div class=\"lSAction\"><\/div>\n<\/div>\n<\/div>\n<div class=\"lSSlideOuter \">\n<div class=\"lSSlideWrapper usingCss\"><\/div>\n<\/div>\n<\/div>\n<p>&nbsp;<\/p>\n","protected":false},"excerpt":{"rendered":"<p>V\u00fcsal m\u0259nim ilk \u00f6vlad\u0131m, ilk sevincim idi. Atas\u0131n\u0131 itirdikd\u0259n sonra daya\u011f\u0131m oldu. V\u00fcsala \u00e7ox ba\u011fl\u0131 idim. Onu sentyabr\u0131n 21-d\u0259 yola sald\u0131m. Bir an g\u00f6rm\u0259y\u0259nd\u0259, s\u0259sini e\u015fitm\u0259y\u0259nd\u0259 nigaran qald\u0131\u011f\u0131m \u00f6vlad\u0131m\u0131n bir ild\u0259n \u00e7oxdur h\u0259sr\u0259tind\u0259y\u0259m. G\u00f6z\u00fcm yollarda, qula\u011f\u0131m s\u0259sd\u0259dir. Anlay\u0131ram ki, o bir daha g\u0259l\u0259 bilm\u0259y\u0259c\u0259k, ancaq m\u0259n onun g\u00f6r\u00fc\u015f\u00fcn\u0259 gedir\u0259m, son n\u0259f\u0259sim\u0259 q\u0259d\u0259r s\u0259bir edib qovu\u015faca\u011f\u0131m\u0131z g\u00fcn\u00fc g\u00f6zl\u0259yir\u0259m. ARANTV.AZ\u00a0 AZ\u018fRTAC-a istinad\u0259n bildirir ki, bunu V\u0259t\u0259n m\u00fcharib\u0259si \u015f\u0259hidi V\u00fcsal H\u0259s\u0259novun anas\u0131 M\u0259rif\u0259t H\u0259s\u0259nova deyib. \u015e\u0259hid anas\u0131 s\u00f6zl\u0259rin\u0259 bel\u0259 davam edib: &#8220;V\u00fcsal m\u0259nim d\u00f6rd o\u011flumdan b\u00f6y\u00fcy\u00fc idi. \u0130ki \u00f6vlad\u0131m azya\u015fl\u0131 olark\u0259n d\u00fcnyalar\u0131n\u0131 d\u0259yi\u015fdil\u0259r.&hellip;<\/p>\n","protected":false},"author":2,"featured_media":403956,"comment_status":"closed","ping_status":"closed","sticky":false,"template":"","format":"standard","meta":{"om_disable_all_campaigns":false,"_monsterinsights_skip_tracking":false,"_monsterinsights_sitenote_active":false,"_monsterinsights_sitenote_note":"","_monsterinsights_sitenote_category":0},"categories":[26],"tags":[],"aioseo_notices":[],"gutentor_comment":0,"rttpg_featured_image_url":{"full":["https:\/\/arantv.az\/wp-content\/uploads\/2021\/11\/995105.jpg",800,600,false],"landscape":["https:\/\/arantv.az\/wp-content\/uploads\/2021\/11\/995105.jpg",800,600,false],"portraits":["https:\/\/arantv.az\/wp-content\/uploads\/2021\/11\/995105.jpg",800,600,false],"thumbnail":["https:\/\/arantv.az\/wp-content\/uploads\/2021\/11\/995105-500x280.jpg",500,280,true],"medium":["https:\/\/arantv.az\/wp-content\/uploads\/2021\/11\/995105-487x365.jpg",487,365,true],"large":["https:\/\/arantv.az\/wp-content\/uploads\/2021\/11\/995105.jpg",640,480,false],"1536x1536":["https:\/\/arantv.az\/wp-content\/uploads\/2021\/11\/995105.jpg",800,600,false],"2048x2048":["https:\/\/arantv.az\/wp-content\/uploads\/2021\/11\/995105.jpg",800,600,false],"post-thumbnail":["https:\/\/arantv.az\/wp-content\/uploads\/2021\/11\/995105-240x172.jpg",240,172,true],"advps-thumb-one":["https:\/\/arantv.az\/wp-content\/uploads\/2021\/11\/995105.jpg",800,600,false]},"rttpg_author":{"display_name":"V\u00fcsal Rafiqo\u011flu","author_link":"https:\/\/arantv.az\/?author=2"},"rttpg_comment":0,"rttpg_category":"<a href=\"https:\/\/arantv.az\/?cat=26\" rel=\"category\">Sosial<\/a>","rttpg_excerpt":"V\u00fcsal m\u0259nim ilk \u00f6vlad\u0131m, ilk sevincim idi. Atas\u0131n\u0131 itirdikd\u0259n sonra daya\u011f\u0131m oldu. V\u00fcsala \u00e7ox ba\u011fl\u0131 idim. Onu sentyabr\u0131n 21-d\u0259 yola sald\u0131m. Bir an g\u00f6rm\u0259y\u0259nd\u0259, s\u0259sini e\u015fitm\u0259y\u0259nd\u0259 nigaran qald\u0131\u011f\u0131m \u00f6vlad\u0131m\u0131n bir ild\u0259n \u00e7oxdur h\u0259sr\u0259tind\u0259y\u0259m. G\u00f6z\u00fcm yollarda, qula\u011f\u0131m s\u0259sd\u0259dir. Anlay\u0131ram ki, o bir daha g\u0259l\u0259 bilm\u0259y\u0259c\u0259k, ancaq m\u0259n onun g\u00f6r\u00fc\u015f\u00fcn\u0259 gedir\u0259m, son n\u0259f\u0259sim\u0259 q\u0259d\u0259r s\u0259bir edib qovu\u015faca\u011f\u0131m\u0131z&hellip;","_links":{"self":[{"href":"https:\/\/arantv.az\/index.php?rest_route=\/wp\/v2\/posts\/403955"}],"collection":[{"href":"https:\/\/arantv.az\/index.php?rest_route=\/wp\/v2\/posts"}],"about":[{"href":"https:\/\/arantv.az\/index.php?rest_route=\/wp\/v2\/types\/post"}],"author":[{"embeddable":true,"href":"https:\/\/arantv.az\/index.php?rest_route=\/wp\/v2\/users\/2"}],"replies":[{"embeddable":true,"href":"https:\/\/arantv.az\/index.php?rest_route=%2Fwp%2Fv2%2Fcomments&post=403955"}],"version-history":[{"count":0,"href":"https:\/\/arantv.az\/index.php?rest_route=\/wp\/v2\/posts\/403955\/revisions"}],"wp:featuredmedia":[{"embeddable":true,"href":"https:\/\/arantv.az\/index.php?rest_route=\/wp\/v2\/media\/403956"}],"wp:attachment":[{"href":"https:\/\/arantv.az\/index.php?rest_route=%2Fwp%2Fv2%2Fmedia&parent=403955"}],"wp:term":[{"taxonomy":"category","embeddable":true,"href":"https:\/\/arantv.az\/index.php?rest_route=%2Fwp%2Fv2%2Fcategories&post=403955"},{"taxonomy":"post_tag","embeddable":true,"href":"https:\/\/arantv.az\/index.php?rest_route=%2Fwp%2Fv2%2Ftags&post=403955"}],"curies":[{"name":"wp","href":"https:\/\/api.w.org\/{rel}","templated":true}]}}