{"id":403962,"date":"2021-11-14T19:56:43","date_gmt":"2021-11-14T16:56:43","guid":{"rendered":"http:\/\/arantv.az\/?p=403962"},"modified":"2021-11-14T19:56:43","modified_gmt":"2021-11-14T16:56:43","slug":"az%c9%99rbaycan-prezidentinin-turk-dunyasinin-ali-ordeni-il%c9%99-t%c9%99ltif-edilm%c9%99si-abs-m%c9%99tbuatinin-da-diqq%c9%99t-m%c9%99rk%c9%99zind%c9%99-olub","status":"publish","type":"post","link":"https:\/\/arantv.az\/?p=403962","title":{"rendered":"Az\u0259rbaycan Prezidentinin \u201cT\u00fcrk D\u00fcnyas\u0131n\u0131n Ali Ordeni\u201d il\u0259 t\u0259ltif edilm\u0259si AB\u015e m\u0259tbuat\u0131n\u0131n da diqq\u0259t m\u0259rk\u0259zind\u0259 olub"},"content":{"rendered":"<p>Az\u0259rbaycan Prezidenti \u0130lham \u018fliyevin \u201cT\u00fcrk D\u00fcnyas\u0131n\u0131n Ali Ordeni\u201d il\u0259 t\u0259ltif olunmas\u0131 AB\u015e m\u0259tbuat\u0131n\u0131n da diqq\u0259t m\u0259rk\u0259zind\u0259 olub.<\/p>\n<p><img src=\"https:\/\/ikisahil.az\/upload\/\/2021\/11\/14\/\/-466accba163689894565371350410642985.jpg\" alt=\"\" \/><strong>ARANTV.AZ<\/strong>\u00a0 x\u0259b\u0259r verir ki, AB\u015e-\u0131n \u201cMedium.com\u201d portal\u0131nda, \u201cThe Washington Outsider News\u201d x\u0259b\u0259r agentliyinin sayt\u0131nda v\u0259 BMT-nin Nyu-Yorkdak\u0131 Ba\u015f q\u0259rargah\u0131nda f\u0259aliyy\u0259t g\u00f6st\u0259r\u0259n n\u00fcfuzlu \u201cTurkish Journal\u201d informasiya resursunda Ali Ordenin d\u00f6vl\u0259timizin ba\u015f\u00e7\u0131s\u0131na noyabr\u0131n 12-d\u0259 \u0130stanbulda ke\u00e7iril\u0259n T\u00fcrkdilli D\u00f6vl\u0259tl\u0259rin \u018fm\u0259kda\u015fl\u0131q \u015euras\u0131n\u0131n VIII Zirv\u0259 G\u00f6r\u00fc\u015f\u00fcnd\u0259 T\u00fcrkiy\u0259 Prezidenti R\u0259c\u0259b Tayyib \u018frdo\u011fan t\u0259r\u0259find\u0259n t\u0259qdim edilm\u0259si bar\u0259d\u0259 geni\u015f m\u0259qal\u0259l\u0259r d\u0259rc olunub.<\/p>\n<p>Yaz\u0131larda 44 g\u00fcnl\u00fck V\u0259t\u0259n m\u00fcharib\u0259si il\u0259 Az\u0259rbaycan\u0131n \u0259razi b\u00fct\u00f6vl\u00fcy\u00fcn\u00fc b\u0259rpa ed\u0259r\u0259k tarixi Z\u0259f\u0259rin qazan\u0131lmas\u0131nda m\u00fcst\u0259sna rol oynayan, bununla da t\u00fcrk birliyin\u0259 misilsiz xidm\u0259t etmi\u015f Prezident \u0130lham \u018fliyevin f\u0259aliyy\u0259tind\u0259n b\u0259hs olunur. D\u00f6vl\u0259timizin ba\u015f\u00e7\u0131s\u0131n\u0131n r\u0259hb\u0259rliyi il\u0259 30 ild\u0259n sonra Az\u0259rbaycan\u0131n torpaqlar\u0131n\u0131 i\u015f\u011faldan azad etm\u0259sinin t\u00fcrk d\u00fcnyas\u0131nda s\u00fclh\u00fcn v\u0259 \u0259dal\u0259tin b\u0259rq\u0259rar olunmas\u0131na z\u0259min yaratd\u0131\u011f\u0131 x\u00fcsusi vur\u011fulan\u0131r. Bununla yana\u015f\u0131, yaz\u0131larda qeyd olunur ki, d\u00f6vl\u0259timizin ba\u015f\u00e7\u0131s\u0131na t\u0259qdim olunan ali m\u00fckafatla ba\u011fl\u0131 q\u0259rar T\u00fcrkdilli \u00d6lk\u0259l\u0259rin D\u00f6vl\u0259t Ba\u015f\u00e7\u0131lar\u0131 \u015euras\u0131nda d\u00f6rd \u00f6lk\u0259 liderinin &#8211; T\u00fcrkiy\u0259 Respublikas\u0131n\u0131n Prezidenti R\u0259c\u0259b Tayyib \u018frdo\u011fan, Qazax\u0131stan Respublikas\u0131n\u0131n Prezidenti Kas\u0131m-Jomart Tokayev, Q\u0131r\u011f\u0131z Respublikas\u0131n\u0131n Prezidenti Sad\u0131r Japarov v\u0259 \u00d6zb\u0259kistan Respublikas\u0131n\u0131n Prezidenti \u015eavkat Mirziyoyevin imzas\u0131 il\u0259 q\u0259bul olunub.<\/p>\n<p>X\u0259b\u0259rl\u0259rd\u0259, eyni zamanda, Prezident R\u0259c\u0259b Tayyib \u018frdo\u011fan\u0131n Ali Ordeni Az\u0259rbaycan Prezidentin\u0259 t\u0259qdim ed\u0259n zaman s\u00f6yl\u0259diyi s\u00f6zl\u0259r d\u0259 oxuculara \u00e7atd\u0131r\u0131l\u0131b.<\/p>\n<p>Bundan ba\u015fqa, m\u0259qal\u0259l\u0259rd\u0259 T\u00fcrkdilli D\u00f6vl\u0259tl\u0259rin \u018fm\u0259kda\u015fl\u0131q \u015euras\u0131n\u0131n f\u0259aliyy\u0259ti, i\u015f prinsipl\u0259ri, bu g\u00fcn\u0259 q\u0259d\u0259r ke\u00e7iril\u0259n zirv\u0259 g\u00f6r\u00fc\u015fl\u0259ri v\u0259 q\u0259bul edil\u0259n q\u0259rarlar haqq\u0131nda m\u0259lumatlar yer al\u0131b.<\/p>\n<p>Qeyd ed\u0259k ki, x\u0259b\u0259rl\u0259r ingilis dilind\u0259 yay\u0131mlan\u0131b.<\/p>\n","protected":false},"excerpt":{"rendered":"<p>Az\u0259rbaycan Prezidenti \u0130lham \u018fliyevin \u201cT\u00fcrk D\u00fcnyas\u0131n\u0131n Ali Ordeni\u201d il\u0259 t\u0259ltif olunmas\u0131 AB\u015e m\u0259tbuat\u0131n\u0131n da diqq\u0259t m\u0259rk\u0259zind\u0259 olub. ARANTV.AZ\u00a0 x\u0259b\u0259r verir ki, AB\u015e-\u0131n \u201cMedium.com\u201d portal\u0131nda, \u201cThe Washington Outsider News\u201d x\u0259b\u0259r agentliyinin sayt\u0131nda v\u0259 BMT-nin Nyu-Yorkdak\u0131 Ba\u015f q\u0259rargah\u0131nda f\u0259aliyy\u0259t g\u00f6st\u0259r\u0259n n\u00fcfuzlu \u201cTurkish Journal\u201d informasiya resursunda Ali Ordenin d\u00f6vl\u0259timizin ba\u015f\u00e7\u0131s\u0131na noyabr\u0131n 12-d\u0259 \u0130stanbulda ke\u00e7iril\u0259n T\u00fcrkdilli D\u00f6vl\u0259tl\u0259rin \u018fm\u0259kda\u015fl\u0131q \u015euras\u0131n\u0131n VIII Zirv\u0259 G\u00f6r\u00fc\u015f\u00fcnd\u0259 T\u00fcrkiy\u0259 Prezidenti R\u0259c\u0259b Tayyib \u018frdo\u011fan t\u0259r\u0259find\u0259n t\u0259qdim edilm\u0259si bar\u0259d\u0259 geni\u015f m\u0259qal\u0259l\u0259r d\u0259rc olunub. Yaz\u0131larda 44 g\u00fcnl\u00fck V\u0259t\u0259n m\u00fcharib\u0259si il\u0259 Az\u0259rbaycan\u0131n \u0259razi b\u00fct\u00f6vl\u00fcy\u00fcn\u00fc b\u0259rpa ed\u0259r\u0259k tarixi Z\u0259f\u0259rin qazan\u0131lmas\u0131nda m\u00fcst\u0259sna rol oynayan, bununla da&hellip;<\/p>\n","protected":false},"author":2,"featured_media":403964,"comment_status":"closed","ping_status":"closed","sticky":false,"template":"","format":"standard","meta":{"om_disable_all_campaigns":false,"_monsterinsights_skip_tracking":false,"_monsterinsights_sitenote_active":false,"_monsterinsights_sitenote_note":"","_monsterinsights_sitenote_category":0},"categories":[4],"tags":[],"aioseo_notices":[],"gutentor_comment":0,"rttpg_featured_image_url":{"full":["https:\/\/arantv.az\/wp-content\/uploads\/2021\/11\/0a3df703163689892497576996710044004-1.jpg",975,540,false],"landscape":["https:\/\/arantv.az\/wp-content\/uploads\/2021\/11\/0a3df703163689892497576996710044004-1.jpg",975,540,false],"portraits":["https:\/\/arantv.az\/wp-content\/uploads\/2021\/11\/0a3df703163689892497576996710044004-1.jpg",975,540,false],"thumbnail":["https:\/\/arantv.az\/wp-content\/uploads\/2021\/11\/0a3df703163689892497576996710044004-1-500x280.jpg",500,280,true],"medium":["https:\/\/arantv.az\/wp-content\/uploads\/2021\/11\/0a3df703163689892497576996710044004-1-660x365.jpg",660,365,true],"large":["https:\/\/arantv.az\/wp-content\/uploads\/2021\/11\/0a3df703163689892497576996710044004-1-840x465.jpg",640,354,true],"1536x1536":["https:\/\/arantv.az\/wp-content\/uploads\/2021\/11\/0a3df703163689892497576996710044004-1.jpg",975,540,false],"2048x2048":["https:\/\/arantv.az\/wp-content\/uploads\/2021\/11\/0a3df703163689892497576996710044004-1.jpg",975,540,false],"post-thumbnail":["https:\/\/arantv.az\/wp-content\/uploads\/2021\/11\/0a3df703163689892497576996710044004-1-240x172.jpg",240,172,true],"advps-thumb-one":["https:\/\/arantv.az\/wp-content\/uploads\/2021\/11\/0a3df703163689892497576996710044004-1.jpg",975,540,false]},"rttpg_author":{"display_name":"V\u00fcsal Rafiqo\u011flu","author_link":"https:\/\/arantv.az\/?author=2"},"rttpg_comment":0,"rttpg_category":"<a href=\"https:\/\/arantv.az\/?cat=4\" rel=\"category\">Siyas\u0259t<\/a>","rttpg_excerpt":"Az\u0259rbaycan Prezidenti \u0130lham \u018fliyevin \u201cT\u00fcrk D\u00fcnyas\u0131n\u0131n Ali Ordeni\u201d il\u0259 t\u0259ltif olunmas\u0131 AB\u015e m\u0259tbuat\u0131n\u0131n da diqq\u0259t m\u0259rk\u0259zind\u0259 olub. ARANTV.AZ\u00a0 x\u0259b\u0259r verir ki, AB\u015e-\u0131n \u201cMedium.com\u201d portal\u0131nda, \u201cThe Washington Outsider News\u201d x\u0259b\u0259r agentliyinin sayt\u0131nda v\u0259 BMT-nin Nyu-Yorkdak\u0131 Ba\u015f q\u0259rargah\u0131nda f\u0259aliyy\u0259t g\u00f6st\u0259r\u0259n n\u00fcfuzlu \u201cTurkish Journal\u201d informasiya resursunda Ali Ordenin d\u00f6vl\u0259timizin ba\u015f\u00e7\u0131s\u0131na noyabr\u0131n 12-d\u0259 \u0130stanbulda ke\u00e7iril\u0259n T\u00fcrkdilli D\u00f6vl\u0259tl\u0259rin \u018fm\u0259kda\u015fl\u0131q \u015euras\u0131n\u0131n&hellip;","_links":{"self":[{"href":"https:\/\/arantv.az\/index.php?rest_route=\/wp\/v2\/posts\/403962"}],"collection":[{"href":"https:\/\/arantv.az\/index.php?rest_route=\/wp\/v2\/posts"}],"about":[{"href":"https:\/\/arantv.az\/index.php?rest_route=\/wp\/v2\/types\/post"}],"author":[{"embeddable":true,"href":"https:\/\/arantv.az\/index.php?rest_route=\/wp\/v2\/users\/2"}],"replies":[{"embeddable":true,"href":"https:\/\/arantv.az\/index.php?rest_route=%2Fwp%2Fv2%2Fcomments&post=403962"}],"version-history":[{"count":0,"href":"https:\/\/arantv.az\/index.php?rest_route=\/wp\/v2\/posts\/403962\/revisions"}],"wp:featuredmedia":[{"embeddable":true,"href":"https:\/\/arantv.az\/index.php?rest_route=\/wp\/v2\/media\/403964"}],"wp:attachment":[{"href":"https:\/\/arantv.az\/index.php?rest_route=%2Fwp%2Fv2%2Fmedia&parent=403962"}],"wp:term":[{"taxonomy":"category","embeddable":true,"href":"https:\/\/arantv.az\/index.php?rest_route=%2Fwp%2Fv2%2Fcategories&post=403962"},{"taxonomy":"post_tag","embeddable":true,"href":"https:\/\/arantv.az\/index.php?rest_route=%2Fwp%2Fv2%2Ftags&post=403962"}],"curies":[{"name":"wp","href":"https:\/\/api.w.org\/{rel}","templated":true}]}}