{"id":403969,"date":"2021-11-14T19:58:59","date_gmt":"2021-11-14T16:58:59","guid":{"rendered":"http:\/\/arantv.az\/?p=403969"},"modified":"2021-11-14T19:58:59","modified_gmt":"2021-11-14T16:58:59","slug":"az%c9%99rbaycan-erm%c9%99nistanla-s%c9%99rh%c9%99dini-mohk%c9%99ml%c9%99ndirir-erm%c9%99nil%c9%99r-prosesi-h%c9%99y%c9%99canla-izl%c9%99yirl%c9%99r-video","status":"publish","type":"post","link":"https:\/\/arantv.az\/?p=403969","title":{"rendered":"Az\u0259rbaycan Erm\u0259nistanla s\u0259rh\u0259dini m\u00f6hk\u0259ml\u0259ndirir &#8211; erm\u0259nil\u0259r prosesi h\u0259y\u0259canla izl\u0259yirl\u0259r &#8211; V\u0130DEO"},"content":{"rendered":"<p>Erm\u0259nil\u0259rin h\u0259r c\u00fcr t\u0259xribatlar\u0131na r\u0259\u011fm\u0259n Az\u0259rbaycan \u00f6z s\u0259rh\u0259dl\u0259rind\u0259 m\u00f6hk\u0259ml\u0259nm\u0259kd\u0259 v\u0259 s\u0259rh\u0259dl\u0259rini qorumaqda israrl\u0131d\u0131r. El\u0259 Erm\u0259nistan medias\u0131 da s\u0259rh\u0259dd\u0259n haz\u0131rlad\u0131\u011f\u0131\u00a0<a title=\"xeberler son xeberler 2021\" href=\"https:\/\/big.az\/\" target=\"_blank\" rel=\"noopener\">x\u0259b\u0259rl\u0259rd\u0259<\/a>\u00a0bunu t\u0259sdiql\u0259yir.<\/p>\n<p>Erm\u0259nistan medias\u0131n\u0131n haz\u0131rlad\u0131\u011f\u0131 reportajda bildirilir ki, \u00c7akaten k\u0259ndi Gorus-Qafan yolunun \u00fcz\u0259rind\u0259 yerl\u0259\u015fir v\u0259 b\u0259lli oldu\u011fu kimi, \u00f6t\u0259n ilin dekabr\u0131ndan etibar\u0259n h\u0259min yolun bir hiss\u0259si Az\u0259rbaycan\u0131n n\u0259zar\u0259tin\u0259 ke\u00e7ib. Bir ne\u00e7\u0259 g\u00fcn \u0259vv\u0259l is\u0259 Az\u0259rbaycan t\u0259r\u0259fi yolun Qubadl\u0131n\u0131n Eyvazl\u0131 v\u0259 \u00c7ayz\u0259mi k\u0259ndl\u0259ri aras\u0131ndan ke\u00e7\u0259n hiss\u0259sind\u0259 g\u00f6mr\u00fck-s\u0259rh\u0259d n\u0259zar\u0259ti t\u0259tbiq edib, n\u0259tic\u0259d\u0259 Erm\u0259nistan v\u0259t\u0259nda\u015flar\u0131 art\u0131q bu yoldan istifad\u0259 ed\u0259 bilmirl\u0259r. V\u0259 Tatev k\u0259ndind\u0259n ke\u00e7\u0259n alternativ, h\u0259l\u0259 haz\u0131r olmayan v\u0259 ya\u011f\u0131\u015fl\u0131-qarl\u0131 havalarda ke\u00e7ilm\u0259z da\u011f yoluna istiqam\u0259tl\u0259nibl\u0259r. O c\u00fcml\u0259d\u0259n, Erm\u0259nistana y\u00fck da\u015f\u0131yan \u0130ran TIR-lar\u0131n\u0131n bir qismi bu yoldan istifad\u0259 edir v\u0259 tez-tez q\u0259zalar ba\u015f verir.<\/p>\n<div id=\"AdviadNativeVideo0\" class=\"AdviadNativeVideo\"><\/div>\n<p>Gorus-Qafan yolu h\u0259m d\u0259 qism\u0259n Z\u0259ngilan rayonu \u0259razisind\u0259n ke\u00e7ir v\u0259 \u00c7akaten k\u0259ndinin sakinl\u0259ri Qafana getm\u0259k \u00fc\u00e7\u00fcn bu yoldan istifad\u0259 edirl\u0259r. K\u0259ndin administrasiyas\u0131n\u0131n ke\u00e7mi\u015f r\u0259hb\u0259ri Ara Abramyan az\u0259rbaycanl\u0131lar\u0131n yolun \u00fcz\u0259rind\u0259 vaqon yerl\u0259\u015fdirdikl\u0259rini t\u0259kzib etm\u0259yib. Amma deyib ki, Az\u0259rbaycan t\u0259r\u0259finin m\u0259hz n\u0259 qura\u015fd\u0131rd\u0131\u011f\u0131n\u0131 bilmir. &#8220;Onlar n\u0259s\u0259 qaz\u0131rlar, kran g\u0259tiribl\u0259r v\u0259 hans\u0131sa i\u015fl\u0259ri yerin\u0259 yetirirl\u0259r, amma bilmir\u0259m ki, m\u0259hz n\u0259 edirl\u0259r&#8221;, &#8211; o bildirib.<\/p>\n<p>Abramyan deyib ki, Az\u0259rbaycan t\u0259r\u0259fi \u00c7akatend\u0259n Qafana aparan yegan\u0259 yolun \u00fcst\u00fcnd\u0259 vaqon yerl\u0259\u015fdiribl\u0259r v\u0259 \u0259g\u0259r onlar yolu ba\u011flasalar k\u0259nd blokadada qalacaq.<\/p>\n<p>Z\u0259ng\u0259zurun erm\u0259nil\u0259rin indi Nerkin Hand adland\u0131rd\u0131\u011f\u0131 k\u0259ndinin r\u0259hb\u0259ri Xa\u00e7atur Baqdasaryan da Az\u0259rbaycan h\u0259rb\u00e7il\u0259rinin \u00c7akaten-Qafan yolunda olduqlar\u0131n\u0131 t\u0259sdiq edib. Onun s\u00f6zl\u0259rin\u0259 g\u00f6r\u0259, az\u0259rbaycanl\u0131lar g\u00fcn \u0259rzind\u0259 k\u0259ndin 3-4 kilometrliyind\u0259 intensiv i\u015f g\u00f6r\u00fcbl\u0259r, Baqdasaryan t\u0259xmin edir ki, bu i\u015fl\u0259r g\u00f6mr\u00fck m\u0259nt\u0259q\u0259sinin qurulmas\u0131 \u00fc\u00e7\u00fcnd\u00fcr. &#8220;Onlar a\u011faclar\u0131 k\u0259sibl\u0259r, yolu t\u0259mizl\u0259yibl\u0259r. Yolda m\u0259n bir-iki az\u0259rbaycanl\u0131 g\u00f6rd\u00fcm, amma he\u00e7 kim bizi dayand\u0131rmad\u0131&#8221;, &#8211; dey\u0259 o bildirib.<\/p>\n<p>Baqdasaryan deyib ki, \u0259g\u0259r yol ba\u011flansa onun h\u0259mk\u0259ndlil\u0259rinin d\u0259 vilay\u0259t boyu h\u0259r\u0259k\u0259ti \u00e7\u0259tinl\u0259\u015f\u0259c\u0259k. K\u0259nd sakinl\u0259ri Mehrid\u0259n ke\u00e7ib ged\u0259 bil\u0259rl\u0259r, amma bu yol y\u00fcz kilometr daha uzundur. Alternativ yol is\u0259 indi ke\u00e7ilm\u0259zdir, bu yolla ancaq C\u0130P-l\u0259r ged\u0259 bil\u0259r.<\/p>\n<p>\u00c7akaten k\u0259ndi Nerkin Hand k\u0259ndi il\u0259 Qafan aras\u0131nda yerl\u0259\u015fir, h\u0259r iki k\u0259ndi Qafanla indi Az\u0259rbaycan\u0131n n\u0259zar\u0259tind\u0259 olan yol birl\u0259\u015fdirir.<\/p>\n<p>Qeyd ed\u0259k ki, Az\u0259rbaycan t\u0259r\u0259fi \u00f6t\u0259n ilin dekabr\u0131ndan etibar\u0259n onun suveren \u0259razil\u0259rind\u0259n ke\u00e7\u0259n Gorus-Qafan yolu il\u0259 Erm\u0259nistan v\u0259t\u0259nda\u015flar\u0131n\u0131n h\u0259r\u0259k\u0259tin\u0259 imkan yaratm\u0131\u015fd\u0131. Lakin erm\u0259ni t\u0259r\u0259fi Z\u0259ng\u0259zur d\u0259hlizinin a\u00e7\u0131lmas\u0131n\u0131 m\u00fcxt\u0259lif b\u0259han\u0259l\u0259rl\u0259 l\u0259ngitm\u0259y\u0259 \u00e7al\u0131\u015fd\u0131\u011f\u0131 \u00fc\u00e7\u00fcn Az\u0259rbaycan t\u0259r\u0259fi \u00f6z suveren h\u00fcquqlar\u0131ndan istifad\u0259 ed\u0259r\u0259k yolun \u00f6z \u0259razisind\u0259n ke\u00e7\u0259n hiss\u0259sind\u0259 g\u00f6mr\u00fck-s\u0259rh\u0259d n\u0259zar\u0259ti t\u0259tbiq etm\u0259y\u0259 q\u0259rar verib.<\/p>\n<p>Xezerxeber.az m\u00f6vzu il\u0259 ba\u011fl\u0131 daha \u0259trafl\u0131 videomaterial\u0131 t\u0259qdim edir:<\/p>\n<div class=\"embed-responsive embed-responsive-16by9\"><iframe loading=\"lazy\" id=\"nmqembedid\" class=\"embed-responsive-item\" title=\"video player\" src=\"https:\/\/izle.az\/embed\/qyyxDUusjMoyLs6O0C0GAA~~\" width=\"600\" height=\"340\" frameborder=\"0\" scrolling=\"no\" allowfullscreen=\"allowfullscreen\" data-mce-fragment=\"1\"><\/iframe><\/div>\n","protected":false},"excerpt":{"rendered":"<p>Erm\u0259nil\u0259rin h\u0259r c\u00fcr t\u0259xribatlar\u0131na r\u0259\u011fm\u0259n Az\u0259rbaycan \u00f6z s\u0259rh\u0259dl\u0259rind\u0259 m\u00f6hk\u0259ml\u0259nm\u0259kd\u0259 v\u0259 s\u0259rh\u0259dl\u0259rini qorumaqda israrl\u0131d\u0131r. El\u0259 Erm\u0259nistan medias\u0131 da s\u0259rh\u0259dd\u0259n haz\u0131rlad\u0131\u011f\u0131\u00a0x\u0259b\u0259rl\u0259rd\u0259\u00a0bunu t\u0259sdiql\u0259yir. Erm\u0259nistan medias\u0131n\u0131n haz\u0131rlad\u0131\u011f\u0131 reportajda bildirilir ki, \u00c7akaten k\u0259ndi Gorus-Qafan yolunun \u00fcz\u0259rind\u0259 yerl\u0259\u015fir v\u0259 b\u0259lli oldu\u011fu kimi, \u00f6t\u0259n ilin dekabr\u0131ndan etibar\u0259n h\u0259min yolun bir hiss\u0259si Az\u0259rbaycan\u0131n n\u0259zar\u0259tin\u0259 ke\u00e7ib. Bir ne\u00e7\u0259 g\u00fcn \u0259vv\u0259l is\u0259 Az\u0259rbaycan t\u0259r\u0259fi yolun Qubadl\u0131n\u0131n Eyvazl\u0131 v\u0259 \u00c7ayz\u0259mi k\u0259ndl\u0259ri aras\u0131ndan ke\u00e7\u0259n hiss\u0259sind\u0259 g\u00f6mr\u00fck-s\u0259rh\u0259d n\u0259zar\u0259ti t\u0259tbiq edib, n\u0259tic\u0259d\u0259 Erm\u0259nistan v\u0259t\u0259nda\u015flar\u0131 art\u0131q bu yoldan istifad\u0259 ed\u0259 bilmirl\u0259r. V\u0259 Tatev k\u0259ndind\u0259n ke\u00e7\u0259n alternativ, h\u0259l\u0259 haz\u0131r olmayan v\u0259 ya\u011f\u0131\u015fl\u0131-qarl\u0131 havalarda ke\u00e7ilm\u0259z da\u011f yoluna&hellip;<\/p>\n","protected":false},"author":2,"featured_media":403970,"comment_status":"closed","ping_status":"closed","sticky":false,"template":"","format":"standard","meta":{"om_disable_all_campaigns":false,"_monsterinsights_skip_tracking":false,"_monsterinsights_sitenote_active":false,"_monsterinsights_sitenote_note":"","_monsterinsights_sitenote_category":0},"categories":[10],"tags":[],"aioseo_notices":[],"gutentor_comment":0,"rttpg_featured_image_url":{"full":["https:\/\/arantv.az\/wp-content\/uploads\/2021\/11\/Snimok_61636907523.png",649,345,false],"landscape":["https:\/\/arantv.az\/wp-content\/uploads\/2021\/11\/Snimok_61636907523.png",649,345,false],"portraits":["https:\/\/arantv.az\/wp-content\/uploads\/2021\/11\/Snimok_61636907523.png",649,345,false],"thumbnail":["https:\/\/arantv.az\/wp-content\/uploads\/2021\/11\/Snimok_61636907523-500x280.png",500,280,true],"medium":["https:\/\/arantv.az\/wp-content\/uploads\/2021\/11\/Snimok_61636907523.png",649,345,false],"large":["https:\/\/arantv.az\/wp-content\/uploads\/2021\/11\/Snimok_61636907523.png",640,340,false],"1536x1536":["https:\/\/arantv.az\/wp-content\/uploads\/2021\/11\/Snimok_61636907523.png",649,345,false],"2048x2048":["https:\/\/arantv.az\/wp-content\/uploads\/2021\/11\/Snimok_61636907523.png",649,345,false],"post-thumbnail":["https:\/\/arantv.az\/wp-content\/uploads\/2021\/11\/Snimok_61636907523-240x172.png",240,172,true],"advps-thumb-one":["https:\/\/arantv.az\/wp-content\/uploads\/2021\/11\/Snimok_61636907523.png",649,345,false]},"rttpg_author":{"display_name":"V\u00fcsal Rafiqo\u011flu","author_link":"https:\/\/arantv.az\/?author=2"},"rttpg_comment":0,"rttpg_category":"<a href=\"https:\/\/arantv.az\/?cat=10\" rel=\"category\">C\u0259bh\u0259d\u0259n X\u0259b\u0259r<\/a>","rttpg_excerpt":"Erm\u0259nil\u0259rin h\u0259r c\u00fcr t\u0259xribatlar\u0131na r\u0259\u011fm\u0259n Az\u0259rbaycan \u00f6z s\u0259rh\u0259dl\u0259rind\u0259 m\u00f6hk\u0259ml\u0259nm\u0259kd\u0259 v\u0259 s\u0259rh\u0259dl\u0259rini qorumaqda israrl\u0131d\u0131r. El\u0259 Erm\u0259nistan medias\u0131 da s\u0259rh\u0259dd\u0259n haz\u0131rlad\u0131\u011f\u0131\u00a0x\u0259b\u0259rl\u0259rd\u0259\u00a0bunu t\u0259sdiql\u0259yir. Erm\u0259nistan medias\u0131n\u0131n haz\u0131rlad\u0131\u011f\u0131 reportajda bildirilir ki, \u00c7akaten k\u0259ndi Gorus-Qafan yolunun \u00fcz\u0259rind\u0259 yerl\u0259\u015fir v\u0259 b\u0259lli oldu\u011fu kimi, \u00f6t\u0259n ilin dekabr\u0131ndan etibar\u0259n h\u0259min yolun bir hiss\u0259si Az\u0259rbaycan\u0131n n\u0259zar\u0259tin\u0259 ke\u00e7ib. Bir ne\u00e7\u0259 g\u00fcn \u0259vv\u0259l is\u0259 Az\u0259rbaycan t\u0259r\u0259fi yolun&hellip;","_links":{"self":[{"href":"https:\/\/arantv.az\/index.php?rest_route=\/wp\/v2\/posts\/403969"}],"collection":[{"href":"https:\/\/arantv.az\/index.php?rest_route=\/wp\/v2\/posts"}],"about":[{"href":"https:\/\/arantv.az\/index.php?rest_route=\/wp\/v2\/types\/post"}],"author":[{"embeddable":true,"href":"https:\/\/arantv.az\/index.php?rest_route=\/wp\/v2\/users\/2"}],"replies":[{"embeddable":true,"href":"https:\/\/arantv.az\/index.php?rest_route=%2Fwp%2Fv2%2Fcomments&post=403969"}],"version-history":[{"count":0,"href":"https:\/\/arantv.az\/index.php?rest_route=\/wp\/v2\/posts\/403969\/revisions"}],"wp:featuredmedia":[{"embeddable":true,"href":"https:\/\/arantv.az\/index.php?rest_route=\/wp\/v2\/media\/403970"}],"wp:attachment":[{"href":"https:\/\/arantv.az\/index.php?rest_route=%2Fwp%2Fv2%2Fmedia&parent=403969"}],"wp:term":[{"taxonomy":"category","embeddable":true,"href":"https:\/\/arantv.az\/index.php?rest_route=%2Fwp%2Fv2%2Fcategories&post=403969"},{"taxonomy":"post_tag","embeddable":true,"href":"https:\/\/arantv.az\/index.php?rest_route=%2Fwp%2Fv2%2Ftags&post=403969"}],"curies":[{"name":"wp","href":"https:\/\/api.w.org\/{rel}","templated":true}]}}