{"id":403977,"date":"2021-11-14T20:02:31","date_gmt":"2021-11-14T17:02:31","guid":{"rendered":"http:\/\/arantv.az\/?p=403977"},"modified":"2021-11-14T20:02:31","modified_gmt":"2021-11-14T17:02:31","slug":"atasini-erm%c9%99nil%c9%99r-oldurdu-qardasi-repressiya-olundu-oglu-onu-ill%c9%99rl%c9%99-aldatdi-gulm%c9%99kd%c9%99n-ol%c9%99n-boyuk-aktyorumuz","status":"publish","type":"post","link":"https:\/\/arantv.az\/?p=403977","title":{"rendered":"Atas\u0131n\u0131 erm\u0259nil\u0259r \u00f6ld\u00fcrd\u00fc, qarda\u015f\u0131 repressiya olundu, o\u011flu onu ill\u0259rl\u0259 aldatd\u0131 &#8211; G\u00fclm\u0259kd\u0259n \u00f6l\u0259n b\u00f6y\u00fck aktyorumuz"},"content":{"rendered":"<div class=\"full-post-desc\"><strong>ARANTV.AZ<\/strong>\u00a0 Kulis.az-a istinadla g\u00f6rk\u0259mli g\u00fcl\u00fc\u015f ustas\u0131, Xalq artisti \u018flia\u011fa A\u011fayev haqq\u0131nda maraql\u0131 faktlar\u0131 t\u0259qdim edir.<\/div>\n<div class=\"full-post-article\">\n<p>\u018flia\u011fa A\u011fayev 1913-c\u00fc ild\u0259 Bak\u0131da anadan olub.<\/p>\n<p>***<\/p>\n<p>Atas\u0131 Qazax rayonundan, anas\u0131 is\u0259 Tiflisd\u0259n olan \u018flia\u011fa A\u011fayev anas\u0131n\u0131 2 ya\u015f\u0131nda olanda itirib. Onun 5 ya\u015f\u0131 olanda atas\u0131 erm\u0259nil\u0259r t\u0259r\u0259find\u0259n q\u0259tl\u0259 yetirilir.<\/p>\n<p>***<\/p>\n<p>Ail\u0259d\u0259 \u00fc\u00e7 qarda\u015f olublar. Qarda\u015flar\u0131ndan biri, Mirz\u0259a\u011fa 1937-d\u0259 ild\u0259 repressiyaya u\u011fray\u0131b.<\/p>\n<p>***<\/p>\n<p>Valideynl\u0259rini erk\u0259n ya\u015flar\u0131nda itir\u0259n \u018flia\u011fa 7-ci sinfi bitir\u0259n kimi g\u0259mi t\u0259miri zavodunda \u00e7iling\u0259r kimi i\u015f\u0259 d\u00fcz\u0259lir ki, \u00e7\u00f6r\u0259kpulu qazans\u0131n. Eyni vaxtda zavodun dram d\u0259rn\u0259yin\u0259 d\u0259 yaz\u0131l\u0131r.<\/p>\n<p><img src=\"https:\/\/ssl.olke.az\/file\/articles\/2021\/11\/14\/1636884802_1596095921838_pgsbdxn7.jpeg\" alt=\"\" \/><\/p>\n<p>S\u0259hn\u0259d\u0259 t\u0259r\u0259f-m\u00fcqabili olan g\u0259nc aktrisa C\u0259vahir \u0130sg\u0259nd\u0259rova il\u0259 ail\u0259 h\u0259yat\u0131 qurub. Onlar\u0131n m\u00fcnasib\u0259tind\u0259n x\u0259b\u0259r tutan A\u011fadada\u015f Qurbanov bir g\u00fcn \u018flia\u011fan\u0131 yan\u0131na \u00e7a\u011f\u0131r\u0131r. Deyir, bu q\u0131z m\u0259nim teatr truppamda yeti\u015fib, bu teatr\u0131n s\u0259hn\u0259sin\u0259 \u00e7\u0131x\u0131b: \u201cM\u0259n\u0259 \u00f6z balam kimi \u0259zizdir, s\u0259n d\u0259 yax\u015f\u0131 o\u011flansan, ona qar\u015f\u0131 m\u00fcnasib\u0259tin \u00fcr\u0259kd\u0259n deyils\u0259 uzaqla\u015f, \u00fcr\u0259kd\u0259ndirs\u0259, gecikm\u0259, yax\u0131nla\u015f\u201d.<\/p>\n<p>***<\/p>\n<p>Oynad\u0131\u011f\u0131 \u201cHac\u0131 Qara\u201d tama\u015fas\u0131na baxan Mirc\u0259f\u0259r Ba\u011f\u0131rov tama\u015fadan sonra onu yan\u0131na \u00e7a\u011f\u0131rtd\u0131r\u0131r. Oynad\u0131\u011f\u0131 obraza g\u00f6r\u0259 heyranl\u0131\u011f\u0131n\u0131 ifad\u0259 edir. Ondan f\u0259xri ad al\u0131b-almad\u0131\u011f\u0131n\u0131 soru\u015fur. Bir m\u00fcdd\u0259t sonra \u018flia\u011fa A\u011fayev\u0259 \u201c\u018fm\u0259kdar artist\u201d f\u0259xri ad\u0131 verilib.<\/p>\n<p>***<\/p>\n<p>G\u0259nc Tama\u015fa\u00e7\u0131lar Teatr\u0131nda ilk v\u0259 o vaxtlar yegan\u0259 Xalq artisti \u018flia\u011fa A\u011fayev olub.<\/p>\n<p>***<\/p>\n<p>\u018flia\u011fa A\u011fayev SSR\u0130 Xalq artisti f\u0259xri ad\u0131ndan imtina edib. Bu ada g\u00f6r\u0259 aktyora Kommunist Partiyas\u0131na ke\u00e7m\u0259si t\u0259klif olunub. Lakin o, he\u00e7 bir partiyaya \u00fczv olmaq ist\u0259m\u0259yib.<\/p>\n<p>***<\/p>\n<p>Aktyorla birg\u0259 xeyli tama\u015falar haz\u0131rlayan rejissor A\u011faki\u015fi Kaz\u0131mov xat\u0131rlay\u0131r ki, bir d\u0259f\u0259 \u0130raqda qastrol zaman\u0131 \u018flia\u011fa bazarda itib: \u201cDedil\u0259r, bu, harada ola bil\u0259r? H\u0259rl\u0259ndim bazar\u0131, g\u00f6rd\u00fcm, bir yerd\u0259n s\u0259si g\u0259lir. Baxd\u0131m ki, \u0259fqanlar y\u0131\u011f\u0131l\u0131b onun ba\u015f\u0131na, qaba\u011f\u0131nda da ba\u011flama var. Dedim, bu n\u0259dir g\u0259tirmis\u0259n? Dedi, tan\u0131d\u0131lar ki, M\u0259\u015f\u0259di \u0130bad\u0131 oynayanam, m\u0259n\u0259 k\u00fcrk verdil\u0259r&#8221;.<\/p>\n<p><img src=\"https:\/\/ssl.olke.az\/file\/articles\/2021\/11\/14\/1636884783_1596095753783_30vteqqw.jpeg\" alt=\"\" \/><\/p>\n<p>\u018flia\u011fa A\u011fayev M\u0259\u015f\u0259di \u0130bad\u0131 oynayanda qara, gur sa\u00e7lar\u0131 olub. Film t\u0259bii al\u0131ns\u0131n dey\u0259 \u00f6z\u00fc sa\u00e7lar\u0131n\u0131 dibind\u0259n q\u0131rxd\u0131r\u0131b.<\/p>\n<p>***<\/p>\n<p>\u00c7ox g\u00fccl\u00fc hafiz\u0259si olub \u018flia\u011fa A\u011fayevin. Rolun s\u00f6zl\u0259rini birc\u0259 d\u0259f\u0259 oxuma\u011f\u0131 b\u0259s edirmi\u015f ki, \u00e7a\u015fmadan, zaman\u0131nda dey\u0259 bilsin.<\/p>\n<p>***<\/p>\n<p>Quran\u0131 o d\u0259r\u0259c\u0259d\u0259 yax\u015f\u0131 bilirmi\u015f ki, yas m\u0259clisl\u0259rind\u0259 mollalara s\u0259hv tuturmu\u015f ki, bu yerini d\u00fcz oxumad\u0131n.<\/p>\n<p>***<\/p>\n<p>\u0130ki o\u011flu bir q\u0131z\u0131 olub. \u00d6vladlar\u0131ndan he\u00e7 birinin onun yolunu davam etdirm\u0259sini ist\u0259m\u0259yib. Ancaq o\u011flu Vaqif ondan gizlin ovaxtk\u0131 \u0130nc\u0259s\u0259n\u0259t \u0130nstitutunun rejissorluq fak\u00fclt\u0259sin\u0259 q\u0259bul olunma\u011f\u0131 bacar\u0131b. H\u0259r il atas\u0131na \u201cPolitexnik\u201d\u0259 haz\u0131rla\u015f\u0131ram\u201d dey\u0259 yalan satan Vaqif A\u011fayev yaln\u0131z diplomunu alandan sonra onu atas\u0131na g\u00f6st\u0259rib h\u0259qiq\u0259ti etiraf etmi\u015fdi.<\/p>\n<p>***<\/p>\n<p>Sonuncu \u00e7\u0259kildiyi film olan \u201cEvl\u0259nm\u0259k ist\u0259yir\u0259m\u201din \u00e7\u0259kili\u015fl\u0259ri zaman\u0131 \u018flia\u011fa A\u011fayevin s\u0259hh\u0259tind\u0259 nasazl\u0131q olub. Filmin rejissoru Cahangir Mehdiyev dan\u0131\u015f\u0131r ki, biz onu q\u0131zd\u0131rman\u0131n i\u00e7ind\u0259 \u00e7\u0259kdik: \u201cDedim, \u00e7\u0259kili\u015fi t\u0259xir\u0259 salaq, siz\u0259 ziyan\u0131 d\u0259y\u0259 bil\u0259r, raz\u0131la\u015fmad\u0131. H\u0259kim \u00e7a\u011f\u0131r\u0131b iyn\u0259 vurdular, temperaturu bir az d\u00fc\u015fd\u00fc, \u00e7\u0259kdik, \u00e7\u0259kili\u015fd\u0259n sonra t\u0259cili yard\u0131mla getdi\u201d.<\/p>\n<p><img src=\"https:\/\/ssl.olke.az\/file\/articles\/2021\/11\/14\/1636884755_1596095758609_iwmrobpx.jpeg\" alt=\"\" \/><\/p>\n<p>\u0130ctimai n\u0259qliyyatla gedib-g\u0259lirdi ki, ar\u0131qlas\u0131n.<\/p>\n<p>***<\/p>\n<p>1983-c\u00fc il noyabr ay\u0131n\u0131n 3-d\u0259 70 illik yubileyi \u0259r\u0259f\u0259sind\u0259 dostlar\u0131 il\u0259 kafed\u0259 oturub yeyib-i\u00e7\u0259n zaman dan\u0131\u015fd\u0131\u011f\u0131 l\u0259tif\u0259y\u0259 nec\u0259 \u00fcr\u0259kd\u0259n g\u00fcl\u00fcbs\u0259, \u00fcr\u0259k damarlar\u0131 partlay\u0131b v\u0259 aktyor el\u0259 g\u00fcld\u00fcy\u00fc yerd\u0259c\u0259 d\u00fcnyas\u0131n\u0131 d\u0259yi\u015fib. H\u0259tta onun bu ani \u00f6l\u00fcm\u00fcn\u00fc dostlar\u0131 \u018flia\u011fan\u0131n n\u00f6vb\u0259ti zarafat\u0131 hesab edibl\u0259r, \u0259vv\u0259l inanmay\u0131blar. Sonra g\u00f6r\u00fcbl\u0259r, do\u011frudan da d\u00fcnyas\u0131n\u0131 d\u0259yi\u015fib.<\/p>\n<p><img src=\"https:\/\/ssl.olke.az\/file\/articles\/2021\/11\/14\/1636884775_1596095972180_w2gipg7m.jpeg\" alt=\"\" \/><\/p>\n<\/div>\n","protected":false},"excerpt":{"rendered":"<p>ARANTV.AZ\u00a0 Kulis.az-a istinadla g\u00f6rk\u0259mli g\u00fcl\u00fc\u015f ustas\u0131, Xalq artisti \u018flia\u011fa A\u011fayev haqq\u0131nda maraql\u0131 faktlar\u0131 t\u0259qdim edir. \u018flia\u011fa A\u011fayev 1913-c\u00fc ild\u0259 Bak\u0131da anadan olub. *** Atas\u0131 Qazax rayonundan, anas\u0131 is\u0259 Tiflisd\u0259n olan \u018flia\u011fa A\u011fayev anas\u0131n\u0131 2 ya\u015f\u0131nda olanda itirib. Onun 5 ya\u015f\u0131 olanda atas\u0131 erm\u0259nil\u0259r t\u0259r\u0259find\u0259n q\u0259tl\u0259 yetirilir. *** Ail\u0259d\u0259 \u00fc\u00e7 qarda\u015f olublar. Qarda\u015flar\u0131ndan biri, Mirz\u0259a\u011fa 1937-d\u0259 ild\u0259 repressiyaya u\u011fray\u0131b. *** Valideynl\u0259rini erk\u0259n ya\u015flar\u0131nda itir\u0259n \u018flia\u011fa 7-ci sinfi bitir\u0259n kimi g\u0259mi t\u0259miri zavodunda \u00e7iling\u0259r kimi i\u015f\u0259 d\u00fcz\u0259lir ki, \u00e7\u00f6r\u0259kpulu qazans\u0131n. Eyni vaxtda zavodun dram d\u0259rn\u0259yin\u0259 d\u0259 yaz\u0131l\u0131r. S\u0259hn\u0259d\u0259 t\u0259r\u0259f-m\u00fcqabili olan g\u0259nc aktrisa&hellip;<\/p>\n","protected":false},"author":2,"featured_media":403978,"comment_status":"closed","ping_status":"closed","sticky":false,"template":"","format":"standard","meta":{"om_disable_all_campaigns":false,"_monsterinsights_skip_tracking":false,"_monsterinsights_sitenote_active":false,"_monsterinsights_sitenote_note":"","_monsterinsights_sitenote_category":0},"categories":[26],"tags":[],"aioseo_notices":[],"gutentor_comment":0,"rttpg_featured_image_url":{"full":["https:\/\/arantv.az\/wp-content\/uploads\/2021\/11\/1636884738_dvvdvdvdv.jpg",770,415,false],"landscape":["https:\/\/arantv.az\/wp-content\/uploads\/2021\/11\/1636884738_dvvdvdvdv.jpg",770,415,false],"portraits":["https:\/\/arantv.az\/wp-content\/uploads\/2021\/11\/1636884738_dvvdvdvdv.jpg",770,415,false],"thumbnail":["https:\/\/arantv.az\/wp-content\/uploads\/2021\/11\/1636884738_dvvdvdvdv-500x280.jpg",500,280,true],"medium":["https:\/\/arantv.az\/wp-content\/uploads\/2021\/11\/1636884738_dvvdvdvdv-660x356.jpg",660,356,true],"large":["https:\/\/arantv.az\/wp-content\/uploads\/2021\/11\/1636884738_dvvdvdvdv.jpg",640,345,false],"1536x1536":["https:\/\/arantv.az\/wp-content\/uploads\/2021\/11\/1636884738_dvvdvdvdv.jpg",770,415,false],"2048x2048":["https:\/\/arantv.az\/wp-content\/uploads\/2021\/11\/1636884738_dvvdvdvdv.jpg",770,415,false],"post-thumbnail":["https:\/\/arantv.az\/wp-content\/uploads\/2021\/11\/1636884738_dvvdvdvdv-240x172.jpg",240,172,true],"advps-thumb-one":["https:\/\/arantv.az\/wp-content\/uploads\/2021\/11\/1636884738_dvvdvdvdv.jpg",770,415,false]},"rttpg_author":{"display_name":"V\u00fcsal Rafiqo\u011flu","author_link":"https:\/\/arantv.az\/?author=2"},"rttpg_comment":0,"rttpg_category":"<a href=\"https:\/\/arantv.az\/?cat=26\" rel=\"category\">Sosial<\/a>","rttpg_excerpt":"ARANTV.AZ\u00a0 Kulis.az-a istinadla g\u00f6rk\u0259mli g\u00fcl\u00fc\u015f ustas\u0131, Xalq artisti \u018flia\u011fa A\u011fayev haqq\u0131nda maraql\u0131 faktlar\u0131 t\u0259qdim edir. \u018flia\u011fa A\u011fayev 1913-c\u00fc ild\u0259 Bak\u0131da anadan olub. *** Atas\u0131 Qazax rayonundan, anas\u0131 is\u0259 Tiflisd\u0259n olan \u018flia\u011fa A\u011fayev anas\u0131n\u0131 2 ya\u015f\u0131nda olanda itirib. Onun 5 ya\u015f\u0131 olanda atas\u0131 erm\u0259nil\u0259r t\u0259r\u0259find\u0259n q\u0259tl\u0259 yetirilir. *** Ail\u0259d\u0259 \u00fc\u00e7 qarda\u015f olublar. Qarda\u015flar\u0131ndan biri, Mirz\u0259a\u011fa 1937-d\u0259&hellip;","_links":{"self":[{"href":"https:\/\/arantv.az\/index.php?rest_route=\/wp\/v2\/posts\/403977"}],"collection":[{"href":"https:\/\/arantv.az\/index.php?rest_route=\/wp\/v2\/posts"}],"about":[{"href":"https:\/\/arantv.az\/index.php?rest_route=\/wp\/v2\/types\/post"}],"author":[{"embeddable":true,"href":"https:\/\/arantv.az\/index.php?rest_route=\/wp\/v2\/users\/2"}],"replies":[{"embeddable":true,"href":"https:\/\/arantv.az\/index.php?rest_route=%2Fwp%2Fv2%2Fcomments&post=403977"}],"version-history":[{"count":0,"href":"https:\/\/arantv.az\/index.php?rest_route=\/wp\/v2\/posts\/403977\/revisions"}],"wp:featuredmedia":[{"embeddable":true,"href":"https:\/\/arantv.az\/index.php?rest_route=\/wp\/v2\/media\/403978"}],"wp:attachment":[{"href":"https:\/\/arantv.az\/index.php?rest_route=%2Fwp%2Fv2%2Fmedia&parent=403977"}],"wp:term":[{"taxonomy":"category","embeddable":true,"href":"https:\/\/arantv.az\/index.php?rest_route=%2Fwp%2Fv2%2Fcategories&post=403977"},{"taxonomy":"post_tag","embeddable":true,"href":"https:\/\/arantv.az\/index.php?rest_route=%2Fwp%2Fv2%2Ftags&post=403977"}],"curies":[{"name":"wp","href":"https:\/\/api.w.org\/{rel}","templated":true}]}}