{"id":404024,"date":"2021-11-15T10:09:53","date_gmt":"2021-11-15T07:09:53","guid":{"rendered":"http:\/\/arantv.az\/?p=404024"},"modified":"2021-11-15T10:09:53","modified_gmt":"2021-11-15T07:09:53","slug":"hesablama-palatasindan-bas-nazirin-s%c9%99dri-oldugu-suraya-cagiris-ekskluziv","status":"publish","type":"post","link":"https:\/\/arantv.az\/?p=404024","title":{"rendered":"Hesablama Palatas\u0131ndan Ba\u015f Nazirin s\u0259dri oldu\u011fu \u015furaya \u00c7A\u011eIRI\u015e &#8211; EKSKL\u00dcZ\u0130V"},"content":{"rendered":"<p>Hesablama Palatas\u0131 d\u00f6vl\u0259t b\u00fcdc\u0259 layih\u0259l\u0259rin\u0259 verdiyi r\u0259yl\u0259rd\u0259 Az\u0259rbaycanda fiskal \u015furalar\u0131n yarad\u0131lmas\u0131n\u0131 t\u0259klif ets\u0259 d\u0259, bu m\u0259s\u0259l\u0259 realla\u015fmam\u0131\u015f qal\u0131r.<\/p>\n<p>Fiskal \u015fura d\u00fcnya t\u0259cr\u00fcb\u0259sind\u0259 b\u00fcdc\u0259 proqnozlar\u0131n\u0131n \u0259sasl\u0131l\u0131\u011f\u0131n\u0131n g\u00fccl\u0259ndirilm\u0259si il\u0259 ba\u011fl\u0131 t\u0259tbiq edil\u0259n yana\u015fmad\u0131r.<\/p>\n<p>Fiskal \u015furalar d\u00f6vl\u0259tin ictimai maliyy\u0259 sah\u0259sind\u0259 q\u0259bul ed\u0259c\u0259yi q\u0259rarlar\u0131n etibarl\u0131l\u0131q d\u0259r\u0259c\u0259sini y\u00fcks\u0259ld\u0259 bil\u0259r.<\/p>\n<p>Hesablama Palatas\u0131n\u0131n s\u0259dri V\u00fcqar G\u00fclm\u0259mm\u0259dov Oxu.Az-a a\u00e7\u0131qlamas\u0131nda deyib ki, r\u0259hb\u0259ri oldu\u011fu qurum 2022-ci ilin d\u00f6vl\u0259t b\u00fcdc\u0259si layih\u0259sin\u0259 verdiyi r\u0259yd\u0259 Milli M\u0259clisin, Az\u0259rbaycan Milli Elml\u0259r Akademiyas\u0131n\u0131n, iqtisadi sah\u0259 il\u0259 ba\u011fl\u0131 institutlar\u0131n \u00fczvl\u0259rind\u0259n ibar\u0259t t\u0259rkibd\u0259 fiskal \u015furalar\u0131n yarad\u0131lmas\u0131n\u0131 t\u0259klif edib.<\/p>\n<p>\u201cSual oluna bil\u0259r ki, b\u0259s h\u00f6kum\u0259t bu t\u0259klif\u0259 nec\u0259 reaksiya ver\u0259c\u0259k? Bu bar\u0259d\u0259 bizd\u0259 m\u0259lumat yoxdur\u201d, &#8211; dey\u0259 V\u00fcqar G\u00fclm\u0259mm\u0259dov \u0259lav\u0259 edib.<\/p>\n<p>Prezident \u0130lham \u018fliyevin 2020-ci il 9 sentyabr tarixli f\u0259rman\u0131na \u0259sas\u0259n, Az\u0259rbaycanda \u0130qtisadi \u015eura yarad\u0131l\u0131b.<\/p>\n<p>\u015eura \u00f6lk\u0259d\u0259 makroiqtisadi sabitliyin qorunmas\u0131 v\u0259 sosial-iqtisadi inki\u015faf\u0131n s\u00fcr\u0259tl\u0259ndirilm\u0259si m\u0259qs\u0259dil\u0259 qlobal v\u0259 milli iqtisadiyyatda ba\u015f ver\u0259n prosesl\u0259ri \u00f6yr\u0259nir.<\/p>\n<p>\u015euraya Ba\u015f Nazir \u018fli \u018fs\u0259dov s\u0259drlik edir.<\/p>\n<p>Hesablama Palatas\u0131n\u0131n s\u0259dri qeyd edib ki, \u0130qtisadi \u015eura n\u00f6vb\u0259ti ilin b\u00fcdc\u0259 layih\u0259si il\u0259 ba\u011fl\u0131 kifay\u0259t q\u0259d\u0259r t\u0259klifl\u0259r ver\u0259 bil\u0259c\u0259k bir \u015fura olmal\u0131d\u0131r.<\/p>\n<p>\u00dcmumiyy\u0259tl\u0259, h\u00f6kum\u0259t Hesablama Palatas\u0131n\u0131n t\u0259klifl\u0259rini hans\u0131 formada n\u0259z\u0259r\u0259 al\u0131r?<\/p>\n<p>V\u00fcqar G\u00fclm\u0259mm\u0259dov bu suala cavab ver\u0259rk\u0259n bildirib ki, Hesablama Palatas\u0131 son d\u00f6vrl\u0259r Nazirl\u0259r Kabinetin\u0259, Maliyy\u0259 Nazirliyin\u0259, \u0130qtisadiyyat Nazirliyin\u0259 \u00e7oxsayl\u0131 t\u0259klif v\u0259 t\u00f6vsiy\u0259l\u0259r t\u0259qdim edib.<\/p>\n<p>\u201cOnlar\u0131n i\u00e7\u0259risind\u0259 n\u0259z\u0259r\u0259 al\u0131nanlar var. B\u0259zi t\u0259klif v\u0259 t\u00f6vsiy\u0259l\u0259rin is\u0259 realla\u015fmas\u0131 \u00fc\u00e7\u00fcn zamana ehtiyac var. S\u0259b\u0259b budur ki, onlar k\u00f6kl\u00fc h\u0259ll t\u0259l\u0259b etdiyi \u00fc\u00e7\u00fcn kompleks yana\u015fma t\u0259l\u0259b edir. Biz 2022-ci ilin d\u00f6vl\u0259t b\u00fcdc\u0259 layih\u0259sin\u0259 verdiyimiz r\u0259yd\u0259 38 t\u0259klif s\u0259sl\u0259ndirmi\u015fik. Bu t\u0259klifl\u0259r maliyy\u0259 sah\u0259sind\u0259 d\u00f6vl\u0259t idar\u0259etm\u0259sinin bir ne\u00e7\u0259 m\u0259rh\u0259l\u0259sinin \u0259hat\u0259 edir\u201d, &#8211; dey\u0259 V\u00fcqar G\u00fclm\u0259mm\u0259dov s\u00f6yl\u0259yib.<\/p>\n<p>Hesablama Palatas\u0131n\u0131n s\u0259dri bildirib ki, \u0259ld\u0259 edil\u0259n m\u0259lumata g\u00f6r\u0259, \u201cB\u00fcdc\u0259 sistemi haqq\u0131nda\u201d qanuna bir s\u0131ra d\u0259yi\u015fiklikl\u0259r g\u00f6zl\u0259nilir.<\/p>\n<p>\u201cBu d\u0259yi\u015fiklikl\u0259r edil\u0259n zaman bizim t\u0259klifl\u0259rin d\u0259 n\u0259z\u0259r\u0259 al\u0131nmas\u0131 g\u00f6zl\u0259nilir. S\u00f6hb\u0259t d\u00f6vl\u0259t b\u00fcdc\u0259sind\u0259 proqnozla\u015fd\u0131r\u0131lan x\u0259rcl\u0259rin vahid b\u00fcdc\u0259 t\u0259snifat\u0131n\u0131n iqtisadi v\u0259 inzibati t\u0259snifat\u0131ndan gedir. Biz proqnozla\u015fd\u0131r\u0131lan m\u0259bl\u0259\u011fl\u0259rin h\u0259cmi v\u0259 strukturu il\u0259 ba\u011fl\u0131 m\u0259s\u0259l\u0259l\u0259r\u0259 dair t\u0259klifl\u0259r vermi\u015fik\u201d, &#8211; dey\u0259 V\u00fcqar G\u00fclm\u0259mm\u0259dov fikrini yekunla\u015fd\u0131r\u0131b.<\/p>\n","protected":false},"excerpt":{"rendered":"<p>Hesablama Palatas\u0131 d\u00f6vl\u0259t b\u00fcdc\u0259 layih\u0259l\u0259rin\u0259 verdiyi r\u0259yl\u0259rd\u0259 Az\u0259rbaycanda fiskal \u015furalar\u0131n yarad\u0131lmas\u0131n\u0131 t\u0259klif ets\u0259 d\u0259, bu m\u0259s\u0259l\u0259 realla\u015fmam\u0131\u015f qal\u0131r. Fiskal \u015fura d\u00fcnya t\u0259cr\u00fcb\u0259sind\u0259 b\u00fcdc\u0259 proqnozlar\u0131n\u0131n \u0259sasl\u0131l\u0131\u011f\u0131n\u0131n g\u00fccl\u0259ndirilm\u0259si il\u0259 ba\u011fl\u0131 t\u0259tbiq edil\u0259n yana\u015fmad\u0131r. Fiskal \u015furalar d\u00f6vl\u0259tin ictimai maliyy\u0259 sah\u0259sind\u0259 q\u0259bul ed\u0259c\u0259yi q\u0259rarlar\u0131n etibarl\u0131l\u0131q d\u0259r\u0259c\u0259sini y\u00fcks\u0259ld\u0259 bil\u0259r. Hesablama Palatas\u0131n\u0131n s\u0259dri V\u00fcqar G\u00fclm\u0259mm\u0259dov Oxu.Az-a a\u00e7\u0131qlamas\u0131nda deyib ki, r\u0259hb\u0259ri oldu\u011fu qurum 2022-ci ilin d\u00f6vl\u0259t b\u00fcdc\u0259si layih\u0259sin\u0259 verdiyi r\u0259yd\u0259 Milli M\u0259clisin, Az\u0259rbaycan Milli Elml\u0259r Akademiyas\u0131n\u0131n, iqtisadi sah\u0259 il\u0259 ba\u011fl\u0131 institutlar\u0131n \u00fczvl\u0259rind\u0259n ibar\u0259t t\u0259rkibd\u0259 fiskal \u015furalar\u0131n yarad\u0131lmas\u0131n\u0131 t\u0259klif edib. \u201cSual oluna bil\u0259r ki, b\u0259s h\u00f6kum\u0259t bu t\u0259klif\u0259&hellip;<\/p>\n","protected":false},"author":2,"featured_media":404025,"comment_status":"closed","ping_status":"closed","sticky":false,"template":"","format":"standard","meta":{"om_disable_all_campaigns":false,"_monsterinsights_skip_tracking":false,"_monsterinsights_sitenote_active":false,"_monsterinsights_sitenote_note":"","_monsterinsights_sitenote_category":0},"categories":[19],"tags":[],"aioseo_notices":[],"gutentor_comment":0,"rttpg_featured_image_url":{"full":["https:\/\/arantv.az\/wp-content\/uploads\/2021\/11\/635f8827-e1a4-4aff-9325-feb155c5a4c8.jpg",620,413,false],"landscape":["https:\/\/arantv.az\/wp-content\/uploads\/2021\/11\/635f8827-e1a4-4aff-9325-feb155c5a4c8.jpg",620,413,false],"portraits":["https:\/\/arantv.az\/wp-content\/uploads\/2021\/11\/635f8827-e1a4-4aff-9325-feb155c5a4c8.jpg",620,413,false],"thumbnail":["https:\/\/arantv.az\/wp-content\/uploads\/2021\/11\/635f8827-e1a4-4aff-9325-feb155c5a4c8-500x280.jpg",500,280,true],"medium":["https:\/\/arantv.az\/wp-content\/uploads\/2021\/11\/635f8827-e1a4-4aff-9325-feb155c5a4c8-548x365.jpg",548,365,true],"large":["https:\/\/arantv.az\/wp-content\/uploads\/2021\/11\/635f8827-e1a4-4aff-9325-feb155c5a4c8.jpg",620,413,false],"1536x1536":["https:\/\/arantv.az\/wp-content\/uploads\/2021\/11\/635f8827-e1a4-4aff-9325-feb155c5a4c8.jpg",620,413,false],"2048x2048":["https:\/\/arantv.az\/wp-content\/uploads\/2021\/11\/635f8827-e1a4-4aff-9325-feb155c5a4c8.jpg",620,413,false],"post-thumbnail":["https:\/\/arantv.az\/wp-content\/uploads\/2021\/11\/635f8827-e1a4-4aff-9325-feb155c5a4c8-240x172.jpg",240,172,true],"advps-thumb-one":["https:\/\/arantv.az\/wp-content\/uploads\/2021\/11\/635f8827-e1a4-4aff-9325-feb155c5a4c8.jpg",620,413,false]},"rttpg_author":{"display_name":"V\u00fcsal Rafiqo\u011flu","author_link":"https:\/\/arantv.az\/?author=2"},"rttpg_comment":0,"rttpg_category":"<a href=\"https:\/\/arantv.az\/?cat=19\" rel=\"category\">G\u00fcnd\u0259m<\/a>","rttpg_excerpt":"Hesablama Palatas\u0131 d\u00f6vl\u0259t b\u00fcdc\u0259 layih\u0259l\u0259rin\u0259 verdiyi r\u0259yl\u0259rd\u0259 Az\u0259rbaycanda fiskal \u015furalar\u0131n yarad\u0131lmas\u0131n\u0131 t\u0259klif ets\u0259 d\u0259, bu m\u0259s\u0259l\u0259 realla\u015fmam\u0131\u015f qal\u0131r. Fiskal \u015fura d\u00fcnya t\u0259cr\u00fcb\u0259sind\u0259 b\u00fcdc\u0259 proqnozlar\u0131n\u0131n \u0259sasl\u0131l\u0131\u011f\u0131n\u0131n g\u00fccl\u0259ndirilm\u0259si il\u0259 ba\u011fl\u0131 t\u0259tbiq edil\u0259n yana\u015fmad\u0131r. Fiskal \u015furalar d\u00f6vl\u0259tin ictimai maliyy\u0259 sah\u0259sind\u0259 q\u0259bul ed\u0259c\u0259yi q\u0259rarlar\u0131n etibarl\u0131l\u0131q d\u0259r\u0259c\u0259sini y\u00fcks\u0259ld\u0259 bil\u0259r. Hesablama Palatas\u0131n\u0131n s\u0259dri V\u00fcqar G\u00fclm\u0259mm\u0259dov Oxu.Az-a a\u00e7\u0131qlamas\u0131nda deyib ki, r\u0259hb\u0259ri oldu\u011fu&hellip;","_links":{"self":[{"href":"https:\/\/arantv.az\/index.php?rest_route=\/wp\/v2\/posts\/404024"}],"collection":[{"href":"https:\/\/arantv.az\/index.php?rest_route=\/wp\/v2\/posts"}],"about":[{"href":"https:\/\/arantv.az\/index.php?rest_route=\/wp\/v2\/types\/post"}],"author":[{"embeddable":true,"href":"https:\/\/arantv.az\/index.php?rest_route=\/wp\/v2\/users\/2"}],"replies":[{"embeddable":true,"href":"https:\/\/arantv.az\/index.php?rest_route=%2Fwp%2Fv2%2Fcomments&post=404024"}],"version-history":[{"count":0,"href":"https:\/\/arantv.az\/index.php?rest_route=\/wp\/v2\/posts\/404024\/revisions"}],"wp:featuredmedia":[{"embeddable":true,"href":"https:\/\/arantv.az\/index.php?rest_route=\/wp\/v2\/media\/404025"}],"wp:attachment":[{"href":"https:\/\/arantv.az\/index.php?rest_route=%2Fwp%2Fv2%2Fmedia&parent=404024"}],"wp:term":[{"taxonomy":"category","embeddable":true,"href":"https:\/\/arantv.az\/index.php?rest_route=%2Fwp%2Fv2%2Fcategories&post=404024"},{"taxonomy":"post_tag","embeddable":true,"href":"https:\/\/arantv.az\/index.php?rest_route=%2Fwp%2Fv2%2Ftags&post=404024"}],"curies":[{"name":"wp","href":"https:\/\/api.w.org\/{rel}","templated":true}]}}