{"id":40492,"date":"2019-02-21T16:03:51","date_gmt":"2019-02-21T13:03:51","guid":{"rendered":"http:\/\/arantv.az\/?p=40492"},"modified":"2019-02-21T16:03:51","modified_gmt":"2019-02-21T13:03:51","slug":"at%c9%99t-pa-nin-qis-sessiyasi-basladi","status":"publish","type":"post","link":"https:\/\/arantv.az\/?p=40492","title":{"rendered":"AT\u018fT PA-n\u0131n q\u0131\u015f sessiyas\u0131 ba\u015flad\u0131"},"content":{"rendered":"<p>Fevral\u0131n 21-d\u0259 Vyanada AT\u018fT Parlament Assambleyas\u0131n\u0131n (AT\u018fT PA) 18-ci q\u0131\u015f sessiyas\u0131 i\u015f\u0259 ba\u015flay\u0131b.<\/p>\n<p><strong>ARANTV.AZ\u00a0<\/strong>x\u0259b\u0259r verir ki, AT\u018fT-\u0259 \u00fczv olan 57 \u00f6lk\u0259d\u0259n 300-d\u0259k deputat\u0131n i\u015ftirak etdiyi sessiyada Az\u0259rbaycan\u0131 Milli M\u0259clis (MM) s\u0259drinin m\u00fcavini Bahar Muradovan\u0131n r\u0259hb\u0259rliyi il\u0259 n\u00fcmay\u0259nd\u0259 hey\u0259ti t\u0259msil edir.<\/p>\n<p>N\u00fcmay\u0259nd\u0259 hey\u0259tin\u0259 deputatlar\u0131 Azay Quliyev, Tahir Mirki\u015fili, El\u015fad H\u0259s\u0259nov, Kamran N\u0259bizad\u0259 v\u0259 \u00dclviyy\u0259 A\u011fayeva daxildir.<\/p>\n<p>Sessiya \u00e7\u0259r\u00e7iv\u0259sind\u0259 ke\u00e7iril\u0259c\u0259k komit\u0259 iclaslar\u0131nda \u201cUzanan m\u00fcnaqi\u015f\u0259l\u0259rin h\u0259lli \u00fc\u00e7\u00fcn AT\u018fT-in imkan v\u0259 mexanizml\u0259ri\u201d, \u201cAT\u018fT regionunda korrupsiya, pullar\u0131n yuyulmas\u0131 v\u0259 terrorizmin maliyy\u0259l\u0259\u015fdirilm\u0259si il\u0259 m\u00fcbariz\u0259 sah\u0259sind\u0259 s\u0259m\u0259r\u0259li idar\u0259etm\u0259\u201d, \u201cF\u00f6vq\u0259lad\u0259 v\u0259ziyy\u0259tl\u0259rd\u0259 insan h\u00fcquqlar\u0131n\u0131n qanuni m\u0259hdudla\u015fd\u0131r\u0131lmas\u0131n\u0131n t\u0259sir sah\u0259l\u0259ri\u201d v\u0259 dig\u0259r m\u00f6vzularda fikir m\u00fcbadil\u0259si apar\u0131lacaq.<\/p>\n<p>\u0130ki g\u00fcn davam ed\u0259c\u0259k sessiya \u00e7\u0259r\u00e7iv\u0259sind\u0259 h\u0259r \u00fc\u00e7 komit\u0259nin (siyasi m\u0259s\u0259l\u0259l\u0259r v\u0259 t\u0259hl\u00fck\u0259sizlik, iqtisadi m\u0259s\u0259l\u0259l\u0259r, elm, texnologiya v\u0259 \u0259traf m\u00fchit, el\u0259c\u0259 d\u0259, demokratiya, insan haqlar\u0131 v\u0259 humanitar m\u0259s\u0259l\u0259l\u0259r) iclaslar\u0131 ke\u00e7iril\u0259c\u0259k. Sessiyan\u0131n i\u015fin\u0259 h\u0259r \u00fc\u00e7 komit\u0259nin birg\u0259 iclas\u0131 il\u0259 yekun vurulacaq.oxu.az<\/p>\n","protected":false},"excerpt":{"rendered":"<p>Fevral\u0131n 21-d\u0259 Vyanada AT\u018fT Parlament Assambleyas\u0131n\u0131n (AT\u018fT PA) 18-ci q\u0131\u015f sessiyas\u0131 i\u015f\u0259 ba\u015flay\u0131b. ARANTV.AZ\u00a0x\u0259b\u0259r verir ki, AT\u018fT-\u0259 \u00fczv olan 57 \u00f6lk\u0259d\u0259n 300-d\u0259k deputat\u0131n i\u015ftirak etdiyi sessiyada Az\u0259rbaycan\u0131 Milli M\u0259clis (MM) s\u0259drinin m\u00fcavini Bahar Muradovan\u0131n r\u0259hb\u0259rliyi il\u0259 n\u00fcmay\u0259nd\u0259 hey\u0259ti t\u0259msil edir. N\u00fcmay\u0259nd\u0259 hey\u0259tin\u0259 deputatlar\u0131 Azay Quliyev, Tahir Mirki\u015fili, El\u015fad H\u0259s\u0259nov, Kamran N\u0259bizad\u0259 v\u0259 \u00dclviyy\u0259 A\u011fayeva daxildir. Sessiya \u00e7\u0259r\u00e7iv\u0259sind\u0259 ke\u00e7iril\u0259c\u0259k komit\u0259 iclaslar\u0131nda \u201cUzanan m\u00fcnaqi\u015f\u0259l\u0259rin h\u0259lli \u00fc\u00e7\u00fcn AT\u018fT-in imkan v\u0259 mexanizml\u0259ri\u201d, \u201cAT\u018fT regionunda korrupsiya, pullar\u0131n yuyulmas\u0131 v\u0259 terrorizmin maliyy\u0259l\u0259\u015fdirilm\u0259si il\u0259 m\u00fcbariz\u0259 sah\u0259sind\u0259 s\u0259m\u0259r\u0259li idar\u0259etm\u0259\u201d, \u201cF\u00f6vq\u0259lad\u0259 v\u0259ziyy\u0259tl\u0259rd\u0259 insan h\u00fcquqlar\u0131n\u0131n qanuni m\u0259hdudla\u015fd\u0131r\u0131lmas\u0131n\u0131n t\u0259sir sah\u0259l\u0259ri\u201d v\u0259&hellip;<\/p>\n","protected":false},"author":2,"featured_media":40493,"comment_status":"closed","ping_status":"closed","sticky":false,"template":"","format":"standard","meta":{"om_disable_all_campaigns":false,"_monsterinsights_skip_tracking":false,"_monsterinsights_sitenote_active":false,"_monsterinsights_sitenote_note":"","_monsterinsights_sitenote_category":0},"categories":[4],"tags":[],"aioseo_notices":[],"gutentor_comment":0,"rttpg_featured_image_url":{"full":["https:\/\/arantv.az\/wp-content\/uploads\/2019\/02\/atet.jpg",620,413,false],"landscape":["https:\/\/arantv.az\/wp-content\/uploads\/2019\/02\/atet.jpg",620,413,false],"portraits":["https:\/\/arantv.az\/wp-content\/uploads\/2019\/02\/atet.jpg",620,413,false],"thumbnail":["https:\/\/arantv.az\/wp-content\/uploads\/2019\/02\/atet-150x150.jpg",150,150,true],"medium":["https:\/\/arantv.az\/wp-content\/uploads\/2019\/02\/atet-300x200.jpg",300,200,true],"large":["https:\/\/arantv.az\/wp-content\/uploads\/2019\/02\/atet.jpg",620,413,false],"1536x1536":["https:\/\/arantv.az\/wp-content\/uploads\/2019\/02\/atet.jpg",620,413,false],"2048x2048":["https:\/\/arantv.az\/wp-content\/uploads\/2019\/02\/atet.jpg",620,413,false],"post-thumbnail":["https:\/\/arantv.az\/wp-content\/uploads\/2019\/02\/atet-240x172.jpg",240,172,true],"advps-thumb-one":["https:\/\/arantv.az\/wp-content\/uploads\/2019\/02\/atet.jpg",620,413,false]},"rttpg_author":{"display_name":"V\u00fcsal Rafiqo\u011flu","author_link":"https:\/\/arantv.az\/?author=2"},"rttpg_comment":0,"rttpg_category":"<a href=\"https:\/\/arantv.az\/?cat=4\" rel=\"category\">Siyas\u0259t<\/a>","rttpg_excerpt":"Fevral\u0131n 21-d\u0259 Vyanada AT\u018fT Parlament Assambleyas\u0131n\u0131n (AT\u018fT PA) 18-ci q\u0131\u015f sessiyas\u0131 i\u015f\u0259 ba\u015flay\u0131b. ARANTV.AZ\u00a0x\u0259b\u0259r verir ki, AT\u018fT-\u0259 \u00fczv olan 57 \u00f6lk\u0259d\u0259n 300-d\u0259k deputat\u0131n i\u015ftirak etdiyi sessiyada Az\u0259rbaycan\u0131 Milli M\u0259clis (MM) s\u0259drinin m\u00fcavini Bahar Muradovan\u0131n r\u0259hb\u0259rliyi il\u0259 n\u00fcmay\u0259nd\u0259 hey\u0259ti t\u0259msil edir. N\u00fcmay\u0259nd\u0259 hey\u0259tin\u0259 deputatlar\u0131 Azay Quliyev, Tahir Mirki\u015fili, El\u015fad H\u0259s\u0259nov, Kamran N\u0259bizad\u0259 v\u0259 \u00dclviyy\u0259 A\u011fayeva daxildir.&hellip;","_links":{"self":[{"href":"https:\/\/arantv.az\/index.php?rest_route=\/wp\/v2\/posts\/40492"}],"collection":[{"href":"https:\/\/arantv.az\/index.php?rest_route=\/wp\/v2\/posts"}],"about":[{"href":"https:\/\/arantv.az\/index.php?rest_route=\/wp\/v2\/types\/post"}],"author":[{"embeddable":true,"href":"https:\/\/arantv.az\/index.php?rest_route=\/wp\/v2\/users\/2"}],"replies":[{"embeddable":true,"href":"https:\/\/arantv.az\/index.php?rest_route=%2Fwp%2Fv2%2Fcomments&post=40492"}],"version-history":[{"count":0,"href":"https:\/\/arantv.az\/index.php?rest_route=\/wp\/v2\/posts\/40492\/revisions"}],"wp:featuredmedia":[{"embeddable":true,"href":"https:\/\/arantv.az\/index.php?rest_route=\/wp\/v2\/media\/40493"}],"wp:attachment":[{"href":"https:\/\/arantv.az\/index.php?rest_route=%2Fwp%2Fv2%2Fmedia&parent=40492"}],"wp:term":[{"taxonomy":"category","embeddable":true,"href":"https:\/\/arantv.az\/index.php?rest_route=%2Fwp%2Fv2%2Fcategories&post=40492"},{"taxonomy":"post_tag","embeddable":true,"href":"https:\/\/arantv.az\/index.php?rest_route=%2Fwp%2Fv2%2Ftags&post=40492"}],"curies":[{"name":"wp","href":"https:\/\/api.w.org\/{rel}","templated":true}]}}