{"id":40495,"date":"2019-02-21T16:06:16","date_gmt":"2019-02-21T13:06:16","guid":{"rendered":"http:\/\/arantv.az\/?p=40495"},"modified":"2019-02-21T16:06:16","modified_gmt":"2019-02-21T13:06:16","slug":"son-uc-ild%c9%99-az%c9%99rbaycan-dilin%c9%99-daxil-olmus-yeni-sozl%c9%99rin-sayi-mu%c9%99yy%c9%99nl%c9%99sib","status":"publish","type":"post","link":"https:\/\/arantv.az\/?p=40495","title":{"rendered":"Son \u00fc\u00e7 ild\u0259 Az\u0259rbaycan dilin\u0259 daxil olmu\u015f yeni s\u00f6zl\u0259rin say\u0131 m\u00fc\u0259yy\u0259nl\u0259\u015fib"},"content":{"rendered":"<blockquote><p><em><strong>Son \u00fc\u00e7 ild\u0259 Az\u0259rbaycan dilin\u0259 daxil olmu\u015f yeni s\u00f6zl\u0259rin say\u0131 m\u00fc\u0259yy\u0259nl\u0259\u015fib.<\/strong><\/em><\/p><\/blockquote>\n<p><strong>ARANTV.AZ<\/strong> x\u0259b\u0259r verir ki, bu bar\u0259d\u0259 report-a a\u00e7\u0131qlamas\u0131nda Nazirl\u0259r Kabineti yan\u0131nda Terminologiya Komissiyas\u0131n\u0131ns\u0259dr m\u00fcavini, professor Sayal\u0131 Sad\u0131qova m\u0259lumat verib.<\/p>\n<div id=\"AdributorNativeVideo0\" class=\"AdributorNativeVideo\"><\/div>\n<p>O bildirib ki, son \u00fc\u00e7 ild\u0259 Az\u0259rbaycan dilin\u0259 daxil olan yeni s\u00f6zl\u0259rin say\u0131 2 700 olub: &#8220;Yeni terminl\u0259r 2015-2018-ci ill\u0259r al\u0131\u011f\u0131nda Az\u0259rbaycan dilin\u0259 daxil olub. Art\u0131q h\u0259min s\u00f6zl\u0259r &#8220;Yeni Terminl\u0259rin \u0130zahl\u0131 L\u00fc\u011f\u0259ti&#8221; adl\u0131 kitabda qeyd edilib. Bu kitab m\u00fct\u0259madi olaraq n\u0259\u015fr olunur. Birinci kitab 2015-ci ild\u0259 n\u0259\u015fr olunanda orada 2750 yeni s\u00f6z daxil olunmu\u015fdu. Daxil olan yeni s\u00f6zl\u0259rin tap\u0131lan qar\u015f\u0131l\u0131qlar\u0131 da izahl\u0131 l\u00fc\u011f\u0259td\u0259 g\u00f6st\u0259rilib. Amma beyn\u0259lxalq terminl\u0259r oldu\u011fu kimi saxlan\u0131l\u0131r&#8221;.<\/p>\n","protected":false},"excerpt":{"rendered":"<p>Son \u00fc\u00e7 ild\u0259 Az\u0259rbaycan dilin\u0259 daxil olmu\u015f yeni s\u00f6zl\u0259rin say\u0131 m\u00fc\u0259yy\u0259nl\u0259\u015fib. ARANTV.AZ x\u0259b\u0259r verir ki, bu bar\u0259d\u0259 report-a a\u00e7\u0131qlamas\u0131nda Nazirl\u0259r Kabineti yan\u0131nda Terminologiya Komissiyas\u0131n\u0131ns\u0259dr m\u00fcavini, professor Sayal\u0131 Sad\u0131qova m\u0259lumat verib. O bildirib ki, son \u00fc\u00e7 ild\u0259 Az\u0259rbaycan dilin\u0259 daxil olan yeni s\u00f6zl\u0259rin say\u0131 2 700 olub: &#8220;Yeni terminl\u0259r 2015-2018-ci ill\u0259r al\u0131\u011f\u0131nda Az\u0259rbaycan dilin\u0259 daxil olub. Art\u0131q h\u0259min s\u00f6zl\u0259r &#8220;Yeni Terminl\u0259rin \u0130zahl\u0131 L\u00fc\u011f\u0259ti&#8221; adl\u0131 kitabda qeyd edilib. Bu kitab m\u00fct\u0259madi olaraq n\u0259\u015fr olunur. Birinci kitab 2015-ci ild\u0259 n\u0259\u015fr olunanda orada 2750 yeni s\u00f6z daxil olunmu\u015fdu. Daxil olan yeni s\u00f6zl\u0259rin tap\u0131lan qar\u015f\u0131l\u0131qlar\u0131&hellip;<\/p>\n","protected":false},"author":2,"featured_media":40496,"comment_status":"closed","ping_status":"closed","sticky":false,"template":"","format":"standard","meta":{"om_disable_all_campaigns":false,"_monsterinsights_skip_tracking":false,"_monsterinsights_sitenote_active":false,"_monsterinsights_sitenote_note":"","_monsterinsights_sitenote_category":0},"categories":[1],"tags":[],"aioseo_notices":[],"gutentor_comment":0,"rttpg_featured_image_url":{"full":["https:\/\/arantv.az\/wp-content\/uploads\/2019\/02\/732711.jpg",800,600,false],"landscape":["https:\/\/arantv.az\/wp-content\/uploads\/2019\/02\/732711.jpg",800,600,false],"portraits":["https:\/\/arantv.az\/wp-content\/uploads\/2019\/02\/732711.jpg",800,600,false],"thumbnail":["https:\/\/arantv.az\/wp-content\/uploads\/2019\/02\/732711-150x150.jpg",150,150,true],"medium":["https:\/\/arantv.az\/wp-content\/uploads\/2019\/02\/732711-300x225.jpg",300,225,true],"large":["https:\/\/arantv.az\/wp-content\/uploads\/2019\/02\/732711.jpg",640,480,false],"1536x1536":["https:\/\/arantv.az\/wp-content\/uploads\/2019\/02\/732711.jpg",800,600,false],"2048x2048":["https:\/\/arantv.az\/wp-content\/uploads\/2019\/02\/732711.jpg",800,600,false],"post-thumbnail":["https:\/\/arantv.az\/wp-content\/uploads\/2019\/02\/732711-240x172.jpg",240,172,true],"advps-thumb-one":["https:\/\/arantv.az\/wp-content\/uploads\/2019\/02\/732711.jpg",800,600,false]},"rttpg_author":{"display_name":"V\u00fcsal Rafiqo\u011flu","author_link":"https:\/\/arantv.az\/?author=2"},"rttpg_comment":0,"rttpg_category":"<a href=\"https:\/\/arantv.az\/?cat=1\" rel=\"category\">C\u0259miyy\u0259t<\/a>","rttpg_excerpt":"Son \u00fc\u00e7 ild\u0259 Az\u0259rbaycan dilin\u0259 daxil olmu\u015f yeni s\u00f6zl\u0259rin say\u0131 m\u00fc\u0259yy\u0259nl\u0259\u015fib. ARANTV.AZ x\u0259b\u0259r verir ki, bu bar\u0259d\u0259 report-a a\u00e7\u0131qlamas\u0131nda Nazirl\u0259r Kabineti yan\u0131nda Terminologiya Komissiyas\u0131n\u0131ns\u0259dr m\u00fcavini, professor Sayal\u0131 Sad\u0131qova m\u0259lumat verib. O bildirib ki, son \u00fc\u00e7 ild\u0259 Az\u0259rbaycan dilin\u0259 daxil olan yeni s\u00f6zl\u0259rin say\u0131 2 700 olub: &#8220;Yeni terminl\u0259r 2015-2018-ci ill\u0259r al\u0131\u011f\u0131nda Az\u0259rbaycan dilin\u0259 daxil olub.&hellip;","_links":{"self":[{"href":"https:\/\/arantv.az\/index.php?rest_route=\/wp\/v2\/posts\/40495"}],"collection":[{"href":"https:\/\/arantv.az\/index.php?rest_route=\/wp\/v2\/posts"}],"about":[{"href":"https:\/\/arantv.az\/index.php?rest_route=\/wp\/v2\/types\/post"}],"author":[{"embeddable":true,"href":"https:\/\/arantv.az\/index.php?rest_route=\/wp\/v2\/users\/2"}],"replies":[{"embeddable":true,"href":"https:\/\/arantv.az\/index.php?rest_route=%2Fwp%2Fv2%2Fcomments&post=40495"}],"version-history":[{"count":0,"href":"https:\/\/arantv.az\/index.php?rest_route=\/wp\/v2\/posts\/40495\/revisions"}],"wp:featuredmedia":[{"embeddable":true,"href":"https:\/\/arantv.az\/index.php?rest_route=\/wp\/v2\/media\/40496"}],"wp:attachment":[{"href":"https:\/\/arantv.az\/index.php?rest_route=%2Fwp%2Fv2%2Fmedia&parent=40495"}],"wp:term":[{"taxonomy":"category","embeddable":true,"href":"https:\/\/arantv.az\/index.php?rest_route=%2Fwp%2Fv2%2Fcategories&post=40495"},{"taxonomy":"post_tag","embeddable":true,"href":"https:\/\/arantv.az\/index.php?rest_route=%2Fwp%2Fv2%2Ftags&post=40495"}],"curies":[{"name":"wp","href":"https:\/\/api.w.org\/{rel}","templated":true}]}}