{"id":40502,"date":"2019-02-21T16:18:31","date_gmt":"2019-02-21T13:18:31","guid":{"rendered":"http:\/\/arantv.az\/?p=40502"},"modified":"2019-02-21T16:18:31","modified_gmt":"2019-02-21T13:18:31","slug":"q%c9%99t%c9%99r-h%c9%99rbcil%c9%99ri-s%c9%99udiyy%c9%99-%c9%99r%c9%99bistaninda-keciril%c9%99n-t%c9%99limd%c9%99-istirak-edir","status":"publish","type":"post","link":"https:\/\/arantv.az\/?p=40502","title":{"rendered":"Q\u0259t\u0259r h\u0259rb\u00e7il\u0259ri S\u0259udiyy\u0259 \u018fr\u0259bistan\u0131nda ke\u00e7iril\u0259n t\u0259limd\u0259 i\u015ftirak edir"},"content":{"rendered":"<p><strong>Qatar Silahl\u0131 Q\u00fcvv\u0259l\u0259ri S\u0259udiyy\u0259 \u018fr\u0259bistan\u0131nda ke\u00e7iril\u0259n &#8220;\u018fl-C\u0259zir\u0259 qalxan\u0131-10&#8221; beyn\u0259lxalq h\u0259rbi t\u0259limd\u0259 i\u015ftirak edir.<\/strong><\/p>\n<p><strong>ARANTV.AZ<\/strong> report-a istinad\u0259n x\u0259b\u0259r verir ki, Q\u0259t\u0259r h\u0259b\u00e7il\u0259rini S\u0259udiyy\u0259 \u018fr\u0259bistan\u0131 Protokol xitm\u0259dinin ba\u015f\u00e7\u0131s\u0131 briqada general\u0131 Nasir \u0130brahim \u0259s-Salim qar\u015f\u0131lay\u0131b.<\/p>\n<p>Q\u0259t\u0259rin M\u00fcdafi\u0259 Nazirliyind\u0259n bildirilib ki, mart\u0131n 12-d\u0259k davam ed\u0259c\u0259k t\u0259lim \u00e7\u0259r\u00e7iv\u0259sind\u0259 k\u00f6rf\u0259z \u00f6lk\u0259l\u0259ri il\u0259 birlikd\u0259 tap\u015f\u0131r\u0131qlar yerin\u0259 yetiril\u0259c\u0259k.<\/p>\n<p>Qeyd ed\u0259k ki, 2017-ci il iyunun 5-d\u0259 B\u0259hreyn, B\u018f\u018f, S\u0259udiyy\u0259 \u018fr\u0259bistan\u0131, Misir, Y\u0259m\u0259n, Liviya, Maldiv Respublikas\u0131, Mavrikiya Respublikas\u0131 Q\u0259t\u0259rl\u0259 \u0259laq\u0259ni k\u0259sdikl\u0259rini bildirmi\u015fdil\u0259r. Q\u0259t\u0259r v\u0259 qon\u015fular\u0131 aras\u0131ndak\u0131 m\u00fcnaqi\u015f\u0259 K\u00f6rf\u0259z \u00f6lk\u0259l\u0259ri v\u0259 AB\u015e aras\u0131nda ke\u00e7iril\u0259n \u018fr-Riyad sammitind\u0259n bir h\u0259ft\u0259 sonra &#8211; Q\u0259t\u0259rin x\u0259b\u0259r agentliyinin \u00f6lk\u0259nin \u0259miri ad\u0131ndan \u0130ranla \u0259laq\u0259l\u0259rin yax\u015f\u0131la\u015fd\u0131r\u0131lmas\u0131na dair \u00e7a\u011f\u0131r\u0131\u015f\u0131n yer ald\u0131\u011f\u0131 x\u0259b\u0259ri saytda yerl\u0259\u015fdirm\u0259si il\u0259 ya\u015fan\u0131b. Bel\u0259 ki, sammit zaman\u0131 S\u0259udiyy\u0259 \u018fr\u0259bistan\u0131 hakimiyy\u0259ti b\u00fct\u00fcn qonaqlar\u0131n ad\u0131ndan d\u00fc\u015fm\u0259n siyas\u0259t yeritdiyin\u0259 g\u00f6r\u0259 Tehran\u0131 pisl\u0259yib v\u0259 m\u00fcvafiq add\u0131mlarla \u0130ran\u0131 h\u0259d\u0259l\u0259yib.<\/p>\n","protected":false},"excerpt":{"rendered":"<p>Qatar Silahl\u0131 Q\u00fcvv\u0259l\u0259ri S\u0259udiyy\u0259 \u018fr\u0259bistan\u0131nda ke\u00e7iril\u0259n &#8220;\u018fl-C\u0259zir\u0259 qalxan\u0131-10&#8221; beyn\u0259lxalq h\u0259rbi t\u0259limd\u0259 i\u015ftirak edir. ARANTV.AZ report-a istinad\u0259n x\u0259b\u0259r verir ki, Q\u0259t\u0259r h\u0259b\u00e7il\u0259rini S\u0259udiyy\u0259 \u018fr\u0259bistan\u0131 Protokol xitm\u0259dinin ba\u015f\u00e7\u0131s\u0131 briqada general\u0131 Nasir \u0130brahim \u0259s-Salim qar\u015f\u0131lay\u0131b. Q\u0259t\u0259rin M\u00fcdafi\u0259 Nazirliyind\u0259n bildirilib ki, mart\u0131n 12-d\u0259k davam ed\u0259c\u0259k t\u0259lim \u00e7\u0259r\u00e7iv\u0259sind\u0259 k\u00f6rf\u0259z \u00f6lk\u0259l\u0259ri il\u0259 birlikd\u0259 tap\u015f\u0131r\u0131qlar yerin\u0259 yetiril\u0259c\u0259k. Qeyd ed\u0259k ki, 2017-ci il iyunun 5-d\u0259 B\u0259hreyn, B\u018f\u018f, S\u0259udiyy\u0259 \u018fr\u0259bistan\u0131, Misir, Y\u0259m\u0259n, Liviya, Maldiv Respublikas\u0131, Mavrikiya Respublikas\u0131 Q\u0259t\u0259rl\u0259 \u0259laq\u0259ni k\u0259sdikl\u0259rini bildirmi\u015fdil\u0259r. Q\u0259t\u0259r v\u0259 qon\u015fular\u0131 aras\u0131ndak\u0131 m\u00fcnaqi\u015f\u0259 K\u00f6rf\u0259z \u00f6lk\u0259l\u0259ri v\u0259 AB\u015e aras\u0131nda ke\u00e7iril\u0259n \u018fr-Riyad sammitind\u0259n bir h\u0259ft\u0259 sonra &#8211; Q\u0259t\u0259rin&hellip;<\/p>\n","protected":false},"author":2,"featured_media":40503,"comment_status":"closed","ping_status":"closed","sticky":false,"template":"","format":"standard","meta":{"om_disable_all_campaigns":false,"_monsterinsights_skip_tracking":false,"_monsterinsights_sitenote_active":false,"_monsterinsights_sitenote_note":"","_monsterinsights_sitenote_category":0},"categories":[7],"tags":[],"aioseo_notices":[],"gutentor_comment":0,"rttpg_featured_image_url":{"full":["https:\/\/arantv.az\/wp-content\/uploads\/2019\/02\/732733.jpg",800,600,false],"landscape":["https:\/\/arantv.az\/wp-content\/uploads\/2019\/02\/732733.jpg",800,600,false],"portraits":["https:\/\/arantv.az\/wp-content\/uploads\/2019\/02\/732733.jpg",800,600,false],"thumbnail":["https:\/\/arantv.az\/wp-content\/uploads\/2019\/02\/732733-150x150.jpg",150,150,true],"medium":["https:\/\/arantv.az\/wp-content\/uploads\/2019\/02\/732733-300x225.jpg",300,225,true],"large":["https:\/\/arantv.az\/wp-content\/uploads\/2019\/02\/732733.jpg",640,480,false],"1536x1536":["https:\/\/arantv.az\/wp-content\/uploads\/2019\/02\/732733.jpg",800,600,false],"2048x2048":["https:\/\/arantv.az\/wp-content\/uploads\/2019\/02\/732733.jpg",800,600,false],"post-thumbnail":["https:\/\/arantv.az\/wp-content\/uploads\/2019\/02\/732733-240x172.jpg",240,172,true],"advps-thumb-one":["https:\/\/arantv.az\/wp-content\/uploads\/2019\/02\/732733.jpg",800,600,false]},"rttpg_author":{"display_name":"V\u00fcsal Rafiqo\u011flu","author_link":"https:\/\/arantv.az\/?author=2"},"rttpg_comment":0,"rttpg_category":"<a href=\"https:\/\/arantv.az\/?cat=7\" rel=\"category\">D\u00fcnya<\/a>","rttpg_excerpt":"Qatar Silahl\u0131 Q\u00fcvv\u0259l\u0259ri S\u0259udiyy\u0259 \u018fr\u0259bistan\u0131nda ke\u00e7iril\u0259n &#8220;\u018fl-C\u0259zir\u0259 qalxan\u0131-10&#8221; beyn\u0259lxalq h\u0259rbi t\u0259limd\u0259 i\u015ftirak edir. ARANTV.AZ report-a istinad\u0259n x\u0259b\u0259r verir ki, Q\u0259t\u0259r h\u0259b\u00e7il\u0259rini S\u0259udiyy\u0259 \u018fr\u0259bistan\u0131 Protokol xitm\u0259dinin ba\u015f\u00e7\u0131s\u0131 briqada general\u0131 Nasir \u0130brahim \u0259s-Salim qar\u015f\u0131lay\u0131b. Q\u0259t\u0259rin M\u00fcdafi\u0259 Nazirliyind\u0259n bildirilib ki, mart\u0131n 12-d\u0259k davam ed\u0259c\u0259k t\u0259lim \u00e7\u0259r\u00e7iv\u0259sind\u0259 k\u00f6rf\u0259z \u00f6lk\u0259l\u0259ri il\u0259 birlikd\u0259 tap\u015f\u0131r\u0131qlar yerin\u0259 yetiril\u0259c\u0259k. Qeyd ed\u0259k ki, 2017-ci il&hellip;","_links":{"self":[{"href":"https:\/\/arantv.az\/index.php?rest_route=\/wp\/v2\/posts\/40502"}],"collection":[{"href":"https:\/\/arantv.az\/index.php?rest_route=\/wp\/v2\/posts"}],"about":[{"href":"https:\/\/arantv.az\/index.php?rest_route=\/wp\/v2\/types\/post"}],"author":[{"embeddable":true,"href":"https:\/\/arantv.az\/index.php?rest_route=\/wp\/v2\/users\/2"}],"replies":[{"embeddable":true,"href":"https:\/\/arantv.az\/index.php?rest_route=%2Fwp%2Fv2%2Fcomments&post=40502"}],"version-history":[{"count":0,"href":"https:\/\/arantv.az\/index.php?rest_route=\/wp\/v2\/posts\/40502\/revisions"}],"wp:featuredmedia":[{"embeddable":true,"href":"https:\/\/arantv.az\/index.php?rest_route=\/wp\/v2\/media\/40503"}],"wp:attachment":[{"href":"https:\/\/arantv.az\/index.php?rest_route=%2Fwp%2Fv2%2Fmedia&parent=40502"}],"wp:term":[{"taxonomy":"category","embeddable":true,"href":"https:\/\/arantv.az\/index.php?rest_route=%2Fwp%2Fv2%2Fcategories&post=40502"},{"taxonomy":"post_tag","embeddable":true,"href":"https:\/\/arantv.az\/index.php?rest_route=%2Fwp%2Fv2%2Ftags&post=40502"}],"curies":[{"name":"wp","href":"https:\/\/api.w.org\/{rel}","templated":true}]}}