{"id":40508,"date":"2019-02-21T16:20:14","date_gmt":"2019-02-21T13:20:14","guid":{"rendered":"http:\/\/arantv.az\/?p=40508"},"modified":"2019-02-21T16:20:14","modified_gmt":"2019-02-21T13:20:14","slug":"at%c9%99t-pa-prezidenti-qarabag-munaqis%c9%99sinin-h%c9%99lli-ucun-s%c9%99yl%c9%99ri-ikiqat-artirmaq-lazimdir","status":"publish","type":"post","link":"https:\/\/arantv.az\/?p=40508","title":{"rendered":"AT\u018fT PA prezidenti: &#8220;Qaraba\u011f m\u00fcnaqi\u015f\u0259sinin h\u0259lli \u00fc\u00e7\u00fcn s\u0259yl\u0259ri ikiqat art\u0131rmaq laz\u0131md\u0131r&#8221;"},"content":{"rendered":"<blockquote><p><em><strong>AT\u018fT m\u0259kan\u0131nda h\u0259ll olunmam\u0131\u015f m\u00fcnaqi\u015f\u0259l\u0259rin nizamlanmas\u0131 \u00fc\u00e7\u00fcn s\u0259yl\u0259ri ikiqat art\u0131rmaq laz\u0131md\u0131r.<\/strong><\/em><\/p><\/blockquote>\n<p><strong>ARANTV.AZ<\/strong> report-a istinad\u0259n\u00a0x\u0259b\u0259r verir ki, bunu AT\u018fT-in Parlament Assambleyas\u0131n\u0131n prezidenti Giorgi Tsereteli Vyanada AT\u018fT PA-n\u0131n q\u0131\u015f sessiyas\u0131n\u0131n a\u00e7\u0131l\u0131\u015f\u0131nda deyib.<\/p>\n<p>AT\u018fT PA-n\u0131n prezidenti \u00e7\u0131x\u0131\u015f\u0131 zaman\u0131 C\u0259nubi Qafqazdak\u0131 m\u00fcnaqi\u015f\u0259l\u0259rin h\u0259l\u0259 d\u0259 h\u0259ll olunmam\u0131\u015f qald\u0131\u011f\u0131n\u0131 qeyd edib.<\/p>\n<p>&#8220;Y\u00fcks\u0259k s\u0259viyy\u0259d\u0259 Da\u011fl\u0131q Qaraba\u011f m\u00fcnaqi\u015f\u0259sinin h\u0259lli v\u0259 onun \u0259traf\u0131ndak\u0131 g\u0259rginliyin azald\u0131lmas\u0131 \u00fc\u00e7\u00fcn intensiv s\u0259yl\u0259r g\u00f6st\u0259rilir, eyni zamanda G\u00fcrc\u00fcstandak\u0131 m\u00fcnaqi\u015f\u0259nin h\u0259llind\u0259 he\u00e7 bir ir\u0259lil\u0259yi\u015f yoxdur&#8221;, &#8211; G.Tsereteli deyib.<\/p>\n","protected":false},"excerpt":{"rendered":"<p>AT\u018fT m\u0259kan\u0131nda h\u0259ll olunmam\u0131\u015f m\u00fcnaqi\u015f\u0259l\u0259rin nizamlanmas\u0131 \u00fc\u00e7\u00fcn s\u0259yl\u0259ri ikiqat art\u0131rmaq laz\u0131md\u0131r. ARANTV.AZ report-a istinad\u0259n\u00a0x\u0259b\u0259r verir ki, bunu AT\u018fT-in Parlament Assambleyas\u0131n\u0131n prezidenti Giorgi Tsereteli Vyanada AT\u018fT PA-n\u0131n q\u0131\u015f sessiyas\u0131n\u0131n a\u00e7\u0131l\u0131\u015f\u0131nda deyib. AT\u018fT PA-n\u0131n prezidenti \u00e7\u0131x\u0131\u015f\u0131 zaman\u0131 C\u0259nubi Qafqazdak\u0131 m\u00fcnaqi\u015f\u0259l\u0259rin h\u0259l\u0259 d\u0259 h\u0259ll olunmam\u0131\u015f qald\u0131\u011f\u0131n\u0131 qeyd edib. &#8220;Y\u00fcks\u0259k s\u0259viyy\u0259d\u0259 Da\u011fl\u0131q Qaraba\u011f m\u00fcnaqi\u015f\u0259sinin h\u0259lli v\u0259 onun \u0259traf\u0131ndak\u0131 g\u0259rginliyin azald\u0131lmas\u0131 \u00fc\u00e7\u00fcn intensiv s\u0259yl\u0259r g\u00f6st\u0259rilir, eyni zamanda G\u00fcrc\u00fcstandak\u0131 m\u00fcnaqi\u015f\u0259nin h\u0259llind\u0259 he\u00e7 bir ir\u0259lil\u0259yi\u015f yoxdur&#8221;, &#8211; G.Tsereteli deyib.<\/p>\n","protected":false},"author":2,"featured_media":40509,"comment_status":"closed","ping_status":"closed","sticky":false,"template":"","format":"standard","meta":{"om_disable_all_campaigns":false,"_monsterinsights_skip_tracking":false,"_monsterinsights_sitenote_active":false,"_monsterinsights_sitenote_note":"","_monsterinsights_sitenote_category":0},"categories":[4],"tags":[],"aioseo_notices":[],"gutentor_comment":0,"rttpg_featured_image_url":{"full":["https:\/\/arantv.az\/wp-content\/uploads\/2019\/02\/giorgi_tsereteli.jpg",815,543,false],"landscape":["https:\/\/arantv.az\/wp-content\/uploads\/2019\/02\/giorgi_tsereteli.jpg",815,543,false],"portraits":["https:\/\/arantv.az\/wp-content\/uploads\/2019\/02\/giorgi_tsereteli.jpg",815,543,false],"thumbnail":["https:\/\/arantv.az\/wp-content\/uploads\/2019\/02\/giorgi_tsereteli-150x150.jpg",150,150,true],"medium":["https:\/\/arantv.az\/wp-content\/uploads\/2019\/02\/giorgi_tsereteli-300x200.jpg",300,200,true],"large":["https:\/\/arantv.az\/wp-content\/uploads\/2019\/02\/giorgi_tsereteli.jpg",640,426,false],"1536x1536":["https:\/\/arantv.az\/wp-content\/uploads\/2019\/02\/giorgi_tsereteli.jpg",815,543,false],"2048x2048":["https:\/\/arantv.az\/wp-content\/uploads\/2019\/02\/giorgi_tsereteli.jpg",815,543,false],"post-thumbnail":["https:\/\/arantv.az\/wp-content\/uploads\/2019\/02\/giorgi_tsereteli-240x172.jpg",240,172,true],"advps-thumb-one":["https:\/\/arantv.az\/wp-content\/uploads\/2019\/02\/giorgi_tsereteli.jpg",815,543,false]},"rttpg_author":{"display_name":"V\u00fcsal Rafiqo\u011flu","author_link":"https:\/\/arantv.az\/?author=2"},"rttpg_comment":0,"rttpg_category":"<a href=\"https:\/\/arantv.az\/?cat=4\" rel=\"category\">Siyas\u0259t<\/a>","rttpg_excerpt":"AT\u018fT m\u0259kan\u0131nda h\u0259ll olunmam\u0131\u015f m\u00fcnaqi\u015f\u0259l\u0259rin nizamlanmas\u0131 \u00fc\u00e7\u00fcn s\u0259yl\u0259ri ikiqat art\u0131rmaq laz\u0131md\u0131r. ARANTV.AZ report-a istinad\u0259n\u00a0x\u0259b\u0259r verir ki, bunu AT\u018fT-in Parlament Assambleyas\u0131n\u0131n prezidenti Giorgi Tsereteli Vyanada AT\u018fT PA-n\u0131n q\u0131\u015f sessiyas\u0131n\u0131n a\u00e7\u0131l\u0131\u015f\u0131nda deyib. AT\u018fT PA-n\u0131n prezidenti \u00e7\u0131x\u0131\u015f\u0131 zaman\u0131 C\u0259nubi Qafqazdak\u0131 m\u00fcnaqi\u015f\u0259l\u0259rin h\u0259l\u0259 d\u0259 h\u0259ll olunmam\u0131\u015f qald\u0131\u011f\u0131n\u0131 qeyd edib. &#8220;Y\u00fcks\u0259k s\u0259viyy\u0259d\u0259 Da\u011fl\u0131q Qaraba\u011f m\u00fcnaqi\u015f\u0259sinin h\u0259lli v\u0259 onun \u0259traf\u0131ndak\u0131 g\u0259rginliyin&hellip;","_links":{"self":[{"href":"https:\/\/arantv.az\/index.php?rest_route=\/wp\/v2\/posts\/40508"}],"collection":[{"href":"https:\/\/arantv.az\/index.php?rest_route=\/wp\/v2\/posts"}],"about":[{"href":"https:\/\/arantv.az\/index.php?rest_route=\/wp\/v2\/types\/post"}],"author":[{"embeddable":true,"href":"https:\/\/arantv.az\/index.php?rest_route=\/wp\/v2\/users\/2"}],"replies":[{"embeddable":true,"href":"https:\/\/arantv.az\/index.php?rest_route=%2Fwp%2Fv2%2Fcomments&post=40508"}],"version-history":[{"count":0,"href":"https:\/\/arantv.az\/index.php?rest_route=\/wp\/v2\/posts\/40508\/revisions"}],"wp:featuredmedia":[{"embeddable":true,"href":"https:\/\/arantv.az\/index.php?rest_route=\/wp\/v2\/media\/40509"}],"wp:attachment":[{"href":"https:\/\/arantv.az\/index.php?rest_route=%2Fwp%2Fv2%2Fmedia&parent=40508"}],"wp:term":[{"taxonomy":"category","embeddable":true,"href":"https:\/\/arantv.az\/index.php?rest_route=%2Fwp%2Fv2%2Fcategories&post=40508"},{"taxonomy":"post_tag","embeddable":true,"href":"https:\/\/arantv.az\/index.php?rest_route=%2Fwp%2Fv2%2Ftags&post=40508"}],"curies":[{"name":"wp","href":"https:\/\/api.w.org\/{rel}","templated":true}]}}