{"id":40511,"date":"2019-02-21T16:28:23","date_gmt":"2019-02-21T13:28:23","guid":{"rendered":"http:\/\/arantv.az\/?p=40511"},"modified":"2019-02-21T16:28:23","modified_gmt":"2019-02-21T13:28:23","slug":"turkiy%c9%99d%c9%99-yeni-%c9%99m%c9%99liyyat-terrora-hazirlasan-10-n%c9%99f%c9%99r-saxlanildi","status":"publish","type":"post","link":"https:\/\/arantv.az\/?p=40511","title":{"rendered":"T\u00fcrkiy\u0259d\u0259 yeni \u018fM\u018fL\u0130YYAT &#8211; Terrora haz\u0131rla\u015fan 10 n\u0259f\u0259r saxlan\u0131ld\u0131"},"content":{"rendered":"<p><strong>T\u00fcrkiy\u0259nin \u0130zmir vilay\u0259tind\u0259 polis x\u00fcsusi \u0259m\u0259liyyat ke\u00e7irib.<\/strong><\/p>\n<p><strong>ARANTV.AZ<\/strong> trend-\u0259 istinad\u0259n x\u0259b\u0259r verir ki, \u0259m\u0259liyyat n\u0259tic\u0259sind\u0259 PKK terror t\u0259\u015fkilat\u0131n\u0131n 10 silahl\u0131s\u0131 saxlan\u0131l\u0131b.<\/p>\n<p>H\u0259min \u015f\u0259xsl\u0259rin mart\u0131n 31-i ke\u00e7iril\u0259c\u0259k b\u0259l\u0259diyy\u0259 se\u00e7kil\u0259ri \u0259r\u0259f\u0259sind\u0259 terror aktlar\u0131 planla\u015fd\u0131rd\u0131\u011f\u0131 m\u00fc\u0259yy\u0259n edilib.<\/p>\n<div id=\"AdributorNativeVideo0\" class=\"AdributorNativeVideo\"><\/div>\n<p>Qeyd olunur ki, saxlan\u0131lanlar, h\u0259m\u00e7inin bu ay \u0130zmirin s\u0259naye zonas\u0131nda ba\u015f vermi\u015f partlay\u0131\u015f\u0131n t\u0259\u015fkilind\u0259 i\u015ftirak edibl\u0259r.<\/p>\n","protected":false},"excerpt":{"rendered":"<p>T\u00fcrkiy\u0259nin \u0130zmir vilay\u0259tind\u0259 polis x\u00fcsusi \u0259m\u0259liyyat ke\u00e7irib. ARANTV.AZ trend-\u0259 istinad\u0259n x\u0259b\u0259r verir ki, \u0259m\u0259liyyat n\u0259tic\u0259sind\u0259 PKK terror t\u0259\u015fkilat\u0131n\u0131n 10 silahl\u0131s\u0131 saxlan\u0131l\u0131b. H\u0259min \u015f\u0259xsl\u0259rin mart\u0131n 31-i ke\u00e7iril\u0259c\u0259k b\u0259l\u0259diyy\u0259 se\u00e7kil\u0259ri \u0259r\u0259f\u0259sind\u0259 terror aktlar\u0131 planla\u015fd\u0131rd\u0131\u011f\u0131 m\u00fc\u0259yy\u0259n edilib. Qeyd olunur ki, saxlan\u0131lanlar, h\u0259m\u00e7inin bu ay \u0130zmirin s\u0259naye zonas\u0131nda ba\u015f vermi\u015f partlay\u0131\u015f\u0131n t\u0259\u015fkilind\u0259 i\u015ftirak edibl\u0259r.<\/p>\n","protected":false},"author":2,"featured_media":40512,"comment_status":"closed","ping_status":"closed","sticky":false,"template":"","format":"standard","meta":{"om_disable_all_campaigns":false,"_monsterinsights_skip_tracking":false,"_monsterinsights_sitenote_active":false,"_monsterinsights_sitenote_note":"","_monsterinsights_sitenote_category":0},"categories":[7],"tags":[],"aioseo_notices":[],"gutentor_comment":0,"rttpg_featured_image_url":{"full":["https:\/\/arantv.az\/wp-content\/uploads\/2019\/02\/turk_polis_3rfh576767-1.jpg",800,600,false],"landscape":["https:\/\/arantv.az\/wp-content\/uploads\/2019\/02\/turk_polis_3rfh576767-1.jpg",800,600,false],"portraits":["https:\/\/arantv.az\/wp-content\/uploads\/2019\/02\/turk_polis_3rfh576767-1.jpg",800,600,false],"thumbnail":["https:\/\/arantv.az\/wp-content\/uploads\/2019\/02\/turk_polis_3rfh576767-1-150x150.jpg",150,150,true],"medium":["https:\/\/arantv.az\/wp-content\/uploads\/2019\/02\/turk_polis_3rfh576767-1-300x225.jpg",300,225,true],"large":["https:\/\/arantv.az\/wp-content\/uploads\/2019\/02\/turk_polis_3rfh576767-1.jpg",640,480,false],"1536x1536":["https:\/\/arantv.az\/wp-content\/uploads\/2019\/02\/turk_polis_3rfh576767-1.jpg",800,600,false],"2048x2048":["https:\/\/arantv.az\/wp-content\/uploads\/2019\/02\/turk_polis_3rfh576767-1.jpg",800,600,false],"post-thumbnail":["https:\/\/arantv.az\/wp-content\/uploads\/2019\/02\/turk_polis_3rfh576767-1-240x172.jpg",240,172,true],"advps-thumb-one":["https:\/\/arantv.az\/wp-content\/uploads\/2019\/02\/turk_polis_3rfh576767-1.jpg",800,600,false]},"rttpg_author":{"display_name":"V\u00fcsal Rafiqo\u011flu","author_link":"https:\/\/arantv.az\/?author=2"},"rttpg_comment":0,"rttpg_category":"<a href=\"https:\/\/arantv.az\/?cat=7\" rel=\"category\">D\u00fcnya<\/a>","rttpg_excerpt":"T\u00fcrkiy\u0259nin \u0130zmir vilay\u0259tind\u0259 polis x\u00fcsusi \u0259m\u0259liyyat ke\u00e7irib. ARANTV.AZ trend-\u0259 istinad\u0259n x\u0259b\u0259r verir ki, \u0259m\u0259liyyat n\u0259tic\u0259sind\u0259 PKK terror t\u0259\u015fkilat\u0131n\u0131n 10 silahl\u0131s\u0131 saxlan\u0131l\u0131b. H\u0259min \u015f\u0259xsl\u0259rin mart\u0131n 31-i ke\u00e7iril\u0259c\u0259k b\u0259l\u0259diyy\u0259 se\u00e7kil\u0259ri \u0259r\u0259f\u0259sind\u0259 terror aktlar\u0131 planla\u015fd\u0131rd\u0131\u011f\u0131 m\u00fc\u0259yy\u0259n edilib. Qeyd olunur ki, saxlan\u0131lanlar, h\u0259m\u00e7inin bu ay \u0130zmirin s\u0259naye zonas\u0131nda ba\u015f vermi\u015f partlay\u0131\u015f\u0131n t\u0259\u015fkilind\u0259 i\u015ftirak edibl\u0259r.","_links":{"self":[{"href":"https:\/\/arantv.az\/index.php?rest_route=\/wp\/v2\/posts\/40511"}],"collection":[{"href":"https:\/\/arantv.az\/index.php?rest_route=\/wp\/v2\/posts"}],"about":[{"href":"https:\/\/arantv.az\/index.php?rest_route=\/wp\/v2\/types\/post"}],"author":[{"embeddable":true,"href":"https:\/\/arantv.az\/index.php?rest_route=\/wp\/v2\/users\/2"}],"replies":[{"embeddable":true,"href":"https:\/\/arantv.az\/index.php?rest_route=%2Fwp%2Fv2%2Fcomments&post=40511"}],"version-history":[{"count":0,"href":"https:\/\/arantv.az\/index.php?rest_route=\/wp\/v2\/posts\/40511\/revisions"}],"wp:featuredmedia":[{"embeddable":true,"href":"https:\/\/arantv.az\/index.php?rest_route=\/wp\/v2\/media\/40512"}],"wp:attachment":[{"href":"https:\/\/arantv.az\/index.php?rest_route=%2Fwp%2Fv2%2Fmedia&parent=40511"}],"wp:term":[{"taxonomy":"category","embeddable":true,"href":"https:\/\/arantv.az\/index.php?rest_route=%2Fwp%2Fv2%2Fcategories&post=40511"},{"taxonomy":"post_tag","embeddable":true,"href":"https:\/\/arantv.az\/index.php?rest_route=%2Fwp%2Fv2%2Ftags&post=40511"}],"curies":[{"name":"wp","href":"https:\/\/api.w.org\/{rel}","templated":true}]}}