{"id":40547,"date":"2019-02-22T08:50:07","date_gmt":"2019-02-22T05:50:07","guid":{"rendered":"http:\/\/arantv.az\/?p=40547"},"modified":"2019-02-22T08:50:07","modified_gmt":"2019-02-22T05:50:07","slug":"estoniyanin-xarici-isl%c9%99r-naziri-az%c9%99rbaycan-simal-c%c9%99nub-n%c9%99qliyyat-d%c9%99hlizinin-regional-qovsaqlarindan-biridir","status":"publish","type":"post","link":"https:\/\/arantv.az\/?p=40547","title":{"rendered":"Estoniyan\u0131n xarici i\u015fl\u0259r naziri: &#8220;Az\u0259rbaycan &#8220;\u015eimal-C\u0259nub&#8221; n\u0259qliyyat d\u0259hlizinin regional qov\u015faqlar\u0131ndan biridir&#8221;"},"content":{"rendered":"<p>Az\u0259rbaycan &#8220;\u015eimal-C\u0259nub&#8221; n\u0259qliyyat d\u0259hlizinin regional qov\u015faqlar\u0131ndan biridir.<\/p>\n<p><strong>ARANTV.AZ<\/strong> bildirir ki, bunu\u00a0<a href=\"http:\/\/azernews.az\/\" target=\"_blank\" rel=\"noopener\">Azernews<\/a>\u00a0v\u0259\u00a0<a href=\"http:\/\/az.trend.az\/\" target=\"_blank\" rel=\"noopener\">Trend<\/a>-\u0259 m\u00fcsahib\u0259sind\u0259 Estoniyan\u0131n xarici i\u015fl\u0259r naziri Sven Mikser deyib.<\/p>\n<p>Nazir qeyd edib ki, Az\u0259rbaycan v\u0259 Estoniya iqtisadi sah\u0259d\u0259 \u0259m\u0259kda\u015fl\u0131q \u00fc\u00e7\u00fcn b\u00f6y\u00fck potensiala malikdir:<\/p>\n<p>&#8220;Biz h\u0259l\u0259 d\u0259 \u0259m\u0259kda\u015fl\u0131q \u00fc\u00e7\u00fcn imkanlar\u0131n \u00f6yr\u0259nilm\u0259si m\u0259rh\u0259l\u0259sind\u0259yik. \u00d6lk\u0259 h\u00f6kum\u0259tl\u0259ri m\u00fcnt\u0259z\u0259m olaraq ticar\u0259t v\u0259 investisiyalara k\u00f6m\u0259k m\u0259qs\u0259dil\u0259 ikit\u0259r\u0259fli \u0259m\u0259kda\u015fl\u0131q m\u0259s\u0259l\u0259l\u0259rinin m\u00fczakir\u0259si \u00fc\u00e7\u00fcn h\u00f6kum\u0259tl\u0259raras\u0131 komissiyan\u0131n iclaslar\u0131n\u0131 ke\u00e7irir. Estoniya Az\u0259rbaycanla n\u0259qliyyat v\u0259 logistika sah\u0259sind\u0259 \u0259m\u0259kda\u015fl\u0131qdan maraql\u0131d\u0131r. \u00c7\u00fcnki \u00f6lk\u0259nin m\u00f6vqeyi s\u00fcr\u0259tl\u0259 inki\u015faf ed\u0259n &#8220;\u015eimal-C\u0259nub&#8221; tranzit d\u0259hlizinin regional qov\u015faqlar\u0131ndan birin\u0259 \u00e7evrilm\u0259y\u0259 imkan yarad\u0131r&#8221;.<\/p>\n<p>S.Mikser vur\u011fulay\u0131b ki, k\u0259nd t\u0259s\u0259rr\u00fcfat\u0131 v\u0259 s\u0259hiyy\u0259 sah\u0259l\u0259rind\u0259 \u0259m\u0259kda\u015fl\u0131qda qar\u015f\u0131l\u0131ql\u0131 maraq k\u0259sb edir:<\/p>\n<p>&#8220;T\u0259r\u0259fl\u0259r energetika, qida m\u0259hsullar\u0131n\u0131n emal\u0131 v\u0259 istehsal\u0131 kimi sah\u0259l\u0259rd\u0259 \u0259m\u0259kda\u015fl\u0131q imkanlar\u0131n\u0131 m\u00fczakir\u0259 edib v\u0259 biz \u00fcmid edirik ki, bu \u0259laq\u0259l\u0259r t\u0259r\u0259fda\u015fl\u0131q m\u00fcnasib\u0259tl\u0259rin\u0259 \u00e7evril\u0259c\u0259k&#8221;.<\/p>\n<p>Estoniyal\u0131 nazir bildirib ki, iki \u00f6lk\u0259 \u0130KT v\u0259 t\u0259hsil sah\u0259l\u0259rind\u0259 d\u0259 s\u0131x \u0259m\u0259kda\u015fl\u0131q edir v\u0259 d\u00f6vl\u0259tl\u0259rin iqtisadi m\u00fcnasib\u0259tl\u0259rin inki\u015faf\u0131 v\u0259 ticar\u0259t d\u00f6vriyy\u0259sinin art\u0131r\u0131lmas\u0131 \u00fczr\u0259 b\u00f6y\u00fck potensial\u0131 var:<\/p>\n<p>&#8220;Estoniyan\u0131n &#8220;Germalo&#8221; turizm agentliyi Az\u0259rbaycana m\u00fcnt\u0259z\u0259m turlar t\u0259\u015fkil edir. \u0130ki \u00f6lk\u0259 aras\u0131nda turizm ax\u0131n\u0131 arta bil\u0259r. Son bir ne\u00e7\u0259 il \u0259rzind\u0259 Az\u0259rbaycan v\u0259t\u0259nda\u015flar\u0131na veril\u0259n Estoniya vizalar\u0131n\u0131n say\u0131 eyni s\u0259viyy\u0259d\u0259 qal\u0131b. \u018fmin\u0259m ki, insanlar aras\u0131nda \u0259laq\u0259l\u0259rin \u00e7oxalmas\u0131, el\u0259c\u0259 d\u0259 m\u0259d\u0259ni v\u0259 i\u015fg\u00fczar \u0259laq\u0259l\u0259r turist say\u0131n\u0131n artmas\u0131na k\u00f6m\u0259k ed\u0259c\u0259k&#8221;.<\/p>\n<p>Siyasi m\u00fcnasib\u0259tl\u0259rd\u0259n dan\u0131\u015fan S.Mikser qeyd edib ki, Estoniya il\u0259 Az\u0259rbaycan aras\u0131nda ikit\u0259r\u0259fli m\u00fcnasib\u0259tl\u0259r stabildir:<\/p>\n<p>&#8220;Son ill\u0259rd\u0259 biz siyasi \u0259m\u0259kda\u015fl\u0131\u011f\u0131n m\u00f6hk\u0259ml\u0259nm\u0259sind\u0259 ir\u0259lil\u0259yi\u015f\u0259 nail olmu\u015fuq. Biz parlamentl\u0259rimiz aras\u0131nda yax\u015f\u0131 \u0259laq\u0259l\u0259ri m\u0259mnunluqla qeyd edirik. Vitse-spikerimiz 2018-ci ilin oktyabr\u0131nda Bak\u0131ya s\u0259f\u0259r edib. Estoniya h\u00f6kum\u0259ti &#8220;\u015e\u0259rq t\u0259r\u0259fda\u015fl\u0131\u011f\u0131&#8221; \u00f6lk\u0259l\u0259ri il\u0259 \u0259m\u0259kda\u015fl\u0131\u011f\u0131 qiym\u0259tl\u0259ndirir v\u0259 Avropa \u0130ttifaq\u0131nda bu t\u0259\u015f\u0259bb\u00fcs\u00fc f\u0259al t\u0259\u015fviq edir. A\u0130 Az\u0259rbaycan\u0131n vacib t\u0259r\u0259fda\u015f\u0131d\u0131r v\u0259 biz A\u0130-Az\u0259rbaycan m\u00fcnasib\u0259tl\u0259rind\u0259 m\u00fcsb\u0259t dinamikan\u0131 alq\u0131\u015flay\u0131r\u0131q. A\u0130 v\u0259 Az\u0259rbaycan haz\u0131rda \u0259m\u0259kda\u015fl\u0131\u011f\u0131n daha d\u0259rinl\u0259\u015fdirilm\u0259si \u00fc\u00e7\u00fcn yeni \u00e7\u0259r\u00e7iv\u0259 sazi\u015fi bar\u0259d\u0259 dan\u0131\u015f\u0131qlar apar\u0131r. T\u0259bii ki, siyasi dialoqun intensivl\u0259\u015fm\u0259si v\u0259 \u0259m\u0259kda\u015fl\u0131q sah\u0259l\u0259rinin \u015fax\u0259l\u0259ndirilm\u0259sin\u0259 maraq m\u00f6vcuddur&#8221;.<\/p>\n<p>Estoniyal\u0131 nazir, h\u0259m\u00e7inin iki \u00f6lk\u0259 aras\u0131nda humanitar sah\u0259d\u0259 \u0259m\u0259kda\u015fl\u0131q bar\u0259d\u0259 dan\u0131\u015f\u0131b:<\/p>\n<p>&#8220;\u0130ki \u00f6lk\u0259nin universitetl\u0259ri aras\u0131nda yax\u015f\u0131 \u0259m\u0259kda\u015fl\u0131q t\u0259\u015fkil edilib v\u0259 bir \u00e7ox t\u0259l\u0259b\u0259 \u00f6lk\u0259l\u0259rimizd\u0259 t\u0259hsil almaq imkan\u0131 \u0259ld\u0259 edib. T\u0259l\u0259b\u0259 m\u00fcbadil\u0259si \u00f6lk\u0259l\u0259rimiz aras\u0131nda dostlu\u011fun inki\u015faf ed\u0259 bil\u0259c\u0259yi m\u00f6hk\u0259m bazad\u0131r. M\u0259n \u00e7ox \u015fadam ki, Estoniyan\u0131n inc\u0259s\u0259n\u0259t n\u00fcmay\u0259nd\u0259l\u0259ri eston m\u0259d\u0259niyy\u0259tini Az\u0259rbaycanda t\u0259qdim etm\u0259k imkan\u0131 qazan\u0131b. Eyni zamanda, son 20 il \u0259rzind\u0259 \u015eimali Avropan\u0131n \u0259n iri kinofestivallar\u0131ndan hesab olunan &#8220;Qaranl\u0131q gec\u0259l\u0259r&#8221; Tallin kinofestival\u0131nda d\u0259f\u0259l\u0259rl\u0259 Az\u0259rbaycan filml\u0259ri n\u00fcmayi\u015f etdirilib&#8221;.<\/p>\n","protected":false},"excerpt":{"rendered":"<p>Az\u0259rbaycan &#8220;\u015eimal-C\u0259nub&#8221; n\u0259qliyyat d\u0259hlizinin regional qov\u015faqlar\u0131ndan biridir. ARANTV.AZ bildirir ki, bunu\u00a0Azernews\u00a0v\u0259\u00a0Trend-\u0259 m\u00fcsahib\u0259sind\u0259 Estoniyan\u0131n xarici i\u015fl\u0259r naziri Sven Mikser deyib. Nazir qeyd edib ki, Az\u0259rbaycan v\u0259 Estoniya iqtisadi sah\u0259d\u0259 \u0259m\u0259kda\u015fl\u0131q \u00fc\u00e7\u00fcn b\u00f6y\u00fck potensiala malikdir: &#8220;Biz h\u0259l\u0259 d\u0259 \u0259m\u0259kda\u015fl\u0131q \u00fc\u00e7\u00fcn imkanlar\u0131n \u00f6yr\u0259nilm\u0259si m\u0259rh\u0259l\u0259sind\u0259yik. \u00d6lk\u0259 h\u00f6kum\u0259tl\u0259ri m\u00fcnt\u0259z\u0259m olaraq ticar\u0259t v\u0259 investisiyalara k\u00f6m\u0259k m\u0259qs\u0259dil\u0259 ikit\u0259r\u0259fli \u0259m\u0259kda\u015fl\u0131q m\u0259s\u0259l\u0259l\u0259rinin m\u00fczakir\u0259si \u00fc\u00e7\u00fcn h\u00f6kum\u0259tl\u0259raras\u0131 komissiyan\u0131n iclaslar\u0131n\u0131 ke\u00e7irir. Estoniya Az\u0259rbaycanla n\u0259qliyyat v\u0259 logistika sah\u0259sind\u0259 \u0259m\u0259kda\u015fl\u0131qdan maraql\u0131d\u0131r. \u00c7\u00fcnki \u00f6lk\u0259nin m\u00f6vqeyi s\u00fcr\u0259tl\u0259 inki\u015faf ed\u0259n &#8220;\u015eimal-C\u0259nub&#8221; tranzit d\u0259hlizinin regional qov\u015faqlar\u0131ndan birin\u0259 \u00e7evrilm\u0259y\u0259 imkan yarad\u0131r&#8221;. S.Mikser vur\u011fulay\u0131b ki, k\u0259nd t\u0259s\u0259rr\u00fcfat\u0131 v\u0259 s\u0259hiyy\u0259 sah\u0259l\u0259rind\u0259&hellip;<\/p>\n","protected":false},"author":2,"featured_media":40548,"comment_status":"closed","ping_status":"closed","sticky":false,"template":"","format":"standard","meta":{"om_disable_all_campaigns":false,"_monsterinsights_skip_tracking":false,"_monsterinsights_sitenote_active":false,"_monsterinsights_sitenote_note":"","_monsterinsights_sitenote_category":0},"categories":[4],"tags":[],"aioseo_notices":[],"gutentor_comment":0,"rttpg_featured_image_url":{"full":["https:\/\/arantv.az\/wp-content\/uploads\/2019\/02\/732897.jpg",277,240,false],"landscape":["https:\/\/arantv.az\/wp-content\/uploads\/2019\/02\/732897.jpg",277,240,false],"portraits":["https:\/\/arantv.az\/wp-content\/uploads\/2019\/02\/732897.jpg",277,240,false],"thumbnail":["https:\/\/arantv.az\/wp-content\/uploads\/2019\/02\/732897-150x150.jpg",150,150,true],"medium":["https:\/\/arantv.az\/wp-content\/uploads\/2019\/02\/732897.jpg",277,240,false],"large":["https:\/\/arantv.az\/wp-content\/uploads\/2019\/02\/732897.jpg",277,240,false],"1536x1536":["https:\/\/arantv.az\/wp-content\/uploads\/2019\/02\/732897.jpg",277,240,false],"2048x2048":["https:\/\/arantv.az\/wp-content\/uploads\/2019\/02\/732897.jpg",277,240,false],"post-thumbnail":["https:\/\/arantv.az\/wp-content\/uploads\/2019\/02\/732897-240x172.jpg",240,172,true],"advps-thumb-one":["https:\/\/arantv.az\/wp-content\/uploads\/2019\/02\/732897.jpg",277,240,false]},"rttpg_author":{"display_name":"V\u00fcsal Rafiqo\u011flu","author_link":"https:\/\/arantv.az\/?author=2"},"rttpg_comment":0,"rttpg_category":"<a href=\"https:\/\/arantv.az\/?cat=4\" rel=\"category\">Siyas\u0259t<\/a>","rttpg_excerpt":"Az\u0259rbaycan &#8220;\u015eimal-C\u0259nub&#8221; n\u0259qliyyat d\u0259hlizinin regional qov\u015faqlar\u0131ndan biridir. ARANTV.AZ bildirir ki, bunu\u00a0Azernews\u00a0v\u0259\u00a0Trend-\u0259 m\u00fcsahib\u0259sind\u0259 Estoniyan\u0131n xarici i\u015fl\u0259r naziri Sven Mikser deyib. Nazir qeyd edib ki, Az\u0259rbaycan v\u0259 Estoniya iqtisadi sah\u0259d\u0259 \u0259m\u0259kda\u015fl\u0131q \u00fc\u00e7\u00fcn b\u00f6y\u00fck potensiala malikdir: &#8220;Biz h\u0259l\u0259 d\u0259 \u0259m\u0259kda\u015fl\u0131q \u00fc\u00e7\u00fcn imkanlar\u0131n \u00f6yr\u0259nilm\u0259si m\u0259rh\u0259l\u0259sind\u0259yik. \u00d6lk\u0259 h\u00f6kum\u0259tl\u0259ri m\u00fcnt\u0259z\u0259m olaraq ticar\u0259t v\u0259 investisiyalara k\u00f6m\u0259k m\u0259qs\u0259dil\u0259 ikit\u0259r\u0259fli \u0259m\u0259kda\u015fl\u0131q m\u0259s\u0259l\u0259l\u0259rinin m\u00fczakir\u0259si \u00fc\u00e7\u00fcn&hellip;","_links":{"self":[{"href":"https:\/\/arantv.az\/index.php?rest_route=\/wp\/v2\/posts\/40547"}],"collection":[{"href":"https:\/\/arantv.az\/index.php?rest_route=\/wp\/v2\/posts"}],"about":[{"href":"https:\/\/arantv.az\/index.php?rest_route=\/wp\/v2\/types\/post"}],"author":[{"embeddable":true,"href":"https:\/\/arantv.az\/index.php?rest_route=\/wp\/v2\/users\/2"}],"replies":[{"embeddable":true,"href":"https:\/\/arantv.az\/index.php?rest_route=%2Fwp%2Fv2%2Fcomments&post=40547"}],"version-history":[{"count":0,"href":"https:\/\/arantv.az\/index.php?rest_route=\/wp\/v2\/posts\/40547\/revisions"}],"wp:featuredmedia":[{"embeddable":true,"href":"https:\/\/arantv.az\/index.php?rest_route=\/wp\/v2\/media\/40548"}],"wp:attachment":[{"href":"https:\/\/arantv.az\/index.php?rest_route=%2Fwp%2Fv2%2Fmedia&parent=40547"}],"wp:term":[{"taxonomy":"category","embeddable":true,"href":"https:\/\/arantv.az\/index.php?rest_route=%2Fwp%2Fv2%2Fcategories&post=40547"},{"taxonomy":"post_tag","embeddable":true,"href":"https:\/\/arantv.az\/index.php?rest_route=%2Fwp%2Fv2%2Ftags&post=40547"}],"curies":[{"name":"wp","href":"https:\/\/api.w.org\/{rel}","templated":true}]}}