{"id":40551,"date":"2019-02-22T09:08:47","date_gmt":"2019-02-22T06:08:47","guid":{"rendered":"http:\/\/arantv.az\/?p=40551"},"modified":"2019-02-22T09:08:47","modified_gmt":"2019-02-22T06:08:47","slug":"mehriban-%c9%99liyeva-milli-m%c9%99d%c9%99niyy%c9%99tin-inkisafina-misilsiz-tohf%c9%99-verir-professor","status":"publish","type":"post","link":"https:\/\/arantv.az\/?p=40551","title":{"rendered":"Mehriban \u018fliyeva milli m\u0259d\u0259niyy\u0259tin inki\u015faf\u0131na misilsiz t\u00f6hf\u0259 verir &#8211; Professor"},"content":{"rendered":"<p><strong>Az\u0259rbaycan\u0131n Birinci vitse-prezidenti, Heyd\u0259r \u018fliyev Fondunun prezidenti Mehriban \u018fliyevan\u0131n say\u0259sind\u0259 tarixi irs v\u0259 milli m\u0259d\u0259niyy\u0259tin qorunmas\u0131, inki\u015faf\u0131 v\u0259 t\u0259bli\u011fin\u0259 b\u00f6y\u00fck diqq\u0259t ayr\u0131l\u0131r. Bunu Trend-\u0259 Az\u0259rbaycan B\u0259st\u0259karlar \u0130ttifaq\u0131n\u0131n s\u0259dri, YUNESKO-nun \u201cS\u00fclh artisti\u201d, \u201c\u015e\u0259r\u0259f\u201d ordenli, Xalq artisti, professor Fir\u0259ngiz \u018flizad\u0259 deyib.<\/strong><\/p>\n<p>F.\u018flizad\u0259 bildirib ki, Birinci vitse-prezident Mehriban \u018fliyevan\u0131n h\u0259r zaman yeniliy\u0259 v\u0259 t\u0259r\u0259qqiy\u0259 a\u00e7\u0131q oldu\u011funu, yarad\u0131c\u0131 \u015f\u0259xsl\u0259r\u0259, layih\u0259l\u0259r\u0259, s\u0259n\u0259tkarlara v\u0259 g\u0259nc istedadlara d\u0259st\u0259k verdiyini, milli m\u0259d\u0259niyy\u0259tin inki\u015faf\u0131na misilsiz t\u00f6hf\u0259 verdiyini qeyd etm\u0259k vacibdir: \u201cMehriban \u018fliyevan\u0131n milli irsin qorunmas\u0131nda, q\u0259dim v\u0259 m\u00fcasir m\u0259d\u0259niyy\u0259timizin, musiqi inc\u0259s\u0259n\u0259ti, mu\u011fam v\u0259 b\u0259st\u0259karl\u0131q yarad\u0131c\u0131l\u0131\u011f\u0131n\u0131n t\u0259bli\u011fi v\u0259 inki\u015faf\u0131nda x\u00fcsusi rolu \u00f6lk\u0259mizi b\u00fct\u00fcn d\u00fcnyada tan\u0131td\u0131r\u0131r\u201d.<\/p>\n<p>B\u0259st\u0259karlar \u0130ttifaq\u0131n\u0131n s\u0259dri qeyd edib ki, t\u0259kc\u0259 son ill\u0259r \u0259rzind\u0259 Mehriban \u018fliyevan\u0131n r\u0259hb\u0259rliyi v\u0259 d\u0259st\u0259yi il\u0259 musiqi d\u00fcnyas\u0131n\u0131n y\u00fcks\u0259k qiym\u0259tl\u0259ndirdiyi bir \u00e7ox layih\u0259l\u0259r h\u0259yata ke\u00e7irilib:<\/p>\n<p>\u201cBiz 2009-cu ild\u0259n ke\u00e7iril\u0259n \u201cMu\u011fam d\u00fcnyas\u0131\u201d adl\u0131 m\u00f6ht\u0259\u015f\u0259m beyn\u0259lxalq festival\u0131n t\u0259\u015fkilin\u0259 g\u00f6r\u0259 Heyd\u0259r \u018fliyev Fondunun prezidenti Mehriban \u018fliyevaya x\u00fcsusi minn\u0259tdarl\u0131\u011f\u0131m\u0131z\u0131 bildiririk. T\u0259dbirin t\u0259\u015f\u0259bb\u00fcskar\u0131 Birinci vitse-prezident Mehriban \u018fliyevad\u0131r. Bu festival d\u00fcnya musiqi s\u0259n\u0259ti tarixin\u0259 d\u00fc\u015f\u00fcb. Festival \u00e7\u0259r\u00e7iv\u0259sind\u0259 \u00fc\u00e7 b\u00f6y\u00fck t\u0259dbir ke\u00e7irilir \u2013 az\u0259rbaycanl\u0131 v\u0259 xarici musiqi\u00e7il\u0259rin i\u015ftirak\u0131 il\u0259 konsertl\u0259r, g\u0259nc mu\u011fam ifa\u00e7\u0131lar\u0131n\u0131n beyn\u0259lxalq m\u00fcsabiq\u0259si, YUNESKO s\u0259viyy\u0259sind\u0259 beyn\u0259lxalq elmi simpozium. Festival t\u0259kc\u0259 \u00f6lk\u0259miz \u00fc\u00e7\u00fcn deyil, h\u0259m d\u0259 d\u00fcnya miqyas\u0131nda \u2013 \u0130spaniya Andalusiyas\u0131ndan \u00c7in uy\u011furlar\u0131nad\u0259k n\u0259h\u0259ng m\u0259d\u0259ni d\u0259y\u0259r hesab olunan v\u0259 YUNESKO-nun Qeyri-maddi m\u0259d\u0259ni irs siyah\u0131s\u0131na daxil edilmi\u015f mu\u011fam\u0131n \u0259h\u0259miyy\u0259tini \u0259ks etdirir\u201d.<\/p>\n<p>O \u0259lav\u0259 edib ki, Heyd\u0259r \u018fliyev Fondu Az\u0259rbaycan mu\u011fam\u0131n\u0131n inki\u015faf\u0131 v\u0259 qorunmas\u0131 m\u0259qs\u0259dil\u0259 \u201cAz\u0259rbaycan mu\u011fam\u0131\u201d layih\u0259si \u00e7\u0259r\u00e7iv\u0259sind\u0259 b\u00fct\u00fcn d\u00fcnyada yay\u0131lan \u201cQaraba\u011f xan\u0259nd\u0259l\u0259ri\u201d musiqi albomunu n\u0259\u015fr edib:<\/p>\n<p>\u201cAlboma \u201cQaraba\u011f xan\u0259nd\u0259l\u0259ri\u201d bro\u015f\u00fcr\u00fc v\u0259 24 ustad xan\u0259nd\u0259nin ifas\u0131nda mu\u011fam par\u00e7alar\u0131ndan ibar\u0259t 3 CD daxildir. Bro\u015f\u00fcrd\u0259 layih\u0259nin m\u00fc\u0259llifi v\u0259 r\u0259hb\u0259ri, Heyd\u0259r \u018fliyev Fondunun prezidenti Mehriban \u018fliyevan\u0131n Qaraba\u011f mu\u011fam m\u0259kt\u0259bi haqq\u0131nda fikirl\u0259ri yer al\u0131b. Heyd\u0259r \u018fliyev Fondunun dig\u0259r layih\u0259si, Az\u0259rbaycan mu\u011fam\u0131na h\u0259sr olunmu\u015f \u201cMu\u011fam ensiklopediyas\u0131\u201d n\u0259\u015fri d\u0259 m\u00f6ht\u0259\u015f\u0259mdir. Bu n\u0259\u015fr\u0259 \u201cMu\u011fam ensiklopediyas\u0131\u201d v\u0259 g\u00f6rk\u0259mli mu\u011fam ifa\u00e7\u0131lar\u0131n\u0131n s\u0259s yaz\u0131lar\u0131ndan ibar\u0259t \u201cAz\u0259rbaycan xan\u0259nd\u0259l\u0259ri\u201d kolleksiyas\u0131 daxildir. \u201cMu\u011fam ensiklopediyas\u0131\u201dn\u0131n \u00e7ap n\u0259\u015frind\u0259 geni\u015f informasiya, 1300-\u0259 yax\u0131n m\u0259qal\u0259 toplan\u0131b: mu\u011famla ba\u011fl\u0131 terminl\u0259rin izah\u0131; mu\u011fam ifa\u00e7\u0131lar\u0131 v\u0259 b\u0259st\u0259karlar\u0131n yarad\u0131c\u0131l\u0131\u011f\u0131 bar\u0259d\u0259; q\u0259dim zamanlardan m\u00fcasir d\u00f6vr\u00fcm\u00fcz\u0259d\u0259k d\u00fcnyan\u0131n b\u00f6y\u00fck aliml\u0259rinin musiqiy\u0259, mu\u011fama h\u0259sr olunmu\u015f elmi i\u015fl\u0259ri haqq\u0131nda; az\u0259rbaycanl\u0131 v\u0259 xarici m\u0259d\u0259niyy\u0259t xadiml\u0259rinin mu\u011fam haqq\u0131nda fikirl\u0259ri, el\u0259c\u0259 d\u0259 bir s\u0131ra t\u0259\u015fkilatlar \u2013 musiqi t\u0259hsili m\u00fc\u0259ssis\u0259l\u0259ri, arxivl\u0259r, muzeyl\u0259r, fondlar, musiqi kollektivl\u0259ri bar\u0259d\u0259 m\u0259lumatlar yer al\u0131b. Redaksiya hey\u0259tinin s\u0259dri v\u0259 kitab\u0131n ba\u015f redaktoru Mehriban \u018fliyevad\u0131r. H\u0259m d\u0259 rus dilind\u0259 haz\u0131rlanm\u0131\u015f v\u0259 bir ne\u00e7\u0259 \u00f6lk\u0259d\u0259 t\u0259qdim olunmu\u015f bu n\u0259\u015fr musiqi d\u00fcnyas\u0131nda b\u00f6y\u00fck \u0259ks-s\u0259da do\u011furub. Heyd\u0259r \u018fliyev Fondu m\u00fcasir Az\u0259rbaycan professional musiqi s\u0259n\u0259tinin v\u0259 milli operan\u0131n banisi, Az\u0259rbaycan musiqi m\u0259d\u0259niyy\u0259ti tarixind\u0259 x\u00fcsusi yeri olan \u00dczeyir Hac\u0131b\u0259yliy\u0259 h\u0259sr edilmi\u015f \u201c\u00dczeyir d\u00fcnyas\u0131\u201d layih\u0259sini haz\u0131rlay\u0131b. Bu layih\u0259y\u0259 \u201c\u00d6m\u00fcr salnam\u0259si\u201d, \u201c\u00dczeyir Hac\u0131b\u0259yli ensiklopediyas\u0131\u201d, \u201cB\u0259dii v\u0259 publisistik \u0259s\u0259rl\u0259r\u201d, klavirl\u0259r, librettolar, el\u0259c\u0259 d\u0259 \u201cLeyli v\u0259 M\u0259cnun\u201d, \u201cKoro\u011flu\u201d operalar\u0131n\u0131n, \u201cO olmas\u0131n, bu olsun\u201d musiqili komediyas\u0131n\u0131n CD-l\u0259ri daxildir. Kitaba \u00f6n s\u00f6z\u00fc Az\u0259rbaycan\u0131n Birinci xan\u0131m\u0131, Heyd\u0259r \u018fliyev Fondunun prezidenti Mehriban \u018fliyeva yaz\u0131b. Layih\u0259, h\u0259m\u00e7inin b\u00fct\u00fcn d\u00fcnyada b\u00f6y\u00fck maraq do\u011furub&#8221;.<\/p>\n<p>F.\u018flizad\u0259 xat\u0131rlad\u0131b ki, 2018-ci ild\u0259 Heyd\u0259r \u018fliyev Fondunun t\u0259\u015fkilat\u00e7\u0131l\u0131\u011f\u0131 il\u0259 Bak\u0131, \u015eamax\u0131 v\u0259 Moskvada \u0259n y\u00fcks\u0259k s\u0259viyy\u0259d\u0259 birinci N\u0259simi \u2013 \u015eeir, inc\u0259s\u0259n\u0259t v\u0259 m\u0259n\u0259viyyat Festival\u0131 ke\u00e7irildi, Moskva D\u00f6vl\u0259t Beyn\u0259lxalq M\u00fcnasib\u0259tl\u0259r \u0130nstitutunda bu b\u00f6y\u00fck \u015f\u0259xsiyy\u0259tin b\u00fcst\u00fcn\u00fcn a\u00e7\u0131l\u0131\u015f\u0131 oldu. Yaln\u0131z Mehriban \u018fliyevan\u0131n s\u0259yl\u0259ri say\u0259sind\u0259 Az\u0259rbaycan mu\u011fam\u0131 v\u0259 a\u015f\u0131q s\u0259n\u0259ti YUNESKO-nun Qeyri-maddi m\u0259d\u0259ni irs siyah\u0131s\u0131na daxil edilib. Bu, Mehriban \u018fliyevan\u0131n Az\u0259rbaycan xalq\u0131n\u0131n m\u0259d\u0259ni, musiqi irsinin qorunmas\u0131na verdiyi b\u00f6y\u00fck t\u00f6hf\u0259dir. Biz f\u0259xr edirik v\u0259 inan\u0131r\u0131q ki, Mehriban xan\u0131m Birinci vitse-prezident v\u0259zif\u0259sind\u0259 Az\u0259rbaycan musiqi m\u0259d\u0259niyy\u0259tinin inki\u015faf\u0131na diqq\u0259t v\u0259 qay\u011f\u0131 g\u00f6st\u0259rm\u0259y\u0259 davam etdir\u0259c\u0259k\u201d.<\/p>\n","protected":false},"excerpt":{"rendered":"<p>Az\u0259rbaycan\u0131n Birinci vitse-prezidenti, Heyd\u0259r \u018fliyev Fondunun prezidenti Mehriban \u018fliyevan\u0131n say\u0259sind\u0259 tarixi irs v\u0259 milli m\u0259d\u0259niyy\u0259tin qorunmas\u0131, inki\u015faf\u0131 v\u0259 t\u0259bli\u011fin\u0259 b\u00f6y\u00fck diqq\u0259t ayr\u0131l\u0131r. Bunu Trend-\u0259 Az\u0259rbaycan B\u0259st\u0259karlar \u0130ttifaq\u0131n\u0131n s\u0259dri, YUNESKO-nun \u201cS\u00fclh artisti\u201d, \u201c\u015e\u0259r\u0259f\u201d ordenli, Xalq artisti, professor Fir\u0259ngiz \u018flizad\u0259 deyib. F.\u018flizad\u0259 bildirib ki, Birinci vitse-prezident Mehriban \u018fliyevan\u0131n h\u0259r zaman yeniliy\u0259 v\u0259 t\u0259r\u0259qqiy\u0259 a\u00e7\u0131q oldu\u011funu, yarad\u0131c\u0131 \u015f\u0259xsl\u0259r\u0259, layih\u0259l\u0259r\u0259, s\u0259n\u0259tkarlara v\u0259 g\u0259nc istedadlara d\u0259st\u0259k verdiyini, milli m\u0259d\u0259niyy\u0259tin inki\u015faf\u0131na misilsiz t\u00f6hf\u0259 verdiyini qeyd etm\u0259k vacibdir: \u201cMehriban \u018fliyevan\u0131n milli irsin qorunmas\u0131nda, q\u0259dim v\u0259 m\u00fcasir m\u0259d\u0259niyy\u0259timizin, musiqi inc\u0259s\u0259n\u0259ti, mu\u011fam v\u0259 b\u0259st\u0259karl\u0131q yarad\u0131c\u0131l\u0131\u011f\u0131n\u0131n t\u0259bli\u011fi v\u0259 inki\u015faf\u0131nda x\u00fcsusi&hellip;<\/p>\n","protected":false},"author":2,"featured_media":40552,"comment_status":"closed","ping_status":"closed","sticky":false,"template":"","format":"standard","meta":{"om_disable_all_campaigns":false,"_monsterinsights_skip_tracking":false,"_monsterinsights_sitenote_active":false,"_monsterinsights_sitenote_note":"","_monsterinsights_sitenote_category":0},"categories":[4],"tags":[],"aioseo_notices":[],"gutentor_comment":0,"rttpg_featured_image_url":{"full":["https:\/\/arantv.az\/wp-content\/uploads\/2019\/02\/mehriban_aliyeva_260817-1.jpg",800,450,false],"landscape":["https:\/\/arantv.az\/wp-content\/uploads\/2019\/02\/mehriban_aliyeva_260817-1.jpg",800,450,false],"portraits":["https:\/\/arantv.az\/wp-content\/uploads\/2019\/02\/mehriban_aliyeva_260817-1.jpg",800,450,false],"thumbnail":["https:\/\/arantv.az\/wp-content\/uploads\/2019\/02\/mehriban_aliyeva_260817-1-150x150.jpg",150,150,true],"medium":["https:\/\/arantv.az\/wp-content\/uploads\/2019\/02\/mehriban_aliyeva_260817-1-300x169.jpg",300,169,true],"large":["https:\/\/arantv.az\/wp-content\/uploads\/2019\/02\/mehriban_aliyeva_260817-1.jpg",640,360,false],"1536x1536":["https:\/\/arantv.az\/wp-content\/uploads\/2019\/02\/mehriban_aliyeva_260817-1.jpg",800,450,false],"2048x2048":["https:\/\/arantv.az\/wp-content\/uploads\/2019\/02\/mehriban_aliyeva_260817-1.jpg",800,450,false],"post-thumbnail":["https:\/\/arantv.az\/wp-content\/uploads\/2019\/02\/mehriban_aliyeva_260817-1-240x172.jpg",240,172,true],"advps-thumb-one":["https:\/\/arantv.az\/wp-content\/uploads\/2019\/02\/mehriban_aliyeva_260817-1.jpg",800,450,false]},"rttpg_author":{"display_name":"V\u00fcsal Rafiqo\u011flu","author_link":"https:\/\/arantv.az\/?author=2"},"rttpg_comment":0,"rttpg_category":"<a href=\"https:\/\/arantv.az\/?cat=4\" rel=\"category\">Siyas\u0259t<\/a>","rttpg_excerpt":"Az\u0259rbaycan\u0131n Birinci vitse-prezidenti, Heyd\u0259r \u018fliyev Fondunun prezidenti Mehriban \u018fliyevan\u0131n say\u0259sind\u0259 tarixi irs v\u0259 milli m\u0259d\u0259niyy\u0259tin qorunmas\u0131, inki\u015faf\u0131 v\u0259 t\u0259bli\u011fin\u0259 b\u00f6y\u00fck diqq\u0259t ayr\u0131l\u0131r. Bunu Trend-\u0259 Az\u0259rbaycan B\u0259st\u0259karlar \u0130ttifaq\u0131n\u0131n s\u0259dri, YUNESKO-nun \u201cS\u00fclh artisti\u201d, \u201c\u015e\u0259r\u0259f\u201d ordenli, Xalq artisti, professor Fir\u0259ngiz \u018flizad\u0259 deyib. F.\u018flizad\u0259 bildirib ki, Birinci vitse-prezident Mehriban \u018fliyevan\u0131n h\u0259r zaman yeniliy\u0259 v\u0259 t\u0259r\u0259qqiy\u0259 a\u00e7\u0131q oldu\u011funu, yarad\u0131c\u0131 \u015f\u0259xsl\u0259r\u0259,&hellip;","_links":{"self":[{"href":"https:\/\/arantv.az\/index.php?rest_route=\/wp\/v2\/posts\/40551"}],"collection":[{"href":"https:\/\/arantv.az\/index.php?rest_route=\/wp\/v2\/posts"}],"about":[{"href":"https:\/\/arantv.az\/index.php?rest_route=\/wp\/v2\/types\/post"}],"author":[{"embeddable":true,"href":"https:\/\/arantv.az\/index.php?rest_route=\/wp\/v2\/users\/2"}],"replies":[{"embeddable":true,"href":"https:\/\/arantv.az\/index.php?rest_route=%2Fwp%2Fv2%2Fcomments&post=40551"}],"version-history":[{"count":0,"href":"https:\/\/arantv.az\/index.php?rest_route=\/wp\/v2\/posts\/40551\/revisions"}],"wp:featuredmedia":[{"embeddable":true,"href":"https:\/\/arantv.az\/index.php?rest_route=\/wp\/v2\/media\/40552"}],"wp:attachment":[{"href":"https:\/\/arantv.az\/index.php?rest_route=%2Fwp%2Fv2%2Fmedia&parent=40551"}],"wp:term":[{"taxonomy":"category","embeddable":true,"href":"https:\/\/arantv.az\/index.php?rest_route=%2Fwp%2Fv2%2Fcategories&post=40551"},{"taxonomy":"post_tag","embeddable":true,"href":"https:\/\/arantv.az\/index.php?rest_route=%2Fwp%2Fv2%2Ftags&post=40551"}],"curies":[{"name":"wp","href":"https:\/\/api.w.org\/{rel}","templated":true}]}}