{"id":40558,"date":"2019-02-22T09:14:50","date_gmt":"2019-02-22T06:14:50","guid":{"rendered":"http:\/\/arantv.az\/?p=40558"},"modified":"2019-02-22T09:14:50","modified_gmt":"2019-02-22T06:14:50","slug":"iki-usaq-anasi-%c9%99rini-baltaladi-az%c9%99rbaycanda","status":"publish","type":"post","link":"https:\/\/arantv.az\/?p=40558","title":{"rendered":"\u0130ki u\u015faq anas\u0131 \u0259rini BALTALADI &#8211; Az\u0259rbaycanda"},"content":{"rendered":"<p><strong>Bu g\u00fcn Bak\u0131 A\u011f\u0131r Cinay\u0259tl\u0259r M\u0259hk\u0259m\u0259sind\u0259 \u0259rini \u00f6ld\u00fcrm\u0259kd\u0259 t\u0259qsirl\u0259ndiril\u0259n 1994-c\u00fc il t\u0259v\u0259ll\u00fcdl\u00fc T\u00fcnzal\u0259 V\u0259liyevan\u0131n cinay\u0259t i\u015fi \u00fczr\u0259 m\u0259hk\u0259m\u0259 iclas\u0131 davam etdirilib.<\/strong><\/p>\n<p><strong>ARANTV.AZ<\/strong>-\u0131n m\u0259lumat\u0131na g\u00f6r\u0259, hakim \u018fnv\u0259r Seyidovun s\u0259drliyi il\u0259 ke\u00e7iril\u0259n prosesd\u0259 m\u0259hk\u0259m\u0259 istintaq\u0131 ba\u015fa \u00e7at\u0131b v\u0259 prokuror t\u0259qsirl\u0259ndiril\u0259n \u015f\u0259xs\u0259 c\u0259za ist\u0259yib.<\/p>\n<p>D\u00f6vl\u0259t ittiham\u00e7\u0131s\u0131 qad\u0131n\u0131n 17 il azadl\u0131qdan m\u0259hrum edilm\u0259sini ist\u0259yib.<\/p>\n<p>M\u0259hk\u0259m\u0259nin n\u00f6vb\u0259ti iclas\u0131 fevral\u0131n 28-n\u0259 t\u0259yin edilib.<\/p>\n<p>\u0130ttihama g\u00f6r\u0259, 2017-ci ilin noyabr ay\u0131nda Sabun\u00e7u q\u0259s\u0259b\u0259sinin \u018fbd\u00fclk\u0259rim \u018flizad\u0259 k\u00fc\u00e7\u0259sind\u0259 ya\u015fayan V\u0259liyev Nazim F\u0259xr\u0259ddin o\u011flu h\u0259yat yolda\u015f\u0131 T.V\u0259liyeva il\u0259 ail\u0259 m\u00fcnaqi\u015f\u0259si z\u0259minind\u0259 m\u00fcbahis\u0259 edib.<\/p>\n<p>Qad\u0131n onun ba\u015f nahiy\u0259sin\u0259 balta il\u0259 z\u0259rb\u0259 endirib, n\u0259tic\u0259d\u0259 N.V\u0259liyev \u00f6l\u00fcb.<\/p>\n<p>Hadis\u0259ni t\u00f6r\u0259d\u0259n qad\u0131n Sabun\u00e7u rayon Polis \u0130dar\u0259sinin 12-ci polis b\u00f6lm\u0259sinin \u0259m\u0259kda\u015flar\u0131 t\u0259r\u0259find\u0259n saxlan\u0131l\u0131b.<\/p>\n<p>M\u0259lumata g\u00f6r\u0259, hadis\u0259 ba\u015f ver\u0259n zaman N.V\u0259liyev s\u0259rxo\u015f olub. Son vaxtlar ail\u0259d\u0259 h\u0259r g\u00fcn m\u00fcnaqi\u015f\u0259 olurmu\u015f v\u0259 N.V\u0259liyev ev\u0259 i\u00e7kili v\u0259ziyy\u0259td\u0259 g\u0259l\u0259r\u0259k h\u0259yat yolda\u015f\u0131n\u0131 d\u00f6y\u00fcrm\u00fc\u015f. O, f\u0259hl\u0259likl\u0259 m\u0259\u015f\u011ful olub.<\/p>\n<p>Xat\u0131rladaq ki, \u0259r v\u0259 arvad\u0131n birg\u0259 nikahdan iki \u00f6vlad\u0131 var.<\/p>\n<p>trend<\/p>\n","protected":false},"excerpt":{"rendered":"<p>Bu g\u00fcn Bak\u0131 A\u011f\u0131r Cinay\u0259tl\u0259r M\u0259hk\u0259m\u0259sind\u0259 \u0259rini \u00f6ld\u00fcrm\u0259kd\u0259 t\u0259qsirl\u0259ndiril\u0259n 1994-c\u00fc il t\u0259v\u0259ll\u00fcdl\u00fc T\u00fcnzal\u0259 V\u0259liyevan\u0131n cinay\u0259t i\u015fi \u00fczr\u0259 m\u0259hk\u0259m\u0259 iclas\u0131 davam etdirilib. ARANTV.AZ-\u0131n m\u0259lumat\u0131na g\u00f6r\u0259, hakim \u018fnv\u0259r Seyidovun s\u0259drliyi il\u0259 ke\u00e7iril\u0259n prosesd\u0259 m\u0259hk\u0259m\u0259 istintaq\u0131 ba\u015fa \u00e7at\u0131b v\u0259 prokuror t\u0259qsirl\u0259ndiril\u0259n \u015f\u0259xs\u0259 c\u0259za ist\u0259yib. D\u00f6vl\u0259t ittiham\u00e7\u0131s\u0131 qad\u0131n\u0131n 17 il azadl\u0131qdan m\u0259hrum edilm\u0259sini ist\u0259yib. M\u0259hk\u0259m\u0259nin n\u00f6vb\u0259ti iclas\u0131 fevral\u0131n 28-n\u0259 t\u0259yin edilib. \u0130ttihama g\u00f6r\u0259, 2017-ci ilin noyabr ay\u0131nda Sabun\u00e7u q\u0259s\u0259b\u0259sinin \u018fbd\u00fclk\u0259rim \u018flizad\u0259 k\u00fc\u00e7\u0259sind\u0259 ya\u015fayan V\u0259liyev Nazim F\u0259xr\u0259ddin o\u011flu h\u0259yat yolda\u015f\u0131 T.V\u0259liyeva il\u0259 ail\u0259 m\u00fcnaqi\u015f\u0259si z\u0259minind\u0259 m\u00fcbahis\u0259 edib. Qad\u0131n onun ba\u015f nahiy\u0259sin\u0259 balta il\u0259 z\u0259rb\u0259 endirib,&hellip;<\/p>\n","protected":false},"author":2,"featured_media":40559,"comment_status":"closed","ping_status":"closed","sticky":false,"template":"","format":"standard","meta":{"om_disable_all_campaigns":false,"_monsterinsights_skip_tracking":false,"_monsterinsights_sitenote_active":false,"_monsterinsights_sitenote_note":"","_monsterinsights_sitenote_category":0},"categories":[3],"tags":[],"aioseo_notices":[],"gutentor_comment":0,"rttpg_featured_image_url":{"full":["https:\/\/arantv.az\/wp-content\/uploads\/2019\/02\/balta_qadin_456.jpg",800,450,false],"landscape":["https:\/\/arantv.az\/wp-content\/uploads\/2019\/02\/balta_qadin_456.jpg",800,450,false],"portraits":["https:\/\/arantv.az\/wp-content\/uploads\/2019\/02\/balta_qadin_456.jpg",800,450,false],"thumbnail":["https:\/\/arantv.az\/wp-content\/uploads\/2019\/02\/balta_qadin_456-150x150.jpg",150,150,true],"medium":["https:\/\/arantv.az\/wp-content\/uploads\/2019\/02\/balta_qadin_456-300x169.jpg",300,169,true],"large":["https:\/\/arantv.az\/wp-content\/uploads\/2019\/02\/balta_qadin_456.jpg",640,360,false],"1536x1536":["https:\/\/arantv.az\/wp-content\/uploads\/2019\/02\/balta_qadin_456.jpg",800,450,false],"2048x2048":["https:\/\/arantv.az\/wp-content\/uploads\/2019\/02\/balta_qadin_456.jpg",800,450,false],"post-thumbnail":["https:\/\/arantv.az\/wp-content\/uploads\/2019\/02\/balta_qadin_456-240x172.jpg",240,172,true],"advps-thumb-one":["https:\/\/arantv.az\/wp-content\/uploads\/2019\/02\/balta_qadin_456.jpg",800,450,false]},"rttpg_author":{"display_name":"V\u00fcsal Rafiqo\u011flu","author_link":"https:\/\/arantv.az\/?author=2"},"rttpg_comment":0,"rttpg_category":"<a href=\"https:\/\/arantv.az\/?cat=3\" rel=\"category\">Kriminal<\/a>","rttpg_excerpt":"Bu g\u00fcn Bak\u0131 A\u011f\u0131r Cinay\u0259tl\u0259r M\u0259hk\u0259m\u0259sind\u0259 \u0259rini \u00f6ld\u00fcrm\u0259kd\u0259 t\u0259qsirl\u0259ndiril\u0259n 1994-c\u00fc il t\u0259v\u0259ll\u00fcdl\u00fc T\u00fcnzal\u0259 V\u0259liyevan\u0131n cinay\u0259t i\u015fi \u00fczr\u0259 m\u0259hk\u0259m\u0259 iclas\u0131 davam etdirilib. ARANTV.AZ-\u0131n m\u0259lumat\u0131na g\u00f6r\u0259, hakim \u018fnv\u0259r Seyidovun s\u0259drliyi il\u0259 ke\u00e7iril\u0259n prosesd\u0259 m\u0259hk\u0259m\u0259 istintaq\u0131 ba\u015fa \u00e7at\u0131b v\u0259 prokuror t\u0259qsirl\u0259ndiril\u0259n \u015f\u0259xs\u0259 c\u0259za ist\u0259yib. D\u00f6vl\u0259t ittiham\u00e7\u0131s\u0131 qad\u0131n\u0131n 17 il azadl\u0131qdan m\u0259hrum edilm\u0259sini ist\u0259yib. M\u0259hk\u0259m\u0259nin n\u00f6vb\u0259ti iclas\u0131 fevral\u0131n 28-n\u0259&hellip;","_links":{"self":[{"href":"https:\/\/arantv.az\/index.php?rest_route=\/wp\/v2\/posts\/40558"}],"collection":[{"href":"https:\/\/arantv.az\/index.php?rest_route=\/wp\/v2\/posts"}],"about":[{"href":"https:\/\/arantv.az\/index.php?rest_route=\/wp\/v2\/types\/post"}],"author":[{"embeddable":true,"href":"https:\/\/arantv.az\/index.php?rest_route=\/wp\/v2\/users\/2"}],"replies":[{"embeddable":true,"href":"https:\/\/arantv.az\/index.php?rest_route=%2Fwp%2Fv2%2Fcomments&post=40558"}],"version-history":[{"count":0,"href":"https:\/\/arantv.az\/index.php?rest_route=\/wp\/v2\/posts\/40558\/revisions"}],"wp:featuredmedia":[{"embeddable":true,"href":"https:\/\/arantv.az\/index.php?rest_route=\/wp\/v2\/media\/40559"}],"wp:attachment":[{"href":"https:\/\/arantv.az\/index.php?rest_route=%2Fwp%2Fv2%2Fmedia&parent=40558"}],"wp:term":[{"taxonomy":"category","embeddable":true,"href":"https:\/\/arantv.az\/index.php?rest_route=%2Fwp%2Fv2%2Fcategories&post=40558"},{"taxonomy":"post_tag","embeddable":true,"href":"https:\/\/arantv.az\/index.php?rest_route=%2Fwp%2Fv2%2Ftags&post=40558"}],"curies":[{"name":"wp","href":"https:\/\/api.w.org\/{rel}","templated":true}]}}