{"id":406454,"date":"2021-11-21T11:11:30","date_gmt":"2021-11-21T08:11:30","guid":{"rendered":"http:\/\/arantv.az\/?p=406454"},"modified":"2021-11-21T11:11:30","modified_gmt":"2021-11-21T08:11:30","slug":"az%c9%99rbaycan-bolg%c9%99d%c9%99-sulhun-b%c9%99rq%c9%99rar-olmasi-ucun-butun-t%c9%99s%c9%99bbusl%c9%99r%c9%99-aciqdir-t%c9%99hlil","status":"publish","type":"post","link":"https:\/\/arantv.az\/?p=406454","title":{"rendered":"Az\u0259rbaycan b\u00f6lg\u0259d\u0259 s\u00fclh\u00fcn b\u0259rq\u0259rar olmas\u0131 \u00fc\u00e7\u00fcn b\u00fct\u00fcn t\u0259\u015f\u0259bb\u00fcsl\u0259r\u0259 a\u00e7\u0131qd\u0131r &#8211; T\u018fHL\u0130L"},"content":{"rendered":"<p>Noyabr\u0131n 19-da Az\u0259rbaycan Prezidenti \u0130lham \u018fliyev il\u0259 Avropa \u0130ttifaq\u0131 \u015euras\u0131n\u0131n (A\u0130) prezidenti \u015earl Mi\u015fel aras\u0131nda telefon dan\u0131\u015f\u0131\u011f\u0131 olub.<\/p>\n<p>\u015earl Mi\u015fel dekabr\u0131n 15-n\u0259 planla\u015fd\u0131r\u0131lan \u015e\u0259rq T\u0259r\u0259fda\u015fl\u0131\u011f\u0131 sammiti \u00e7\u0259r\u00e7iv\u0259sind\u0259 Br\u00fcsseld\u0259 Az\u0259rbaycan Prezidenti \u0130lham \u018fliyevl\u0259 Erm\u0259nistan\u0131n ba\u015f naziri Nikol Pa\u015finyan aras\u0131nda g\u00f6r\u00fc\u015f ke\u00e7irm\u0259yi t\u0259klif edib.<\/p>\n<p>C\u0259nubi Qafqazda firavanl\u0131q v\u0259 sabitliyi t\u0259min etm\u0259k m\u0259qs\u0259dil\u0259 regiondak\u0131 v\u0259ziyy\u0259ti v\u0259 g\u0259rginliyin aradan qald\u0131r\u0131lmas\u0131 yollar\u0131n\u0131 m\u00fczakir\u0259 etm\u0259k \u00fc\u00e7\u00fcn Br\u00fcsseld\u0259 g\u00f6r\u00fc\u015f\u00fcn ke\u00e7irilm\u0259si bar\u0259d\u0259 raz\u0131l\u0131q \u0259ld\u0259 olunub.<\/p>\n<p>M\u0259s\u0259l\u0259 il\u0259 ba\u011fl\u0131\u00a0<a href=\"https:\/\/az.trend.az\/\" target=\"_blank\" rel=\"noopener\">Trend<\/a>-\u0259 a\u00e7\u0131qlama ver\u0259n Milli M\u0259clisin deputat\u0131 Cavid Osmanov bildirib ki, \u015earl Mi\u015felin Az\u0259rbaycan v\u0259 Erm\u0259nistan liderl\u0259rin\u0259 z\u0259ngl\u0259ri v\u0259 ir\u0259li s\u00fcrd\u00fcy\u00fc t\u0259\u015f\u0259bb\u00fcsl\u0259r Az\u0259rbaycan t\u0259r\u0259find\u0259n ona g\u00f6r\u0259 d\u0259st\u0259kl\u0259nir ki, \u00f6lk\u0259miz b\u00f6lg\u0259d\u0259 s\u00fclh\u00fcn b\u0259rq\u0259rar olmas\u0131 \u00fc\u00e7\u00fcn b\u00fct\u00fcn t\u0259\u015f\u0259bb\u00fcsl\u0259r\u0259 a\u00e7\u0131qd\u0131r, o c\u00fcml\u0259d\u0259n s\u0259rh\u0259dl\u0259rin m\u00fc\u0259yy\u0259nl\u0259\u015fdirilm\u0259si, s\u00fclh m\u00fcqavil\u0259sinin imzalanmas\u0131 \u00fc\u00e7\u00fcn b\u00fct\u00fcn t\u0259r\u0259fl\u0259rl\u0259 t\u0259maslara haz\u0131rd\u0131r.<\/p>\n<p>Deputat bildirib ki, Az\u0259rbaycan haql\u0131, \u0259dal\u0259tli t\u0259r\u0259fdir v\u0259 eyni zamanda, Az\u0259rbaycan qalib v\u0259 g\u00fccl\u00fc t\u0259r\u0259fdir.<\/p>\n<p>&#8220;Az\u0259rbaycan 44 g\u00fcnl\u00fck V\u0259t\u0259n m\u00fcharib\u0259sind\u0259 Erm\u0259nistan ordusunu m\u0259hv etdi. Noyabr\u0131n 16-da Erm\u0259nistan t\u0259r\u0259find\u0259n t\u00f6r\u0259dil\u0259n geni\u015fmiqyasl\u0131 t\u0259xribat\u0131n n\u0259tic\u0259si Erm\u0259nistan \u00fc\u00e7\u00fcn yen\u0259 d\u0259 a\u011f\u0131r oldu.<\/p>\n<p>H\u0259min \u0259r\u0259f\u0259d\u0259 Erm\u0259nistan T\u0259hl\u00fck\u0259sizlik \u015euras\u0131n\u0131n r\u0259hb\u0259ri bel\u0259 bir b\u0259yanatla \u00e7\u0131x\u0131\u015f etmi\u015fdi ki, \u0259g\u0259r bu qar\u015f\u0131durmada Rusiya Erm\u0259nistana d\u0259st\u0259k olmasa, Erm\u0259nistan dig\u0259r beyn\u0259lxalq t\u0259r\u0259fda\u015flara m\u00fcraci\u0259t ed\u0259c\u0259k. Bu b\u0259yanat Erm\u0259nistan\u0131n Rusiyan\u0131 a\u00e7\u0131q-a\u015fkar \u015f\u0259kild\u0259 \u015fantaj etm\u0259si idi v\u0259 g\u00fcman ki, bu b\u0259yanat\u0131n sifari\u015fi Pa\u015finyana Q\u0259rbd\u0259n g\u0259lmi\u015fdi, \u00e7\u00fcnki Q\u0259rb dair\u0259l\u0259ri Erm\u0259nistanla birl\u0259\u015fib Moskvan\u0131 prosesl\u0259rd\u0259n k\u0259narla\u015fd\u0131rma\u011fa \u00e7al\u0131\u015f\u0131rlar&#8221; &#8211; dey\u0259, deputat bildirib.<\/p>\n<p>C.Osmanov vur\u011fulay\u0131b ki, 16 noyabr t\u0259xribat\u0131 Erm\u0259nistan \u00fc\u00e7\u00fcn n\u00f6vb\u0259ti a\u011f\u0131r z\u0259rb\u0259 oldu: &#8220;44 g\u00fcnl\u00fck V\u0259t\u0259n m\u00fcharib\u0259sind\u0259 darmada\u011f\u0131n edil\u0259n Erm\u0259nistan ordusu \u00f6z qal\u0131qlar\u0131n\u0131 toplayaraq t\u0259xribata c\u0259hd ets\u0259 d\u0259 Az\u0259rbaycan Silahl Q\u00fcvv\u0259l\u0259rinin u\u011furlu \u0259m\u0259liyyat\u0131 n\u0259tic\u0259sind\u0259 yenid\u0259n a\u011f\u0131r z\u0259rb\u0259 ald\u0131. Bununla da Az\u0259rbaycan \u00f6z h\u0259rbi v\u0259 siyasi m\u00f6vqel\u0259rini daha da g\u00fccl\u0259ndirmi\u015f oldu. Bu d\u00f6y\u00fc\u015fl\u0259r zaman\u0131 erm\u0259ni t\u0259r\u0259finin 20-d\u0259n art\u0131q \u00f6l\u00fc v\u0259 100-\u0259 yax\u0131n yaral\u0131 verm\u0259si bir daha Az\u0259rbaycan ordusunun g\u00fcc\u00fcn\u00fc g\u00f6st\u0259rdi. Az\u0259rbaycan \u00f6z suverenliyini, \u0259razi b\u00fct\u00f6vl\u00fcy\u00fcn\u00fc h\u0259r zaman qoruyacaq. Erm\u0259nistan siyasi r\u0259hb\u0259rliyi is\u0259 h\u0259rzamank\u0131 kimi \u015fantaj, yalvar\u0131\u015f yolunu tutur&#8221; &#8211; dey\u0259, C.Osmanov qeyd edib.<\/p>\n<p>Politoloq Elxan \u015eahino\u011flu is\u0259\u00a0<a href=\"https:\/\/az.trend.az\/\" target=\"_blank\" rel=\"noopener\">Trend<\/a>-\u0259 a\u00e7\u0131qlamas\u0131 zaman\u0131 Avropa \u0130ttifaq\u0131n\u0131n g\u00f6r\u00fc\u015f t\u0259\u015f\u0259bb\u00fcs\u00fcn\u00fcn t\u0259qdir\u0259layiq oldu\u011funu bildirib.<\/p>\n<p>&#8220;Az\u0259rbaycan \u0130kinci Qaraba\u011f M\u00fcharib\u0259sind\u0259 q\u0259l\u0259b\u0259 qazan\u0131b v\u0259 biz dan\u0131\u015f\u0131qlardan \u0259sla \u00e7\u0259kinmirik, \u0259ksin\u0259, maraql\u0131y\u0131q. Dan\u0131\u015f\u0131lacaq m\u00f6vzular da yet\u0259ri q\u0259d\u0259r \u00e7oxdur. S\u00fclh sazi\u015finin m\u0259tni \u00fcz\u0259rind\u0259 i\u015fl\u0259r getm\u0259li, s\u0259rh\u0259dl\u0259rin m\u00fc\u0259yy\u0259nl\u0259\u015fm\u0259si il\u0259 ba\u011fl\u0131 dan\u0131\u015f\u0131qlar ba\u015flanmal\u0131, d\u0259hliz a\u00e7\u0131lmal\u0131d\u0131r. Bu m\u0259s\u0259l\u0259l\u0259rin m\u00fczakir\u0259sin\u0259 v\u0259 h\u0259llin\u0259 ehtiyac var. \u018flb\u0259tt\u0259, bir g\u00f6r\u00fc\u015fl\u0259 b\u00fct\u00fcn m\u0259s\u0259l\u0259l\u0259r h\u0259ll olunmayacaq. Lakin \u00f6n\u0259mli olan g\u00f6r\u00fc\u015f v\u0259 fikir m\u00fcbadil\u0259sinin apar\u0131lmas\u0131d\u0131r&#8221; &#8211; dey\u0259, o qeyd edib<\/p>\n<p>Poltiloq bildirib ki, s\u0259rh\u0259dd\u0259 ba\u015f ver\u0259n toqqu\u015fmalar Az\u0259rbaycan\u0131n maraqlar\u0131na cavab vermir.<\/p>\n<p>&#8220;Az\u0259rbaycan v\u0259 Erm\u0259nsitan Avropa \u0130ttifaq\u0131n\u0131n t\u0259r\u0259fda\u015f\u0131d\u0131r. H\u0259r iki \u00f6lk\u0259 \u015e\u0259rq T\u0259r\u0259fda\u015fl\u0131q proqram\u0131n\u0131n \u00fczv\u00fcd\u00fcr. Bu bax\u0131mdan, Br\u00fcsseld\u0259 olacaq g\u00f6r\u00fc\u015f\u00fc faydal\u0131 hesab edir\u0259m. Lakin bir g\u00f6r\u00fc\u015fl\u0259 n\u0259tic\u0259 \u0259ld\u0259 edil\u0259ciyini d\u00fc\u015f\u00fcnm\u00fcr\u0259m. N\u00f6vb\u0259ti bir h\u0259rbi toqqu\u015fmadansa, g\u00f6r\u00fc\u015fl\u0259rin v\u0259 dan\u0131\u015f\u0131qlar\u0131n olmas\u0131 h\u0259r iki t\u0259r\u0259f \u00fc\u00e7\u00fcn faydal\u0131d\u0131r. Yet\u0259r ki, sazi\u015fl\u0259r \u00fcz\u0259rind\u0259 i\u015f\u0259 ba\u015flan\u0131ls\u0131n&#8221; &#8211; dey\u0259, politoloq vur\u011fulay\u0131b.<\/p>\n<p>Xat\u0131rladaq ki, Xarici \u0130\u015fl\u0259r Nazirliyi d\u0259 m\u0259s\u0259l\u0259 il\u0259 ba\u011fl\u0131 m\u0259lumat yay\u0131b. M\u0259lumatda bildirilir ki, Az\u0259rbaycan t\u0259r\u0259fi h\u0259r zaman siyasi dialoqa a\u00e7\u0131qd\u0131r v\u0259 bu kimi t\u0259maslar\u0131 m\u00fcsb\u0259t qar\u015f\u0131lay\u0131r. Bu x\u00fcsusda, A\u0130 \u015euras\u0131n\u0131n Prezidentinin Br\u00fcssel Zirv\u0259si \u00e7\u0259r\u00e7iv\u0259sind\u0259 A\u0130-nin vasit\u0259\u00e7iliyi il\u0259 iki \u00f6lk\u0259 liderinin g\u00f6r\u00fc\u015f\u00fcn\u00fcn t\u0259\u015fkili t\u0259klifin\u0259 Az\u0259rbaycan t\u0259r\u0259find\u0259n raz\u0131l\u0131q verilib.<\/p>\n","protected":false},"excerpt":{"rendered":"<p>Noyabr\u0131n 19-da Az\u0259rbaycan Prezidenti \u0130lham \u018fliyev il\u0259 Avropa \u0130ttifaq\u0131 \u015euras\u0131n\u0131n (A\u0130) prezidenti \u015earl Mi\u015fel aras\u0131nda telefon dan\u0131\u015f\u0131\u011f\u0131 olub. \u015earl Mi\u015fel dekabr\u0131n 15-n\u0259 planla\u015fd\u0131r\u0131lan \u015e\u0259rq T\u0259r\u0259fda\u015fl\u0131\u011f\u0131 sammiti \u00e7\u0259r\u00e7iv\u0259sind\u0259 Br\u00fcsseld\u0259 Az\u0259rbaycan Prezidenti \u0130lham \u018fliyevl\u0259 Erm\u0259nistan\u0131n ba\u015f naziri Nikol Pa\u015finyan aras\u0131nda g\u00f6r\u00fc\u015f ke\u00e7irm\u0259yi t\u0259klif edib. C\u0259nubi Qafqazda firavanl\u0131q v\u0259 sabitliyi t\u0259min etm\u0259k m\u0259qs\u0259dil\u0259 regiondak\u0131 v\u0259ziyy\u0259ti v\u0259 g\u0259rginliyin aradan qald\u0131r\u0131lmas\u0131 yollar\u0131n\u0131 m\u00fczakir\u0259 etm\u0259k \u00fc\u00e7\u00fcn Br\u00fcsseld\u0259 g\u00f6r\u00fc\u015f\u00fcn ke\u00e7irilm\u0259si bar\u0259d\u0259 raz\u0131l\u0131q \u0259ld\u0259 olunub. M\u0259s\u0259l\u0259 il\u0259 ba\u011fl\u0131\u00a0Trend-\u0259 a\u00e7\u0131qlama ver\u0259n Milli M\u0259clisin deputat\u0131 Cavid Osmanov bildirib ki, \u015earl Mi\u015felin Az\u0259rbaycan v\u0259 Erm\u0259nistan liderl\u0259rin\u0259 z\u0259ngl\u0259ri v\u0259 ir\u0259li s\u00fcrd\u00fcy\u00fc t\u0259\u015f\u0259bb\u00fcsl\u0259r&hellip;<\/p>\n","protected":false},"author":2,"featured_media":406455,"comment_status":"closed","ping_status":"closed","sticky":false,"template":"","format":"standard","meta":{"om_disable_all_campaigns":false,"_monsterinsights_skip_tracking":false,"_monsterinsights_sitenote_active":false,"_monsterinsights_sitenote_note":"","_monsterinsights_sitenote_category":0},"categories":[4],"tags":[],"aioseo_notices":[],"gutentor_comment":0,"rttpg_featured_image_url":{"full":["https:\/\/arantv.az\/wp-content\/uploads\/2021\/11\/baki-1.jpg",620,390,false],"landscape":["https:\/\/arantv.az\/wp-content\/uploads\/2021\/11\/baki-1.jpg",620,390,false],"portraits":["https:\/\/arantv.az\/wp-content\/uploads\/2021\/11\/baki-1.jpg",620,390,false],"thumbnail":["https:\/\/arantv.az\/wp-content\/uploads\/2021\/11\/baki-1-500x280.jpg",500,280,true],"medium":["https:\/\/arantv.az\/wp-content\/uploads\/2021\/11\/baki-1-580x365.jpg",580,365,true],"large":["https:\/\/arantv.az\/wp-content\/uploads\/2021\/11\/baki-1.jpg",620,390,false],"1536x1536":["https:\/\/arantv.az\/wp-content\/uploads\/2021\/11\/baki-1.jpg",620,390,false],"2048x2048":["https:\/\/arantv.az\/wp-content\/uploads\/2021\/11\/baki-1.jpg",620,390,false],"post-thumbnail":["https:\/\/arantv.az\/wp-content\/uploads\/2021\/11\/baki-1-240x172.jpg",240,172,true],"advps-thumb-one":["https:\/\/arantv.az\/wp-content\/uploads\/2021\/11\/baki-1.jpg",620,390,false]},"rttpg_author":{"display_name":"V\u00fcsal Rafiqo\u011flu","author_link":"https:\/\/arantv.az\/?author=2"},"rttpg_comment":0,"rttpg_category":"<a href=\"https:\/\/arantv.az\/?cat=4\" rel=\"category\">Siyas\u0259t<\/a>","rttpg_excerpt":"Noyabr\u0131n 19-da Az\u0259rbaycan Prezidenti \u0130lham \u018fliyev il\u0259 Avropa \u0130ttifaq\u0131 \u015euras\u0131n\u0131n (A\u0130) prezidenti \u015earl Mi\u015fel aras\u0131nda telefon dan\u0131\u015f\u0131\u011f\u0131 olub. \u015earl Mi\u015fel dekabr\u0131n 15-n\u0259 planla\u015fd\u0131r\u0131lan \u015e\u0259rq T\u0259r\u0259fda\u015fl\u0131\u011f\u0131 sammiti \u00e7\u0259r\u00e7iv\u0259sind\u0259 Br\u00fcsseld\u0259 Az\u0259rbaycan Prezidenti \u0130lham \u018fliyevl\u0259 Erm\u0259nistan\u0131n ba\u015f naziri Nikol Pa\u015finyan aras\u0131nda g\u00f6r\u00fc\u015f ke\u00e7irm\u0259yi t\u0259klif edib. C\u0259nubi Qafqazda firavanl\u0131q v\u0259 sabitliyi t\u0259min etm\u0259k m\u0259qs\u0259dil\u0259 regiondak\u0131 v\u0259ziyy\u0259ti v\u0259 g\u0259rginliyin aradan&hellip;","_links":{"self":[{"href":"https:\/\/arantv.az\/index.php?rest_route=\/wp\/v2\/posts\/406454"}],"collection":[{"href":"https:\/\/arantv.az\/index.php?rest_route=\/wp\/v2\/posts"}],"about":[{"href":"https:\/\/arantv.az\/index.php?rest_route=\/wp\/v2\/types\/post"}],"author":[{"embeddable":true,"href":"https:\/\/arantv.az\/index.php?rest_route=\/wp\/v2\/users\/2"}],"replies":[{"embeddable":true,"href":"https:\/\/arantv.az\/index.php?rest_route=%2Fwp%2Fv2%2Fcomments&post=406454"}],"version-history":[{"count":0,"href":"https:\/\/arantv.az\/index.php?rest_route=\/wp\/v2\/posts\/406454\/revisions"}],"wp:featuredmedia":[{"embeddable":true,"href":"https:\/\/arantv.az\/index.php?rest_route=\/wp\/v2\/media\/406455"}],"wp:attachment":[{"href":"https:\/\/arantv.az\/index.php?rest_route=%2Fwp%2Fv2%2Fmedia&parent=406454"}],"wp:term":[{"taxonomy":"category","embeddable":true,"href":"https:\/\/arantv.az\/index.php?rest_route=%2Fwp%2Fv2%2Fcategories&post=406454"},{"taxonomy":"post_tag","embeddable":true,"href":"https:\/\/arantv.az\/index.php?rest_route=%2Fwp%2Fv2%2Ftags&post=406454"}],"curies":[{"name":"wp","href":"https:\/\/api.w.org\/{rel}","templated":true}]}}