{"id":406457,"date":"2021-11-21T11:15:04","date_gmt":"2021-11-21T08:15:04","guid":{"rendered":"http:\/\/arantv.az\/?p=406457"},"modified":"2021-11-21T11:15:04","modified_gmt":"2021-11-21T08:15:04","slug":"brussel-masasinda-3-m%c9%99s%c9%99l%c9%99-ilk-gorusd%c9%99-sulh-olacaqmi","status":"publish","type":"post","link":"https:\/\/arantv.az\/?p=406457","title":{"rendered":"Br\u00fcssel masas\u0131nda 3 m\u0259s\u0259l\u0259: \u0130lk g\u00f6r\u00fc\u015fd\u0259 s\u00fclh olacaqm\u0131?"},"content":{"rendered":"<p>Avropa \u0130ttifaq\u0131 \u015euras\u0131n\u0131n Prezidenti bu il dekabr\u0131n 15-d\u0259 Br\u00fcsseld\u0259 ke\u00e7iril\u0259c\u0259k \u015e\u0259rq T\u0259r\u0259fda\u015fl\u0131\u011f\u0131n\u0131n Zirv\u0259 g\u00f6r\u00fc\u015f\u00fc \u00e7\u0259r\u00e7iv\u0259sind\u0259 h\u0259r iki \u00f6lk\u0259 liderinin g\u00f6r\u00fc\u015f\u00fcn\u00fcn t\u0259\u015fkil edilm\u0259si t\u0259klifi il\u0259 \u00e7\u0131x\u0131\u015f edib.<\/p>\n<p>Az\u0259rbaycan Xarici \u0130\u015fl\u0259r Nazirliyi Az\u0259rbaycan t\u0259r\u0259fi h\u0259r zaman siyasi dialoqa a\u00e7\u0131qd\u0131r v\u0259 bu kimi t\u0259maslar\u0131 m\u00fcsb\u0259t qar\u015f\u0131lad\u0131\u011f\u0131n\u0131 v\u0259 Avropa \u0130ttifaq\u0131 \u015euras\u0131n\u0131n Prezidentinin Br\u00fcssel Zirv\u0259si \u00e7\u0259r\u00e7iv\u0259sind\u0259 A\u0130-nin vasit\u0259\u00e7iliyi il\u0259 iki \u00f6lk\u0259 liderinin g\u00f6r\u00fc\u015f\u00fcn\u00fcn t\u0259\u015fkili t\u0259klifin\u0259 Az\u0259rbaycan t\u0259r\u0259find\u0259n raz\u0131l\u0131q verdiyini a\u00e7\u0131qlay\u0131b.<\/p>\n<p>Maraql\u0131d\u0131r, ba\u015f tutacaq g\u00f6r\u00fc\u015fd\u0259 hans\u0131 m\u0259s\u0259l\u0259l\u0259r m\u00fczakir\u0259 olunacaq? Az\u0259rbaycan hans\u0131 \u015f\u0259rtl\u0259rl\u0259 \u00e7\u0131x\u0131\u015f ed\u0259c\u0259k? Bu g\u00f6r\u00fc\u015f s\u00fclh\u00fcn ba\u015flan\u011f\u0131c\u0131 say\u0131la bil\u0259rmi?<\/p>\n<p>Politoloq, Atlas Ara\u015fd\u0131rmalar M\u0259rk\u0259zinin r\u0259hb\u0259ri Elxan \u015eahino\u011flu m\u0259s\u0259l\u0259ni modern.az-a \u015f\u0259rh ed\u0259rk\u0259n deyib ki, h\u0259m Az\u0259rbaycan\u0131, h\u0259m d\u0259 Erm\u0259nistan\u0131 3 m\u0259s\u0259l\u0259 maraqland\u0131r\u0131r:<\/p>\n<p>&#8220;Bak\u0131n\u0131 \u0130r\u0259vanla dan\u0131\u015f\u0131qlarda \u0259sas\u0259n 3 m\u0259s\u0259l\u0259 maraqland\u0131r\u0131r:<\/p>\n<p>Birincisi, d\u0259hlizinin a\u00e7\u0131lmas\u0131, ikincisi, s\u00fclh sazi\u015finin imzalanmas\u0131 v\u0259 s\u0259rh\u0259dl\u0259rin m\u00fc\u0259yy\u0259nl\u0259\u015fm\u0259si \u00fc\u00e7\u00fcn dan\u0131\u015f\u0131qlar\u0131n ba\u015flanmas\u0131.<\/p>\n<p>Qeyd ed\u0259 bil\u0259r\u0259m ki, biziml\u0259 yana\u015f\u0131 Erm\u0259nistan\u0131 da bu m\u0259s\u0259l\u0259 maraqland\u0131r\u0131r. T\u0259sad\u00fcfi deyil ki, Pa\u015finyan da parlamentd\u0259 \u00e7\u0131x\u0131\u015f\u0131nda s\u0259rh\u0259d v\u0259 s\u00fclh sazi\u015fi il\u0259 dan\u0131\u015f\u0131qlara ba\u015flama\u011fa haz\u0131r olduqlar\u0131n\u0131 dedi.<\/p>\n<p>Dekabr\u0131n 15-d\u0259 ilk d\u0259f\u0259 m\u00fcharib\u0259d\u0259n sonra bel\u0259 g\u00f6r\u00fc\u015f olacaq. G\u00f6r\u00fc\u015fd\u0259 qar\u015f\u0131l\u0131ql\u0131 fikir m\u00fcbadil\u0259si ba\u015f tutacaq.<\/p>\n<p>\u0130lk g\u00f6r\u00fc\u015fd\u0259n y\u00fcks\u0259k n\u0259tic\u0259 g\u00f6zl\u0259m\u0259k d\u0259 do\u011fru deyil. Amma h\u0259r halda m\u00fcharib\u0259d\u0259n daha yax\u015f\u0131d\u0131. M\u00fczakir\u0259l\u0259r apar\u0131lmal\u0131d\u0131, dan\u0131\u015f\u0131qlar olmal\u0131d\u0131 v\u0259 ortaq n\u0259tic\u0259y\u0259 g\u0259linm\u0259lidir&#8221;.<\/p>\n<p>Politoloq Br\u00fcsseld\u0259n sonra Moskvada da g\u00f6r\u00fc\u015f olacaq, komissiyalar yarad\u0131laca\u011f\u0131n\u0131 deyib:<\/p>\n<p>&#8220;Ola bilsin ki, Br\u00fcsseld\u0259n sonra Moskvada da ikinci d\u0259f\u0259 g\u00f6r\u00fc\u015f olsun. M\u0259s\u0259l\u0259l\u0259r yenid\u0259n m\u00fczakir\u0259 edilsin, kommisiyalar yarad\u0131ls\u0131n&#8221;.<\/p>\n<p>E.\u015eahino\u011flu vur\u011fulay\u0131b ki, dan\u0131\u015f\u0131qlar bizim uzun ill\u0259rimizi alacaq, ilk g\u00f6r\u00fc\u015fd\u0259n s\u00fclh g\u00f6zl\u0259m\u0259m\u0259liyik:<\/p>\n<p>&#8220;Dan\u0131\u015f\u0131qlar qar\u015f\u0131l\u0131ql\u0131 raz\u0131la\u015fma \u0259sas\u0131nda ba\u015f tutur. \u018flb\u0259tt\u0259 ki, Erm\u0259nistan\u0131n b\u0259zi \u015f\u0259rtl\u0259ri bizi, bizim b\u0259zi \u015f\u0259rtl\u0259rimiz Erm\u0259nistan\u0131 qane etmir. Ortaq m\u0259xr\u0259c axtar\u0131lmal\u0131d\u0131r. S\u0259rh\u0259dl\u0259rin m\u00fc\u0259yy\u0259nl\u0259\u015fm\u0259si asan proses deyil, bu s\u0259b\u0259bd\u0259n dan\u0131\u015f\u0131qlar uzun ill\u0259r davam ed\u0259 bil\u0259r. Eyni zamanda, h\u0259r iki t\u0259r\u0259f s\u00fclh m\u0259s\u0259l\u0259sini f\u0259rqli anlay\u0131r. \u018fsas m\u0259s\u0259l\u0259 qar\u015f\u0131l\u0131ql\u0131 anlamad\u0131&#8221;.<\/p>\n","protected":false},"excerpt":{"rendered":"<p>Avropa \u0130ttifaq\u0131 \u015euras\u0131n\u0131n Prezidenti bu il dekabr\u0131n 15-d\u0259 Br\u00fcsseld\u0259 ke\u00e7iril\u0259c\u0259k \u015e\u0259rq T\u0259r\u0259fda\u015fl\u0131\u011f\u0131n\u0131n Zirv\u0259 g\u00f6r\u00fc\u015f\u00fc \u00e7\u0259r\u00e7iv\u0259sind\u0259 h\u0259r iki \u00f6lk\u0259 liderinin g\u00f6r\u00fc\u015f\u00fcn\u00fcn t\u0259\u015fkil edilm\u0259si t\u0259klifi il\u0259 \u00e7\u0131x\u0131\u015f edib. Az\u0259rbaycan Xarici \u0130\u015fl\u0259r Nazirliyi Az\u0259rbaycan t\u0259r\u0259fi h\u0259r zaman siyasi dialoqa a\u00e7\u0131qd\u0131r v\u0259 bu kimi t\u0259maslar\u0131 m\u00fcsb\u0259t qar\u015f\u0131lad\u0131\u011f\u0131n\u0131 v\u0259 Avropa \u0130ttifaq\u0131 \u015euras\u0131n\u0131n Prezidentinin Br\u00fcssel Zirv\u0259si \u00e7\u0259r\u00e7iv\u0259sind\u0259 A\u0130-nin vasit\u0259\u00e7iliyi il\u0259 iki \u00f6lk\u0259 liderinin g\u00f6r\u00fc\u015f\u00fcn\u00fcn t\u0259\u015fkili t\u0259klifin\u0259 Az\u0259rbaycan t\u0259r\u0259find\u0259n raz\u0131l\u0131q verdiyini a\u00e7\u0131qlay\u0131b. Maraql\u0131d\u0131r, ba\u015f tutacaq g\u00f6r\u00fc\u015fd\u0259 hans\u0131 m\u0259s\u0259l\u0259l\u0259r m\u00fczakir\u0259 olunacaq? Az\u0259rbaycan hans\u0131 \u015f\u0259rtl\u0259rl\u0259 \u00e7\u0131x\u0131\u015f ed\u0259c\u0259k? Bu g\u00f6r\u00fc\u015f s\u00fclh\u00fcn ba\u015flan\u011f\u0131c\u0131 say\u0131la bil\u0259rmi? Politoloq, Atlas Ara\u015fd\u0131rmalar M\u0259rk\u0259zinin r\u0259hb\u0259ri Elxan&hellip;<\/p>\n","protected":false},"author":2,"featured_media":406458,"comment_status":"closed","ping_status":"closed","sticky":false,"template":"","format":"standard","meta":{"om_disable_all_campaigns":false,"_monsterinsights_skip_tracking":false,"_monsterinsights_sitenote_active":false,"_monsterinsights_sitenote_note":"","_monsterinsights_sitenote_category":0},"categories":[4],"tags":[],"aioseo_notices":[],"gutentor_comment":0,"rttpg_featured_image_url":{"full":["https:\/\/arantv.az\/wp-content\/uploads\/2021\/11\/997428.jpg",663,432,false],"landscape":["https:\/\/arantv.az\/wp-content\/uploads\/2021\/11\/997428.jpg",663,432,false],"portraits":["https:\/\/arantv.az\/wp-content\/uploads\/2021\/11\/997428.jpg",663,432,false],"thumbnail":["https:\/\/arantv.az\/wp-content\/uploads\/2021\/11\/997428-500x280.jpg",500,280,true],"medium":["https:\/\/arantv.az\/wp-content\/uploads\/2021\/11\/997428-560x365.jpg",560,365,true],"large":["https:\/\/arantv.az\/wp-content\/uploads\/2021\/11\/997428.jpg",640,417,false],"1536x1536":["https:\/\/arantv.az\/wp-content\/uploads\/2021\/11\/997428.jpg",663,432,false],"2048x2048":["https:\/\/arantv.az\/wp-content\/uploads\/2021\/11\/997428.jpg",663,432,false],"post-thumbnail":["https:\/\/arantv.az\/wp-content\/uploads\/2021\/11\/997428-240x172.jpg",240,172,true],"advps-thumb-one":["https:\/\/arantv.az\/wp-content\/uploads\/2021\/11\/997428.jpg",663,432,false]},"rttpg_author":{"display_name":"V\u00fcsal Rafiqo\u011flu","author_link":"https:\/\/arantv.az\/?author=2"},"rttpg_comment":0,"rttpg_category":"<a href=\"https:\/\/arantv.az\/?cat=4\" rel=\"category\">Siyas\u0259t<\/a>","rttpg_excerpt":"Avropa \u0130ttifaq\u0131 \u015euras\u0131n\u0131n Prezidenti bu il dekabr\u0131n 15-d\u0259 Br\u00fcsseld\u0259 ke\u00e7iril\u0259c\u0259k \u015e\u0259rq T\u0259r\u0259fda\u015fl\u0131\u011f\u0131n\u0131n Zirv\u0259 g\u00f6r\u00fc\u015f\u00fc \u00e7\u0259r\u00e7iv\u0259sind\u0259 h\u0259r iki \u00f6lk\u0259 liderinin g\u00f6r\u00fc\u015f\u00fcn\u00fcn t\u0259\u015fkil edilm\u0259si t\u0259klifi il\u0259 \u00e7\u0131x\u0131\u015f edib. Az\u0259rbaycan Xarici \u0130\u015fl\u0259r Nazirliyi Az\u0259rbaycan t\u0259r\u0259fi h\u0259r zaman siyasi dialoqa a\u00e7\u0131qd\u0131r v\u0259 bu kimi t\u0259maslar\u0131 m\u00fcsb\u0259t qar\u015f\u0131lad\u0131\u011f\u0131n\u0131 v\u0259 Avropa \u0130ttifaq\u0131 \u015euras\u0131n\u0131n Prezidentinin Br\u00fcssel Zirv\u0259si \u00e7\u0259r\u00e7iv\u0259sind\u0259 A\u0130-nin vasit\u0259\u00e7iliyi il\u0259 iki&hellip;","_links":{"self":[{"href":"https:\/\/arantv.az\/index.php?rest_route=\/wp\/v2\/posts\/406457"}],"collection":[{"href":"https:\/\/arantv.az\/index.php?rest_route=\/wp\/v2\/posts"}],"about":[{"href":"https:\/\/arantv.az\/index.php?rest_route=\/wp\/v2\/types\/post"}],"author":[{"embeddable":true,"href":"https:\/\/arantv.az\/index.php?rest_route=\/wp\/v2\/users\/2"}],"replies":[{"embeddable":true,"href":"https:\/\/arantv.az\/index.php?rest_route=%2Fwp%2Fv2%2Fcomments&post=406457"}],"version-history":[{"count":0,"href":"https:\/\/arantv.az\/index.php?rest_route=\/wp\/v2\/posts\/406457\/revisions"}],"wp:featuredmedia":[{"embeddable":true,"href":"https:\/\/arantv.az\/index.php?rest_route=\/wp\/v2\/media\/406458"}],"wp:attachment":[{"href":"https:\/\/arantv.az\/index.php?rest_route=%2Fwp%2Fv2%2Fmedia&parent=406457"}],"wp:term":[{"taxonomy":"category","embeddable":true,"href":"https:\/\/arantv.az\/index.php?rest_route=%2Fwp%2Fv2%2Fcategories&post=406457"},{"taxonomy":"post_tag","embeddable":true,"href":"https:\/\/arantv.az\/index.php?rest_route=%2Fwp%2Fv2%2Ftags&post=406457"}],"curies":[{"name":"wp","href":"https:\/\/api.w.org\/{rel}","templated":true}]}}