{"id":406480,"date":"2021-11-21T14:15:54","date_gmt":"2021-11-21T11:15:54","guid":{"rendered":"http:\/\/arantv.az\/?p=406480"},"modified":"2021-11-21T14:15:54","modified_gmt":"2021-11-21T11:15:54","slug":"masallida-dyp-reyd-kecirib-20-surucu-c%c9%99rim%c9%99l%c9%99nib-foto","status":"publish","type":"post","link":"https:\/\/arantv.az\/?p=406480","title":{"rendered":"Masall\u0131da DYP reyd ke\u00e7irib, 20 s\u00fcr\u00fcc\u00fc c\u0259rim\u0259l\u0259nib &#8211; FOTO"},"content":{"rendered":"<p>Yollarda ba\u015f ver\u0259 bil\u0259c\u0259k q\u0259za hadis\u0259l\u0259rinin qar\u015f\u0131s\u0131n\u0131n al\u0131nmas\u0131 v\u0259 n\u0259qliyyat\u0131n t\u0259hl\u00fck\u0259siz h\u0259r\u0259k\u0259tinin t\u0259mini m\u0259qs\u0259dil\u0259 Masall\u0131da d\u00f6vl\u0259t yol polisi b\u00f6lm\u0259sinin \u0259m\u0259kda\u015flar\u0131 t\u0259r\u0259find\u0259n n\u00f6vb\u0259ti reyd t\u0259\u015fkil olunub.<\/p>\n<p>Bu bar\u0259d\u0259 Daxili \u0130\u015fl\u0259r Nazirliyinin M\u0259tbuat Xidm\u0259tinin L\u0259nk\u0259ran regional qrupundan m\u0259lumat verilib.<\/p>\n<div id=\"AdviadNativeVideo0\" class=\"AdviadNativeVideo\"><\/div>\n<p>Bildirilib ki, \u015f\u0259h\u0259rin m\u00fcxt\u0259lif k\u00fc\u00e7\u0259 v\u0259 prospektl\u0259rind\u0259 t\u0259\u015fkil olunan t\u0259dbirl\u0259r zaman\u0131 ictimai n\u0259qliyyatda tibbi maska il\u0259 ba\u011fl\u0131 t\u0259l\u0259bl\u0259r\u0259 riay\u0259t etm\u0259y\u0259nl\u0259r a\u015fkarlan\u0131b v\u0259 bar\u0259l\u0259rind\u0259 inzibati protokollar t\u0259rtib edilib. T\u0259dbirl\u0259r zaman\u0131 h\u0259m\u00e7inin ixrac etdiyi qazlar\u0131n t\u0259rkibind\u0259ki z\u0259r\u0259rli madd\u0259l\u0259rin t\u0259rkibi normalara uy\u011fun g\u0259lm\u0259y\u0259n n\u0259qliyyat vasit\u0259l\u0259ri, s\u00fcr\u00fcc\u00fcl\u00fck v\u0259siq\u0259si olmadan n\u0259qliyyat vasit\u0259sini idar\u0259 ed\u0259nl\u0259r, m\u00fcvafiq f\u0259rql\u0259nm\u0259 ni\u015fan\u0131 v\u0259 lisenziyas\u0131 olmadan s\u0259rni\u015finda\u015f\u0131ma il\u0259 m\u0259\u015f\u011ful olan s\u00fcr\u00fcc\u00fcl\u0259r, m\u00f6vcud piyada ke\u00e7idl\u0259rind\u0259n istifad\u0259 etm\u0259y\u0259r\u0259k \u00f6z h\u0259yatlar\u0131 il\u0259 b\u0259rab\u0259r dig\u0259r h\u0259r\u0259k\u0259t i\u015ftirak\u00e7\u0131lar\u0131na da ciddi t\u0259hl\u00fck\u0259 yaradan piyadalar a\u015fkarlan\u0131b. Reyd zaman\u0131 \u00fcmumilikd\u0259 20-y\u0259 yax\u0131n m\u00fcxt\u0259lif qayda pozuntular\u0131na yol ver\u0259n s\u00fcr\u00fcc\u00fc bar\u0259sind\u0259 inzibati protokol t\u0259rtib edilib.<\/p>\n<p>&nbsp;<\/p>\n<div class=\"gallery\">\n<div class=\"gallery-i\"><img src=\"https:\/\/cdn.oxu.az\/uploads\/W1siZiIsIjIwMjEvMTEvMjEvMTIvMDUvNTEvNGY1MjE4YzMtZTE1MC00NDA3LWFmNmUtYmZmM2Q4Yjg3OGE2L0lNR18yMDIxMTEyMV8xMTMzMTEuanBnIl0sWyJwIiwiZW5jb2RlIiwianBnIiwiLXF1YWxpdHkgODAiXSxbInAiLCJ0aHVtYiIsIjU5MHg1OTBcdTAwM2UiXV0?sha=1ab6fe9fa774978e\" alt=\"\" \/><\/div>\n<\/div>\n","protected":false},"excerpt":{"rendered":"<p>Yollarda ba\u015f ver\u0259 bil\u0259c\u0259k q\u0259za hadis\u0259l\u0259rinin qar\u015f\u0131s\u0131n\u0131n al\u0131nmas\u0131 v\u0259 n\u0259qliyyat\u0131n t\u0259hl\u00fck\u0259siz h\u0259r\u0259k\u0259tinin t\u0259mini m\u0259qs\u0259dil\u0259 Masall\u0131da d\u00f6vl\u0259t yol polisi b\u00f6lm\u0259sinin \u0259m\u0259kda\u015flar\u0131 t\u0259r\u0259find\u0259n n\u00f6vb\u0259ti reyd t\u0259\u015fkil olunub. Bu bar\u0259d\u0259 Daxili \u0130\u015fl\u0259r Nazirliyinin M\u0259tbuat Xidm\u0259tinin L\u0259nk\u0259ran regional qrupundan m\u0259lumat verilib. Bildirilib ki, \u015f\u0259h\u0259rin m\u00fcxt\u0259lif k\u00fc\u00e7\u0259 v\u0259 prospektl\u0259rind\u0259 t\u0259\u015fkil olunan t\u0259dbirl\u0259r zaman\u0131 ictimai n\u0259qliyyatda tibbi maska il\u0259 ba\u011fl\u0131 t\u0259l\u0259bl\u0259r\u0259 riay\u0259t etm\u0259y\u0259nl\u0259r a\u015fkarlan\u0131b v\u0259 bar\u0259l\u0259rind\u0259 inzibati protokollar t\u0259rtib edilib. T\u0259dbirl\u0259r zaman\u0131 h\u0259m\u00e7inin ixrac etdiyi qazlar\u0131n t\u0259rkibind\u0259ki z\u0259r\u0259rli madd\u0259l\u0259rin t\u0259rkibi normalara uy\u011fun g\u0259lm\u0259y\u0259n n\u0259qliyyat vasit\u0259l\u0259ri, s\u00fcr\u00fcc\u00fcl\u00fck v\u0259siq\u0259si olmadan n\u0259qliyyat vasit\u0259sini idar\u0259 ed\u0259nl\u0259r, m\u00fcvafiq f\u0259rql\u0259nm\u0259 ni\u015fan\u0131 v\u0259&hellip;<\/p>\n","protected":false},"author":2,"featured_media":406481,"comment_status":"closed","ping_status":"closed","sticky":false,"template":"","format":"standard","meta":{"om_disable_all_campaigns":false,"_monsterinsights_skip_tracking":false,"_monsterinsights_sitenote_active":false,"_monsterinsights_sitenote_note":"","_monsterinsights_sitenote_category":0},"categories":[26],"tags":[],"aioseo_notices":[],"gutentor_comment":0,"rttpg_featured_image_url":{"full":["https:\/\/arantv.az\/wp-content\/uploads\/2021\/11\/FotoJet-67-1.jpg",620,413,false],"landscape":["https:\/\/arantv.az\/wp-content\/uploads\/2021\/11\/FotoJet-67-1.jpg",620,413,false],"portraits":["https:\/\/arantv.az\/wp-content\/uploads\/2021\/11\/FotoJet-67-1.jpg",620,413,false],"thumbnail":["https:\/\/arantv.az\/wp-content\/uploads\/2021\/11\/FotoJet-67-1-500x280.jpg",500,280,true],"medium":["https:\/\/arantv.az\/wp-content\/uploads\/2021\/11\/FotoJet-67-1-548x365.jpg",548,365,true],"large":["https:\/\/arantv.az\/wp-content\/uploads\/2021\/11\/FotoJet-67-1.jpg",620,413,false],"1536x1536":["https:\/\/arantv.az\/wp-content\/uploads\/2021\/11\/FotoJet-67-1.jpg",620,413,false],"2048x2048":["https:\/\/arantv.az\/wp-content\/uploads\/2021\/11\/FotoJet-67-1.jpg",620,413,false],"post-thumbnail":["https:\/\/arantv.az\/wp-content\/uploads\/2021\/11\/FotoJet-67-1-240x172.jpg",240,172,true],"advps-thumb-one":["https:\/\/arantv.az\/wp-content\/uploads\/2021\/11\/FotoJet-67-1.jpg",620,413,false]},"rttpg_author":{"display_name":"V\u00fcsal Rafiqo\u011flu","author_link":"https:\/\/arantv.az\/?author=2"},"rttpg_comment":0,"rttpg_category":"<a href=\"https:\/\/arantv.az\/?cat=26\" rel=\"category\">Sosial<\/a>","rttpg_excerpt":"Yollarda ba\u015f ver\u0259 bil\u0259c\u0259k q\u0259za hadis\u0259l\u0259rinin qar\u015f\u0131s\u0131n\u0131n al\u0131nmas\u0131 v\u0259 n\u0259qliyyat\u0131n t\u0259hl\u00fck\u0259siz h\u0259r\u0259k\u0259tinin t\u0259mini m\u0259qs\u0259dil\u0259 Masall\u0131da d\u00f6vl\u0259t yol polisi b\u00f6lm\u0259sinin \u0259m\u0259kda\u015flar\u0131 t\u0259r\u0259find\u0259n n\u00f6vb\u0259ti reyd t\u0259\u015fkil olunub. Bu bar\u0259d\u0259 Daxili \u0130\u015fl\u0259r Nazirliyinin M\u0259tbuat Xidm\u0259tinin L\u0259nk\u0259ran regional qrupundan m\u0259lumat verilib. Bildirilib ki, \u015f\u0259h\u0259rin m\u00fcxt\u0259lif k\u00fc\u00e7\u0259 v\u0259 prospektl\u0259rind\u0259 t\u0259\u015fkil olunan t\u0259dbirl\u0259r zaman\u0131 ictimai n\u0259qliyyatda tibbi maska il\u0259 ba\u011fl\u0131 t\u0259l\u0259bl\u0259r\u0259&hellip;","_links":{"self":[{"href":"https:\/\/arantv.az\/index.php?rest_route=\/wp\/v2\/posts\/406480"}],"collection":[{"href":"https:\/\/arantv.az\/index.php?rest_route=\/wp\/v2\/posts"}],"about":[{"href":"https:\/\/arantv.az\/index.php?rest_route=\/wp\/v2\/types\/post"}],"author":[{"embeddable":true,"href":"https:\/\/arantv.az\/index.php?rest_route=\/wp\/v2\/users\/2"}],"replies":[{"embeddable":true,"href":"https:\/\/arantv.az\/index.php?rest_route=%2Fwp%2Fv2%2Fcomments&post=406480"}],"version-history":[{"count":0,"href":"https:\/\/arantv.az\/index.php?rest_route=\/wp\/v2\/posts\/406480\/revisions"}],"wp:featuredmedia":[{"embeddable":true,"href":"https:\/\/arantv.az\/index.php?rest_route=\/wp\/v2\/media\/406481"}],"wp:attachment":[{"href":"https:\/\/arantv.az\/index.php?rest_route=%2Fwp%2Fv2%2Fmedia&parent=406480"}],"wp:term":[{"taxonomy":"category","embeddable":true,"href":"https:\/\/arantv.az\/index.php?rest_route=%2Fwp%2Fv2%2Fcategories&post=406480"},{"taxonomy":"post_tag","embeddable":true,"href":"https:\/\/arantv.az\/index.php?rest_route=%2Fwp%2Fv2%2Ftags&post=406480"}],"curies":[{"name":"wp","href":"https:\/\/api.w.org\/{rel}","templated":true}]}}