{"id":406491,"date":"2021-11-21T14:18:20","date_gmt":"2021-11-21T11:18:20","guid":{"rendered":"http:\/\/arantv.az\/?p=406491"},"modified":"2021-11-21T14:18:20","modified_gmt":"2021-11-21T11:18:20","slug":"xocav%c9%99nd%c9%99-icaz%c9%99siz-kecm%c9%99k-ist%c9%99y%c9%99n-b%c9%99rd%c9%99-sakini-saxlanilib-foto","status":"publish","type":"post","link":"https:\/\/arantv.az\/?p=406491","title":{"rendered":"Xocav\u0259nd\u0259 icaz\u0259siz ke\u00e7m\u0259k ist\u0259y\u0259n B\u0259rd\u0259 sakini saxlan\u0131l\u0131b &#8211; FOTO"},"content":{"rendered":"<p>\u0130\u015f\u011faldan azad edilmi\u015f \u0259razil\u0259rd\u0259 daxili i\u015fl\u0259r orqanlar\u0131n\u0131n \u0259m\u0259kda\u015flar\u0131 t\u0259r\u0259find\u0259n n\u0259zar\u0259t-profilaktiki t\u0259dbirl\u0259r pe\u015f\u0259karl\u0131qla davam etdirilir.<\/p>\n<p>Bu bar\u0259d\u0259 Daxili \u0130\u015fl\u0259r Nazirliyinin M\u0259tbuat Xidm\u0259tinin B\u0259rd\u0259 regional qrupu m\u0259lumat yay\u0131b.<\/p>\n<p>Bildirilib ki, Xocav\u0259nd Rayon Polis \u015e\u00f6b\u0259sinin \u0259m\u0259kda\u015flar\u0131n\u0131n ke\u00e7irdikl\u0259ri n\u0259zar\u0259t t\u0259dbirl\u0259ri il\u0259 rayonun B\u00f6y\u00fck Ta\u011flar k\u0259ndi \u0259razisind\u0259ki stasionar postda \u201cMercedes\u201d markal\u0131 avtomobil saxlan\u0131l\u0131b.<\/p>\n<div id=\"AdviadNativeVideo0\" class=\"AdviadNativeVideo\"><\/div>\n<p>Yoxlamalar zaman\u0131 avtomobilin s\u00fcr\u00fcc\u00fcs\u00fc A\u011fda\u015f rayon sakini Dil\u0259n Kaz\u0131movun i\u015f\u011faldan azad edilmi\u015f \u0259razil\u0259rd\u0259 i\u015fl\u0259m\u0259si \u00fc\u00e7\u00fcn m\u00fcvafiq icaz\u0259si olsa da, avtomobild\u0259 olan dig\u0259r \u015f\u0259xs B\u0259rd\u0259 rayon sakini B\u0259hruz \u018fliyevin is\u0259 m\u00fcvafiq icaz\u0259sinin olmad\u0131\u011f\u0131 m\u00fc\u0259yy\u0259n edilib.<\/p>\n<p>Avtomobil\u0259 m\u00fc\u0259yy\u0259n edilmi\u015f qaydada bax\u0131\u015f ke\u00e7irilib, bu zaman avtomobilin y\u00fck yerind\u0259n, m\u00fch\u0259rrik hiss\u0259sind\u0259n v\u0259 salonundan 80 kiloqrama yax\u0131n m\u00fcxt\u0259lif metal m\u0259mulatlar\u0131 a\u015fkar olunub.<\/p>\n<p>Faktla ba\u011fl\u0131 Xocav\u0259nd RP\u015e-d\u0259 ara\u015fd\u0131rmalar apar\u0131l\u0131r.<\/p>\n<p>&nbsp;<\/p>\n<div class=\"gallery\">\n<div class=\"gallery-i\"><img src=\"https:\/\/cdn.oxu.az\/uploads\/W1siZiIsIjIwMjEvMTEvMjEvMTIvNTkvMjUvZGMzMDIxZTUtOTU4Mi00NGUwLTk1NDUtODFhOTRjMTMwYjAyL2I4MzRkYzViLWQ4NDUtM2YxMS1hMmI2LTE5MzYzMjZiNDk0MS5qcGVnIl0sWyJwIiwiZW5jb2RlIiwianBnIiwiLXF1YWxpdHkgODAiXSxbInAiLCJ0aHVtYiIsIjU5MHg1OTBcdTAwM2UiXV0?sha=cffe1fa22d23eca3\" alt=\"\" \/><\/div>\n<\/div>\n","protected":false},"excerpt":{"rendered":"<p>\u0130\u015f\u011faldan azad edilmi\u015f \u0259razil\u0259rd\u0259 daxili i\u015fl\u0259r orqanlar\u0131n\u0131n \u0259m\u0259kda\u015flar\u0131 t\u0259r\u0259find\u0259n n\u0259zar\u0259t-profilaktiki t\u0259dbirl\u0259r pe\u015f\u0259karl\u0131qla davam etdirilir. Bu bar\u0259d\u0259 Daxili \u0130\u015fl\u0259r Nazirliyinin M\u0259tbuat Xidm\u0259tinin B\u0259rd\u0259 regional qrupu m\u0259lumat yay\u0131b. Bildirilib ki, Xocav\u0259nd Rayon Polis \u015e\u00f6b\u0259sinin \u0259m\u0259kda\u015flar\u0131n\u0131n ke\u00e7irdikl\u0259ri n\u0259zar\u0259t t\u0259dbirl\u0259ri il\u0259 rayonun B\u00f6y\u00fck Ta\u011flar k\u0259ndi \u0259razisind\u0259ki stasionar postda \u201cMercedes\u201d markal\u0131 avtomobil saxlan\u0131l\u0131b. Yoxlamalar zaman\u0131 avtomobilin s\u00fcr\u00fcc\u00fcs\u00fc A\u011fda\u015f rayon sakini Dil\u0259n Kaz\u0131movun i\u015f\u011faldan azad edilmi\u015f \u0259razil\u0259rd\u0259 i\u015fl\u0259m\u0259si \u00fc\u00e7\u00fcn m\u00fcvafiq icaz\u0259si olsa da, avtomobild\u0259 olan dig\u0259r \u015f\u0259xs B\u0259rd\u0259 rayon sakini B\u0259hruz \u018fliyevin is\u0259 m\u00fcvafiq icaz\u0259sinin olmad\u0131\u011f\u0131 m\u00fc\u0259yy\u0259n edilib. Avtomobil\u0259 m\u00fc\u0259yy\u0259n edilmi\u015f qaydada bax\u0131\u015f ke\u00e7irilib, bu zaman&hellip;<\/p>\n","protected":false},"author":2,"featured_media":406492,"comment_status":"closed","ping_status":"closed","sticky":false,"template":"","format":"standard","meta":{"om_disable_all_campaigns":false,"_monsterinsights_skip_tracking":false,"_monsterinsights_sitenote_active":false,"_monsterinsights_sitenote_note":"","_monsterinsights_sitenote_category":0},"categories":[26],"tags":[],"aioseo_notices":[],"gutentor_comment":0,"rttpg_featured_image_url":{"full":["https:\/\/arantv.az\/wp-content\/uploads\/2021\/11\/FotoJet-72-2.jpg",620,413,false],"landscape":["https:\/\/arantv.az\/wp-content\/uploads\/2021\/11\/FotoJet-72-2.jpg",620,413,false],"portraits":["https:\/\/arantv.az\/wp-content\/uploads\/2021\/11\/FotoJet-72-2.jpg",620,413,false],"thumbnail":["https:\/\/arantv.az\/wp-content\/uploads\/2021\/11\/FotoJet-72-2-500x280.jpg",500,280,true],"medium":["https:\/\/arantv.az\/wp-content\/uploads\/2021\/11\/FotoJet-72-2-548x365.jpg",548,365,true],"large":["https:\/\/arantv.az\/wp-content\/uploads\/2021\/11\/FotoJet-72-2.jpg",620,413,false],"1536x1536":["https:\/\/arantv.az\/wp-content\/uploads\/2021\/11\/FotoJet-72-2.jpg",620,413,false],"2048x2048":["https:\/\/arantv.az\/wp-content\/uploads\/2021\/11\/FotoJet-72-2.jpg",620,413,false],"post-thumbnail":["https:\/\/arantv.az\/wp-content\/uploads\/2021\/11\/FotoJet-72-2-240x172.jpg",240,172,true],"advps-thumb-one":["https:\/\/arantv.az\/wp-content\/uploads\/2021\/11\/FotoJet-72-2.jpg",620,413,false]},"rttpg_author":{"display_name":"V\u00fcsal Rafiqo\u011flu","author_link":"https:\/\/arantv.az\/?author=2"},"rttpg_comment":0,"rttpg_category":"<a href=\"https:\/\/arantv.az\/?cat=26\" rel=\"category\">Sosial<\/a>","rttpg_excerpt":"\u0130\u015f\u011faldan azad edilmi\u015f \u0259razil\u0259rd\u0259 daxili i\u015fl\u0259r orqanlar\u0131n\u0131n \u0259m\u0259kda\u015flar\u0131 t\u0259r\u0259find\u0259n n\u0259zar\u0259t-profilaktiki t\u0259dbirl\u0259r pe\u015f\u0259karl\u0131qla davam etdirilir. Bu bar\u0259d\u0259 Daxili \u0130\u015fl\u0259r Nazirliyinin M\u0259tbuat Xidm\u0259tinin B\u0259rd\u0259 regional qrupu m\u0259lumat yay\u0131b. Bildirilib ki, Xocav\u0259nd Rayon Polis \u015e\u00f6b\u0259sinin \u0259m\u0259kda\u015flar\u0131n\u0131n ke\u00e7irdikl\u0259ri n\u0259zar\u0259t t\u0259dbirl\u0259ri il\u0259 rayonun B\u00f6y\u00fck Ta\u011flar k\u0259ndi \u0259razisind\u0259ki stasionar postda \u201cMercedes\u201d markal\u0131 avtomobil saxlan\u0131l\u0131b. Yoxlamalar zaman\u0131 avtomobilin s\u00fcr\u00fcc\u00fcs\u00fc A\u011fda\u015f rayon sakini&hellip;","_links":{"self":[{"href":"https:\/\/arantv.az\/index.php?rest_route=\/wp\/v2\/posts\/406491"}],"collection":[{"href":"https:\/\/arantv.az\/index.php?rest_route=\/wp\/v2\/posts"}],"about":[{"href":"https:\/\/arantv.az\/index.php?rest_route=\/wp\/v2\/types\/post"}],"author":[{"embeddable":true,"href":"https:\/\/arantv.az\/index.php?rest_route=\/wp\/v2\/users\/2"}],"replies":[{"embeddable":true,"href":"https:\/\/arantv.az\/index.php?rest_route=%2Fwp%2Fv2%2Fcomments&post=406491"}],"version-history":[{"count":0,"href":"https:\/\/arantv.az\/index.php?rest_route=\/wp\/v2\/posts\/406491\/revisions"}],"wp:featuredmedia":[{"embeddable":true,"href":"https:\/\/arantv.az\/index.php?rest_route=\/wp\/v2\/media\/406492"}],"wp:attachment":[{"href":"https:\/\/arantv.az\/index.php?rest_route=%2Fwp%2Fv2%2Fmedia&parent=406491"}],"wp:term":[{"taxonomy":"category","embeddable":true,"href":"https:\/\/arantv.az\/index.php?rest_route=%2Fwp%2Fv2%2Fcategories&post=406491"},{"taxonomy":"post_tag","embeddable":true,"href":"https:\/\/arantv.az\/index.php?rest_route=%2Fwp%2Fv2%2Ftags&post=406491"}],"curies":[{"name":"wp","href":"https:\/\/api.w.org\/{rel}","templated":true}]}}