{"id":406498,"date":"2021-11-21T14:20:16","date_gmt":"2021-11-21T11:20:16","guid":{"rendered":"http:\/\/arantv.az\/?p=406498"},"modified":"2021-11-21T14:20:16","modified_gmt":"2021-11-21T11:20:16","slug":"socar-ikinci-qarabag-muharib%c9%99si-istirakcisi-haqqinda-paylasim-edib","status":"publish","type":"post","link":"https:\/\/arantv.az\/?p=406498","title":{"rendered":"SOCAR \u0130kinci Qaraba\u011f m\u00fcharib\u0259si i\u015ftirak\u00e7\u0131s\u0131 haqq\u0131nda payla\u015f\u0131m edib"},"content":{"rendered":"<p>SOCAR \u0130kinci Qaraba\u011f m\u00fcharib\u0259si i\u015ftirak\u00e7\u0131s\u0131, \u0259m\u0259kda\u015f\u0131 haqq\u0131nda &#8220;Facebook&#8221; s\u0259hif\u0259sind\u0259 payla\u015f\u0131m edib.<\/p>\n<p><strong>ARANTV.AZ\u00a0 x\u0259b\u0259r verir ki,<\/strong>\u00a0payla\u015f\u0131mda qeyd olunur ki, 2017-ci ild\u0259n SOCAR-\u0131n T\u0259hl\u00fck\u0259sizlik \u0130dar\u0259sind\u0259 \u00e7al\u0131\u015fan Bayram H\u00fcseynov at\u0131c\u0131d\u0131r. \u0130\u015finin \u00f6hd\u0259sind\u0259n layiqinc\u0259 g\u0259l\u0259n h\u0259mkar\u0131m\u0131z xidm\u0259td\u0259 ay\u0131q-say\u0131q olma\u011f\u0131, h\u0259val\u0259 edilmi\u015f i\u015fl\u0259ri m\u0259suliyy\u0259tl\u0259 icra etm\u0259yi, m\u00fchafiz\u0259ni d\u00fczg\u00fcn yerin\u0259 yetirm\u0259yi bacar\u0131b. O, Az\u0259rbaycan\u0131n strateji neft obyektl\u0259rinin t\u0259hl\u00fck\u0259sizliyinin t\u0259min edilm\u0259sind\u0259 i\u015ftirak etdiyi \u00fc\u00e7\u00fcn q\u00fcrur duyur. Q\u0259hr\u0259man\u0131m\u0131z h\u0259m d\u0259 \u015f\u0259xsi igidlik v\u0259 \u015f\u00fcca\u0259t n\u00fcmayi\u015f etdirdiyi \u00fc\u00e7\u00fcn Prezidentin S\u0259r\u0259ncam\u0131 il\u0259 \u201cQubadl\u0131n\u0131n azad olunmas\u0131na g\u00f6r\u0259\u201d medal\u0131 il\u0259 t\u0259ltif edilib. 25 ya\u015fl\u0131 Bayram H\u00fcseynov c\u00fcdo \u00fczr\u0259 \u00fc\u00e7qat Az\u0259rbaycan \u00e7empionu, Avropa kuboklar\u0131 m\u00fckafat\u00e7\u0131s\u0131 v\u0259 \u00f6lk\u0259mizin \u0259n g\u0259nc m\u0259\u015fq\u00e7il\u0259rind\u0259n biridir.<\/p>\n","protected":false},"excerpt":{"rendered":"<p>SOCAR \u0130kinci Qaraba\u011f m\u00fcharib\u0259si i\u015ftirak\u00e7\u0131s\u0131, \u0259m\u0259kda\u015f\u0131 haqq\u0131nda &#8220;Facebook&#8221; s\u0259hif\u0259sind\u0259 payla\u015f\u0131m edib. ARANTV.AZ\u00a0 x\u0259b\u0259r verir ki,\u00a0payla\u015f\u0131mda qeyd olunur ki, 2017-ci ild\u0259n SOCAR-\u0131n T\u0259hl\u00fck\u0259sizlik \u0130dar\u0259sind\u0259 \u00e7al\u0131\u015fan Bayram H\u00fcseynov at\u0131c\u0131d\u0131r. \u0130\u015finin \u00f6hd\u0259sind\u0259n layiqinc\u0259 g\u0259l\u0259n h\u0259mkar\u0131m\u0131z xidm\u0259td\u0259 ay\u0131q-say\u0131q olma\u011f\u0131, h\u0259val\u0259 edilmi\u015f i\u015fl\u0259ri m\u0259suliyy\u0259tl\u0259 icra etm\u0259yi, m\u00fchafiz\u0259ni d\u00fczg\u00fcn yerin\u0259 yetirm\u0259yi bacar\u0131b. O, Az\u0259rbaycan\u0131n strateji neft obyektl\u0259rinin t\u0259hl\u00fck\u0259sizliyinin t\u0259min edilm\u0259sind\u0259 i\u015ftirak etdiyi \u00fc\u00e7\u00fcn q\u00fcrur duyur. Q\u0259hr\u0259man\u0131m\u0131z h\u0259m d\u0259 \u015f\u0259xsi igidlik v\u0259 \u015f\u00fcca\u0259t n\u00fcmayi\u015f etdirdiyi \u00fc\u00e7\u00fcn Prezidentin S\u0259r\u0259ncam\u0131 il\u0259 \u201cQubadl\u0131n\u0131n azad olunmas\u0131na g\u00f6r\u0259\u201d medal\u0131 il\u0259 t\u0259ltif edilib. 25 ya\u015fl\u0131 Bayram H\u00fcseynov c\u00fcdo \u00fczr\u0259 \u00fc\u00e7qat Az\u0259rbaycan \u00e7empionu, Avropa&hellip;<\/p>\n","protected":false},"author":2,"featured_media":406499,"comment_status":"closed","ping_status":"closed","sticky":false,"template":"","format":"standard","meta":{"om_disable_all_campaigns":false,"_monsterinsights_skip_tracking":false,"_monsterinsights_sitenote_active":false,"_monsterinsights_sitenote_note":"","_monsterinsights_sitenote_category":0},"categories":[26],"tags":[],"aioseo_notices":[],"gutentor_comment":0,"rttpg_featured_image_url":{"full":["https:\/\/arantv.az\/wp-content\/uploads\/2021\/11\/168efc36163748653757709188210453016.jpg",975,540,false],"landscape":["https:\/\/arantv.az\/wp-content\/uploads\/2021\/11\/168efc36163748653757709188210453016.jpg",975,540,false],"portraits":["https:\/\/arantv.az\/wp-content\/uploads\/2021\/11\/168efc36163748653757709188210453016.jpg",975,540,false],"thumbnail":["https:\/\/arantv.az\/wp-content\/uploads\/2021\/11\/168efc36163748653757709188210453016-500x280.jpg",500,280,true],"medium":["https:\/\/arantv.az\/wp-content\/uploads\/2021\/11\/168efc36163748653757709188210453016-660x365.jpg",660,365,true],"large":["https:\/\/arantv.az\/wp-content\/uploads\/2021\/11\/168efc36163748653757709188210453016-840x465.jpg",640,354,true],"1536x1536":["https:\/\/arantv.az\/wp-content\/uploads\/2021\/11\/168efc36163748653757709188210453016.jpg",975,540,false],"2048x2048":["https:\/\/arantv.az\/wp-content\/uploads\/2021\/11\/168efc36163748653757709188210453016.jpg",975,540,false],"post-thumbnail":["https:\/\/arantv.az\/wp-content\/uploads\/2021\/11\/168efc36163748653757709188210453016-240x172.jpg",240,172,true],"advps-thumb-one":["https:\/\/arantv.az\/wp-content\/uploads\/2021\/11\/168efc36163748653757709188210453016.jpg",975,540,false]},"rttpg_author":{"display_name":"V\u00fcsal Rafiqo\u011flu","author_link":"https:\/\/arantv.az\/?author=2"},"rttpg_comment":0,"rttpg_category":"<a href=\"https:\/\/arantv.az\/?cat=26\" rel=\"category\">Sosial<\/a>","rttpg_excerpt":"SOCAR \u0130kinci Qaraba\u011f m\u00fcharib\u0259si i\u015ftirak\u00e7\u0131s\u0131, \u0259m\u0259kda\u015f\u0131 haqq\u0131nda &#8220;Facebook&#8221; s\u0259hif\u0259sind\u0259 payla\u015f\u0131m edib. ARANTV.AZ\u00a0 x\u0259b\u0259r verir ki,\u00a0payla\u015f\u0131mda qeyd olunur ki, 2017-ci ild\u0259n SOCAR-\u0131n T\u0259hl\u00fck\u0259sizlik \u0130dar\u0259sind\u0259 \u00e7al\u0131\u015fan Bayram H\u00fcseynov at\u0131c\u0131d\u0131r. \u0130\u015finin \u00f6hd\u0259sind\u0259n layiqinc\u0259 g\u0259l\u0259n h\u0259mkar\u0131m\u0131z xidm\u0259td\u0259 ay\u0131q-say\u0131q olma\u011f\u0131, h\u0259val\u0259 edilmi\u015f i\u015fl\u0259ri m\u0259suliyy\u0259tl\u0259 icra etm\u0259yi, m\u00fchafiz\u0259ni d\u00fczg\u00fcn yerin\u0259 yetirm\u0259yi bacar\u0131b. O, Az\u0259rbaycan\u0131n strateji neft obyektl\u0259rinin t\u0259hl\u00fck\u0259sizliyinin t\u0259min edilm\u0259sind\u0259 i\u015ftirak&hellip;","_links":{"self":[{"href":"https:\/\/arantv.az\/index.php?rest_route=\/wp\/v2\/posts\/406498"}],"collection":[{"href":"https:\/\/arantv.az\/index.php?rest_route=\/wp\/v2\/posts"}],"about":[{"href":"https:\/\/arantv.az\/index.php?rest_route=\/wp\/v2\/types\/post"}],"author":[{"embeddable":true,"href":"https:\/\/arantv.az\/index.php?rest_route=\/wp\/v2\/users\/2"}],"replies":[{"embeddable":true,"href":"https:\/\/arantv.az\/index.php?rest_route=%2Fwp%2Fv2%2Fcomments&post=406498"}],"version-history":[{"count":0,"href":"https:\/\/arantv.az\/index.php?rest_route=\/wp\/v2\/posts\/406498\/revisions"}],"wp:featuredmedia":[{"embeddable":true,"href":"https:\/\/arantv.az\/index.php?rest_route=\/wp\/v2\/media\/406499"}],"wp:attachment":[{"href":"https:\/\/arantv.az\/index.php?rest_route=%2Fwp%2Fv2%2Fmedia&parent=406498"}],"wp:term":[{"taxonomy":"category","embeddable":true,"href":"https:\/\/arantv.az\/index.php?rest_route=%2Fwp%2Fv2%2Fcategories&post=406498"},{"taxonomy":"post_tag","embeddable":true,"href":"https:\/\/arantv.az\/index.php?rest_route=%2Fwp%2Fv2%2Ftags&post=406498"}],"curies":[{"name":"wp","href":"https:\/\/api.w.org\/{rel}","templated":true}]}}