{"id":406525,"date":"2021-11-21T18:26:54","date_gmt":"2021-11-21T15:26:54","guid":{"rendered":"http:\/\/arantv.az\/?p=406525"},"modified":"2021-11-21T18:26:54","modified_gmt":"2021-11-21T15:26:54","slug":"prezidentin-xususi-numay%c9%99nd%c9%99si-agdamda-agac%c9%99km%c9%99-aksiyasinda-istirak-edib-foto","status":"publish","type":"post","link":"https:\/\/arantv.az\/?p=406525","title":{"rendered":"Prezidentin x\u00fcsusi n\u00fcmay\u0259nd\u0259si A\u011fdamda a\u011fac\u0259km\u0259 aksiyas\u0131nda i\u015ftirak edib &#8211; FOTO"},"content":{"rendered":"<p>\u201cA\u011fdam \u015f\u0259h\u0259rinin i\u015f\u011faldan azad olunmas\u0131n\u0131n ild\u00f6n\u00fcm\u00fc m\u00fcnasib\u0259til\u0259 a\u011fac\u0259km\u0259 aksiyas\u0131 ke\u00e7irilib\u201d.<\/p>\n<p>Bu bar\u0259d\u0259 Az\u0259rbaycan Prezidentinin A\u011fdam rayonu \u00fczr\u0259 x\u00fcsusi n\u00fcmay\u0259nd\u0259si Emin H\u00fcseynov \u00f6z\u00fcn\u00fcn r\u0259smi \u201cTwitter\u201d hesab\u0131nda yaz\u0131b.<\/p>\n<div id=\"AdviadNativeVideo0\" class=\"AdviadNativeVideo\"><\/div>\n<p>\u201cA\u011fdamdan olan \u015f\u0259hidl\u0259rin ad\u0131na a\u011fac \u0259kilib, \u015e\u0259hidl\u0259r Xiyaban\u0131 v\u0259 buradak\u0131 tarixi-m\u0259d\u0259ni abid\u0259l\u0259r ziyar\u0259t edilib\u201d, &#8211; dey\u0259 Emin H\u00fcseynov qeyd edib.<\/p>\n<div>\n<div class=\"twitter-tweet twitter-tweet-rendered\"><iframe id=\"twitter-widget-0\" class=\"\" title=\"Twitter Tweet\" src=\"https:\/\/platform.twitter.com\/embed\/Tweet.html?creatorScreenName=oxuaz&amp;dnt=false&amp;embedId=twitter-widget-0&amp;features=eyJ0ZndfZXhwZXJpbWVudHNfY29va2llX2V4cGlyYXRpb24iOnsiYnVja2V0IjoxMjA5NjAwLCJ2ZXJzaW9uIjpudWxsfSwidGZ3X2hvcml6b25fdHdlZXRfZW1iZWRfOTU1NSI6eyJidWNrZXQiOiJodGUiLCJ2ZXJzaW9uIjpudWxsfSwidGZ3X3NwYWNlX2NhcmQiOnsiYnVja2V0Ijoib2ZmIiwidmVyc2lvbiI6bnVsbH19&amp;frame=false&amp;hideCard=false&amp;hideThread=false&amp;id=1462426328385433604&amp;lang=en&amp;origin=https%3A%2F%2Foxu.az%2Fpolitics%2F548448&amp;sessionId=483c91191b434d10fa95bf5f49ac152c80b9edc3&amp;siteScreenName=oxuaz&amp;theme=light&amp;widgetsVersion=f001879%3A1634581029404&amp;width=550px\" frameborder=\"0\" scrolling=\"no\" allowfullscreen=\"allowfullscreen\" data-tweet-id=\"1462426328385433604\" data-mce-fragment=\"1\"><\/iframe><\/div>\n<\/div>\n<p>&nbsp;<\/p>\n","protected":false},"excerpt":{"rendered":"<p>\u201cA\u011fdam \u015f\u0259h\u0259rinin i\u015f\u011faldan azad olunmas\u0131n\u0131n ild\u00f6n\u00fcm\u00fc m\u00fcnasib\u0259til\u0259 a\u011fac\u0259km\u0259 aksiyas\u0131 ke\u00e7irilib\u201d. Bu bar\u0259d\u0259 Az\u0259rbaycan Prezidentinin A\u011fdam rayonu \u00fczr\u0259 x\u00fcsusi n\u00fcmay\u0259nd\u0259si Emin H\u00fcseynov \u00f6z\u00fcn\u00fcn r\u0259smi \u201cTwitter\u201d hesab\u0131nda yaz\u0131b. \u201cA\u011fdamdan olan \u015f\u0259hidl\u0259rin ad\u0131na a\u011fac \u0259kilib, \u015e\u0259hidl\u0259r Xiyaban\u0131 v\u0259 buradak\u0131 tarixi-m\u0259d\u0259ni abid\u0259l\u0259r ziyar\u0259t edilib\u201d, &#8211; dey\u0259 Emin H\u00fcseynov qeyd edib. &nbsp;<\/p>\n","protected":false},"author":2,"featured_media":406526,"comment_status":"closed","ping_status":"closed","sticky":false,"template":"","format":"standard","meta":{"om_disable_all_campaigns":false,"_monsterinsights_skip_tracking":false,"_monsterinsights_sitenote_active":false,"_monsterinsights_sitenote_note":"","_monsterinsights_sitenote_category":0},"categories":[4],"tags":[],"aioseo_notices":[],"gutentor_comment":0,"rttpg_featured_image_url":{"full":["https:\/\/arantv.az\/wp-content\/uploads\/2021\/11\/FEuU_W1X0AExP9-1.jpg",620,413,false],"landscape":["https:\/\/arantv.az\/wp-content\/uploads\/2021\/11\/FEuU_W1X0AExP9-1.jpg",620,413,false],"portraits":["https:\/\/arantv.az\/wp-content\/uploads\/2021\/11\/FEuU_W1X0AExP9-1.jpg",620,413,false],"thumbnail":["https:\/\/arantv.az\/wp-content\/uploads\/2021\/11\/FEuU_W1X0AExP9-1-500x280.jpg",500,280,true],"medium":["https:\/\/arantv.az\/wp-content\/uploads\/2021\/11\/FEuU_W1X0AExP9-1-548x365.jpg",548,365,true],"large":["https:\/\/arantv.az\/wp-content\/uploads\/2021\/11\/FEuU_W1X0AExP9-1.jpg",620,413,false],"1536x1536":["https:\/\/arantv.az\/wp-content\/uploads\/2021\/11\/FEuU_W1X0AExP9-1.jpg",620,413,false],"2048x2048":["https:\/\/arantv.az\/wp-content\/uploads\/2021\/11\/FEuU_W1X0AExP9-1.jpg",620,413,false],"post-thumbnail":["https:\/\/arantv.az\/wp-content\/uploads\/2021\/11\/FEuU_W1X0AExP9-1-240x172.jpg",240,172,true],"advps-thumb-one":["https:\/\/arantv.az\/wp-content\/uploads\/2021\/11\/FEuU_W1X0AExP9-1.jpg",620,413,false]},"rttpg_author":{"display_name":"V\u00fcsal Rafiqo\u011flu","author_link":"https:\/\/arantv.az\/?author=2"},"rttpg_comment":0,"rttpg_category":"<a href=\"https:\/\/arantv.az\/?cat=4\" rel=\"category\">Siyas\u0259t<\/a>","rttpg_excerpt":"\u201cA\u011fdam \u015f\u0259h\u0259rinin i\u015f\u011faldan azad olunmas\u0131n\u0131n ild\u00f6n\u00fcm\u00fc m\u00fcnasib\u0259til\u0259 a\u011fac\u0259km\u0259 aksiyas\u0131 ke\u00e7irilib\u201d. Bu bar\u0259d\u0259 Az\u0259rbaycan Prezidentinin A\u011fdam rayonu \u00fczr\u0259 x\u00fcsusi n\u00fcmay\u0259nd\u0259si Emin H\u00fcseynov \u00f6z\u00fcn\u00fcn r\u0259smi \u201cTwitter\u201d hesab\u0131nda yaz\u0131b. \u201cA\u011fdamdan olan \u015f\u0259hidl\u0259rin ad\u0131na a\u011fac \u0259kilib, \u015e\u0259hidl\u0259r Xiyaban\u0131 v\u0259 buradak\u0131 tarixi-m\u0259d\u0259ni abid\u0259l\u0259r ziyar\u0259t edilib\u201d, &#8211; dey\u0259 Emin H\u00fcseynov qeyd edib. &nbsp;","_links":{"self":[{"href":"https:\/\/arantv.az\/index.php?rest_route=\/wp\/v2\/posts\/406525"}],"collection":[{"href":"https:\/\/arantv.az\/index.php?rest_route=\/wp\/v2\/posts"}],"about":[{"href":"https:\/\/arantv.az\/index.php?rest_route=\/wp\/v2\/types\/post"}],"author":[{"embeddable":true,"href":"https:\/\/arantv.az\/index.php?rest_route=\/wp\/v2\/users\/2"}],"replies":[{"embeddable":true,"href":"https:\/\/arantv.az\/index.php?rest_route=%2Fwp%2Fv2%2Fcomments&post=406525"}],"version-history":[{"count":0,"href":"https:\/\/arantv.az\/index.php?rest_route=\/wp\/v2\/posts\/406525\/revisions"}],"wp:featuredmedia":[{"embeddable":true,"href":"https:\/\/arantv.az\/index.php?rest_route=\/wp\/v2\/media\/406526"}],"wp:attachment":[{"href":"https:\/\/arantv.az\/index.php?rest_route=%2Fwp%2Fv2%2Fmedia&parent=406525"}],"wp:term":[{"taxonomy":"category","embeddable":true,"href":"https:\/\/arantv.az\/index.php?rest_route=%2Fwp%2Fv2%2Fcategories&post=406525"},{"taxonomy":"post_tag","embeddable":true,"href":"https:\/\/arantv.az\/index.php?rest_route=%2Fwp%2Fv2%2Ftags&post=406525"}],"curies":[{"name":"wp","href":"https:\/\/api.w.org\/{rel}","templated":true}]}}