{"id":406529,"date":"2021-11-21T18:27:38","date_gmt":"2021-11-21T15:27:38","guid":{"rendered":"http:\/\/arantv.az\/?p=406529"},"modified":"2021-11-21T18:27:38","modified_gmt":"2021-11-21T15:27:38","slug":"az%c9%99rbaycanla-iran-arasinda-neft-qaz-sah%c9%99sind%c9%99-%c9%99m%c9%99kdasliq-muzakir%c9%99-olunub","status":"publish","type":"post","link":"https:\/\/arantv.az\/?p=406529","title":{"rendered":"Az\u0259rbaycanla \u0130ran aras\u0131nda neft-qaz sah\u0259sind\u0259 \u0259m\u0259kda\u015fl\u0131q m\u00fczakir\u0259 olunub"},"content":{"rendered":"<p>Ba\u015f nazirin m\u00fcavini, Az\u0259rbaycan il\u0259 \u0130ran aras\u0131nda iqtisadi, ticar\u0259t v\u0259 humanitar sah\u0259l\u0259r \u00fczr\u0259 D\u00f6vl\u0259t Komissiyas\u0131n\u0131n h\u0259ms\u0259dri \u015eahin Mustafayevin r\u0259hb\u0259rlik etdiyi n\u00fcmay\u0259nd\u0259 hey\u0259ti Tehranda s\u0259f\u0259rd\u0259dir.<\/p>\n<p><strong>ARANTV.AZ\u00a0<\/strong> x\u0259b\u0259r verir ki, s\u0259f\u0259r \u00e7\u0259r\u00e7iv\u0259sind\u0259 noyabr\u0131n 21-d\u0259 \u015eahin Mustafayev \u0130ran\u0131n neft naziri Cavad \u00d6vci il\u0259 g\u00f6r\u00fc\u015f\u00fcb.<\/p>\n<p>G\u00f6r\u00fc\u015fd\u0259 Az\u0259rbaycan il\u0259 \u0130ran aras\u0131nda neft v\u0259 qaz sah\u0259sind\u0259 m\u00f6vcud \u0259m\u0259kda\u015fl\u0131\u011f\u0131n qar\u015f\u0131l\u0131ql\u0131 faydal\u0131 v\u0259 s\u0259m\u0259r\u0259li oldu\u011fu vur\u011fulan\u0131b.<\/p>\n<div id=\"AdviadNativeVideo0\" class=\"AdviadNativeVideo\"><\/div>\n<p>Qaz m\u00fcbadil\u0259si sah\u0259sind\u0259 m\u00f6vcud raz\u0131la\u015fmalar\u0131n icra v\u0259ziyy\u0259ti m\u00fczakir\u0259 edildi v\u0259 bu \u00e7\u0259r\u00e7iv\u0259d\u0259 apar\u0131lan i\u015fl\u0259rin davam etdirilm\u0259si m\u0259qs\u0259d\u0259uy\u011fun hesab olunub.<\/p>\n<p>Eyni zamanda \u0259m\u0259kda\u015fl\u0131q \u00fc\u00e7\u00fcn geni\u015f potensial\u0131n m\u00f6vcud oldu\u011fu qeyd olundu, habel\u0259 neft v\u0259 qaz sah\u0259sind\u0259 \u0259m\u0259kda\u015fl\u0131\u011f\u0131n d\u0259rinl\u0259\u015fdirilm\u0259si \u0259traf\u0131nda faydal\u0131 m\u00fczakir\u0259l\u0259r apar\u0131l\u0131b.<\/p>\n<p>G\u00f6r\u00fc\u015fd\u0259 Az\u0259rbaycan\u0131n \u0130randak\u0131 s\u0259firi \u018fli \u018flizad\u0259 d\u0259 i\u015ftirak edib.<\/p>\n","protected":false},"excerpt":{"rendered":"<p>Ba\u015f nazirin m\u00fcavini, Az\u0259rbaycan il\u0259 \u0130ran aras\u0131nda iqtisadi, ticar\u0259t v\u0259 humanitar sah\u0259l\u0259r \u00fczr\u0259 D\u00f6vl\u0259t Komissiyas\u0131n\u0131n h\u0259ms\u0259dri \u015eahin Mustafayevin r\u0259hb\u0259rlik etdiyi n\u00fcmay\u0259nd\u0259 hey\u0259ti Tehranda s\u0259f\u0259rd\u0259dir. ARANTV.AZ\u00a0 x\u0259b\u0259r verir ki, s\u0259f\u0259r \u00e7\u0259r\u00e7iv\u0259sind\u0259 noyabr\u0131n 21-d\u0259 \u015eahin Mustafayev \u0130ran\u0131n neft naziri Cavad \u00d6vci il\u0259 g\u00f6r\u00fc\u015f\u00fcb. G\u00f6r\u00fc\u015fd\u0259 Az\u0259rbaycan il\u0259 \u0130ran aras\u0131nda neft v\u0259 qaz sah\u0259sind\u0259 m\u00f6vcud \u0259m\u0259kda\u015fl\u0131\u011f\u0131n qar\u015f\u0131l\u0131ql\u0131 faydal\u0131 v\u0259 s\u0259m\u0259r\u0259li oldu\u011fu vur\u011fulan\u0131b. Qaz m\u00fcbadil\u0259si sah\u0259sind\u0259 m\u00f6vcud raz\u0131la\u015fmalar\u0131n icra v\u0259ziyy\u0259ti m\u00fczakir\u0259 edildi v\u0259 bu \u00e7\u0259r\u00e7iv\u0259d\u0259 apar\u0131lan i\u015fl\u0259rin davam etdirilm\u0259si m\u0259qs\u0259d\u0259uy\u011fun hesab olunub. Eyni zamanda \u0259m\u0259kda\u015fl\u0131q \u00fc\u00e7\u00fcn geni\u015f potensial\u0131n m\u00f6vcud oldu\u011fu qeyd olundu, habel\u0259 neft v\u0259&hellip;<\/p>\n","protected":false},"author":2,"featured_media":406530,"comment_status":"closed","ping_status":"closed","sticky":false,"template":"","format":"standard","meta":{"om_disable_all_campaigns":false,"_monsterinsights_skip_tracking":false,"_monsterinsights_sitenote_active":false,"_monsterinsights_sitenote_note":"","_monsterinsights_sitenote_category":0},"categories":[19],"tags":[],"aioseo_notices":[],"gutentor_comment":0,"rttpg_featured_image_url":{"full":["https:\/\/arantv.az\/wp-content\/uploads\/2021\/11\/0585964c-df7c-39a8-8843-d21e3931a573_850-2.jpg",620,413,false],"landscape":["https:\/\/arantv.az\/wp-content\/uploads\/2021\/11\/0585964c-df7c-39a8-8843-d21e3931a573_850-2.jpg",620,413,false],"portraits":["https:\/\/arantv.az\/wp-content\/uploads\/2021\/11\/0585964c-df7c-39a8-8843-d21e3931a573_850-2.jpg",620,413,false],"thumbnail":["https:\/\/arantv.az\/wp-content\/uploads\/2021\/11\/0585964c-df7c-39a8-8843-d21e3931a573_850-2-500x280.jpg",500,280,true],"medium":["https:\/\/arantv.az\/wp-content\/uploads\/2021\/11\/0585964c-df7c-39a8-8843-d21e3931a573_850-2-548x365.jpg",548,365,true],"large":["https:\/\/arantv.az\/wp-content\/uploads\/2021\/11\/0585964c-df7c-39a8-8843-d21e3931a573_850-2.jpg",620,413,false],"1536x1536":["https:\/\/arantv.az\/wp-content\/uploads\/2021\/11\/0585964c-df7c-39a8-8843-d21e3931a573_850-2.jpg",620,413,false],"2048x2048":["https:\/\/arantv.az\/wp-content\/uploads\/2021\/11\/0585964c-df7c-39a8-8843-d21e3931a573_850-2.jpg",620,413,false],"post-thumbnail":["https:\/\/arantv.az\/wp-content\/uploads\/2021\/11\/0585964c-df7c-39a8-8843-d21e3931a573_850-2-240x172.jpg",240,172,true],"advps-thumb-one":["https:\/\/arantv.az\/wp-content\/uploads\/2021\/11\/0585964c-df7c-39a8-8843-d21e3931a573_850-2.jpg",620,413,false]},"rttpg_author":{"display_name":"V\u00fcsal Rafiqo\u011flu","author_link":"https:\/\/arantv.az\/?author=2"},"rttpg_comment":0,"rttpg_category":"<a href=\"https:\/\/arantv.az\/?cat=19\" rel=\"category\">G\u00fcnd\u0259m<\/a>","rttpg_excerpt":"Ba\u015f nazirin m\u00fcavini, Az\u0259rbaycan il\u0259 \u0130ran aras\u0131nda iqtisadi, ticar\u0259t v\u0259 humanitar sah\u0259l\u0259r \u00fczr\u0259 D\u00f6vl\u0259t Komissiyas\u0131n\u0131n h\u0259ms\u0259dri \u015eahin Mustafayevin r\u0259hb\u0259rlik etdiyi n\u00fcmay\u0259nd\u0259 hey\u0259ti Tehranda s\u0259f\u0259rd\u0259dir. ARANTV.AZ\u00a0 x\u0259b\u0259r verir ki, s\u0259f\u0259r \u00e7\u0259r\u00e7iv\u0259sind\u0259 noyabr\u0131n 21-d\u0259 \u015eahin Mustafayev \u0130ran\u0131n neft naziri Cavad \u00d6vci il\u0259 g\u00f6r\u00fc\u015f\u00fcb. G\u00f6r\u00fc\u015fd\u0259 Az\u0259rbaycan il\u0259 \u0130ran aras\u0131nda neft v\u0259 qaz sah\u0259sind\u0259 m\u00f6vcud \u0259m\u0259kda\u015fl\u0131\u011f\u0131n qar\u015f\u0131l\u0131ql\u0131 faydal\u0131 v\u0259&hellip;","_links":{"self":[{"href":"https:\/\/arantv.az\/index.php?rest_route=\/wp\/v2\/posts\/406529"}],"collection":[{"href":"https:\/\/arantv.az\/index.php?rest_route=\/wp\/v2\/posts"}],"about":[{"href":"https:\/\/arantv.az\/index.php?rest_route=\/wp\/v2\/types\/post"}],"author":[{"embeddable":true,"href":"https:\/\/arantv.az\/index.php?rest_route=\/wp\/v2\/users\/2"}],"replies":[{"embeddable":true,"href":"https:\/\/arantv.az\/index.php?rest_route=%2Fwp%2Fv2%2Fcomments&post=406529"}],"version-history":[{"count":0,"href":"https:\/\/arantv.az\/index.php?rest_route=\/wp\/v2\/posts\/406529\/revisions"}],"wp:featuredmedia":[{"embeddable":true,"href":"https:\/\/arantv.az\/index.php?rest_route=\/wp\/v2\/media\/406530"}],"wp:attachment":[{"href":"https:\/\/arantv.az\/index.php?rest_route=%2Fwp%2Fv2%2Fmedia&parent=406529"}],"wp:term":[{"taxonomy":"category","embeddable":true,"href":"https:\/\/arantv.az\/index.php?rest_route=%2Fwp%2Fv2%2Fcategories&post=406529"},{"taxonomy":"post_tag","embeddable":true,"href":"https:\/\/arantv.az\/index.php?rest_route=%2Fwp%2Fv2%2Ftags&post=406529"}],"curies":[{"name":"wp","href":"https:\/\/api.w.org\/{rel}","templated":true}]}}