{"id":406743,"date":"2021-11-22T11:53:13","date_gmt":"2021-11-22T08:53:13","guid":{"rendered":"http:\/\/arantv.az\/?p=406743"},"modified":"2021-11-22T11:53:13","modified_gmt":"2021-11-22T08:53:13","slug":"samaxida-z%c9%99lz%c9%99l%c9%99nin-f%c9%99sadlari-il%c9%99-bagli-15-muraci%c9%99t-daxil-olub-icra-hakimiyy%c9%99ti","status":"publish","type":"post","link":"https:\/\/arantv.az\/?p=406743","title":{"rendered":"\u015eamax\u0131da z\u0259lz\u0259l\u0259nin f\u0259sadlar\u0131 il\u0259 ba\u011fl\u0131 15 m\u00fcraci\u0259t daxil olub &#8211; \u0130cra Hakimiyy\u0259ti"},"content":{"rendered":"<p><strong>Noyabr\u0131n 20-d\u0259 \u015eamax\u0131 \u0259razisind\u0259 ba\u015f vermi\u015f z\u0259lz\u0259l\u0259d\u0259n sonra f\u0259sadlarla ba\u011fl\u0131 15 m\u00fcraci\u0259t daxil olub.<\/strong><\/p>\n<p>Bu bar\u0259d\u0259\u00a0<a href=\"http:\/\/trend.az\/\" target=\"_blank\" rel=\"noopener\">Trend<\/a>-\u0259 \u015eamax\u0131 rayon \u0130cra Hakimiyy\u0259tind\u0259n m\u0259lumat verilib. Bildirilib ki, bu istiqam\u0259td\u0259 ara\u015fd\u0131rmalar davam etdirilir.<\/p>\n<p>&#8220;M\u00fcraci\u0259tl\u0259r var, lakin z\u0259r\u0259r m\u00fc\u0259yy\u0259nl\u0259\u015fdirilm\u0259yib. Ara\u015fd\u0131rmalar apar\u0131l\u0131r. M\u00fcraci\u0259tl\u0259rin \u0259ks\u0259riyy\u0259ti 2019-cu ild\u0259 ba\u015f vermi\u015f z\u0259lz\u0259l\u0259 zaman\u0131 ziyan d\u0259ymi\u015f tikilil\u0259rl\u0259 ba\u011fl\u0131d\u0131r v\u0259 bu t\u0259kanlardan sonra h\u0259min evl\u0259rd\u0259 yenid\u0259n z\u0259r\u0259r art\u0131b. H\u0259m k\u0259ndl\u0259rd\u0259n, h\u0259m d\u0259 \u015eamax\u0131 \u015f\u0259h\u0259rind\u0259n m\u00fcraci\u0259tl\u0259r var&#8221; &#8211; dey\u0259 qurumdan bildirilib.<\/p>\n<p>A\u011fsuda da b\u0259zi tikilil\u0259r\u0259 z\u0259r\u0259r d\u0259ym\u0259si il\u0259 ba\u011fl\u0131 m\u0259lumatlar yay\u0131lsa da, A\u011fsu rayon \u0130cra Hakimiyy\u0259tind\u0259n bildirilib ki, bununla ba\u011fl\u0131 he\u00e7 bir m\u00fcraci\u0259t daxil olmay\u0131b.<\/p>\n<p>&#8220;2 il bundan qabaq ba\u015f vermi\u015f z\u0259lz\u0259l\u0259d\u0259 3500-\u0259 yax\u0131n ev\u0259 bax\u0131\u015f ke\u00e7irilmi\u015fdi. Son z\u0259lz\u0259l\u0259d\u0259 is\u0259 rayondak\u0131 tikilil\u0259r\u0259 he\u00e7 bir z\u0259r\u0259r d\u0259ym\u0259yib&#8221; &#8211; dey\u0259 qeyd olunub.<\/p>\n<div>\n<div id=\"AdviadNativeVideo0\" class=\"AdviadNativeVideo\"><\/div>\n<\/div>\n<p>Qeyd ed\u0259k ki, 2 g\u00fcn \u0259vv\u0259l \u015eamax\u0131 \u0259razisind\u0259 ard\u0131c\u0131l olaraq 5,1 bal v\u0259 4,5 bal g\u00fcc\u00fcnd\u0259 iki z\u0259lz\u0259l\u0259 olub. \u018ftraf rayonlarda is\u0259 t\u0259kanlar 3-4 bal g\u00fcc\u00fcnd\u0259 hiss olunub. Z\u0259lz\u0259l\u0259d\u0259n sonra 10-15 t\u0259kan qeyd\u0259 al\u0131n\u0131b.<\/p>\n","protected":false},"excerpt":{"rendered":"<p>Noyabr\u0131n 20-d\u0259 \u015eamax\u0131 \u0259razisind\u0259 ba\u015f vermi\u015f z\u0259lz\u0259l\u0259d\u0259n sonra f\u0259sadlarla ba\u011fl\u0131 15 m\u00fcraci\u0259t daxil olub. Bu bar\u0259d\u0259\u00a0Trend-\u0259 \u015eamax\u0131 rayon \u0130cra Hakimiyy\u0259tind\u0259n m\u0259lumat verilib. Bildirilib ki, bu istiqam\u0259td\u0259 ara\u015fd\u0131rmalar davam etdirilir. &#8220;M\u00fcraci\u0259tl\u0259r var, lakin z\u0259r\u0259r m\u00fc\u0259yy\u0259nl\u0259\u015fdirilm\u0259yib. Ara\u015fd\u0131rmalar apar\u0131l\u0131r. M\u00fcraci\u0259tl\u0259rin \u0259ks\u0259riyy\u0259ti 2019-cu ild\u0259 ba\u015f vermi\u015f z\u0259lz\u0259l\u0259 zaman\u0131 ziyan d\u0259ymi\u015f tikilil\u0259rl\u0259 ba\u011fl\u0131d\u0131r v\u0259 bu t\u0259kanlardan sonra h\u0259min evl\u0259rd\u0259 yenid\u0259n z\u0259r\u0259r art\u0131b. H\u0259m k\u0259ndl\u0259rd\u0259n, h\u0259m d\u0259 \u015eamax\u0131 \u015f\u0259h\u0259rind\u0259n m\u00fcraci\u0259tl\u0259r var&#8221; &#8211; dey\u0259 qurumdan bildirilib. A\u011fsuda da b\u0259zi tikilil\u0259r\u0259 z\u0259r\u0259r d\u0259ym\u0259si il\u0259 ba\u011fl\u0131 m\u0259lumatlar yay\u0131lsa da, A\u011fsu rayon \u0130cra Hakimiyy\u0259tind\u0259n bildirilib ki, bununla ba\u011fl\u0131 he\u00e7 bir&hellip;<\/p>\n","protected":false},"author":2,"featured_media":406744,"comment_status":"closed","ping_status":"closed","sticky":false,"template":"","format":"standard","meta":{"om_disable_all_campaigns":false,"_monsterinsights_skip_tracking":false,"_monsterinsights_sitenote_active":false,"_monsterinsights_sitenote_note":"","_monsterinsights_sitenote_category":0},"categories":[2],"tags":[],"aioseo_notices":[],"gutentor_comment":0,"rttpg_featured_image_url":{"full":["https:\/\/arantv.az\/wp-content\/uploads\/2021\/11\/997692.jpg",800,600,false],"landscape":["https:\/\/arantv.az\/wp-content\/uploads\/2021\/11\/997692.jpg",800,600,false],"portraits":["https:\/\/arantv.az\/wp-content\/uploads\/2021\/11\/997692.jpg",800,600,false],"thumbnail":["https:\/\/arantv.az\/wp-content\/uploads\/2021\/11\/997692-500x280.jpg",500,280,true],"medium":["https:\/\/arantv.az\/wp-content\/uploads\/2021\/11\/997692-487x365.jpg",487,365,true],"large":["https:\/\/arantv.az\/wp-content\/uploads\/2021\/11\/997692.jpg",640,480,false],"1536x1536":["https:\/\/arantv.az\/wp-content\/uploads\/2021\/11\/997692.jpg",800,600,false],"2048x2048":["https:\/\/arantv.az\/wp-content\/uploads\/2021\/11\/997692.jpg",800,600,false],"post-thumbnail":["https:\/\/arantv.az\/wp-content\/uploads\/2021\/11\/997692-240x172.jpg",240,172,true],"advps-thumb-one":["https:\/\/arantv.az\/wp-content\/uploads\/2021\/11\/997692.jpg",800,600,false]},"rttpg_author":{"display_name":"V\u00fcsal Rafiqo\u011flu","author_link":"https:\/\/arantv.az\/?author=2"},"rttpg_comment":0,"rttpg_category":"<a href=\"https:\/\/arantv.az\/?cat=2\" rel=\"category\">Region X\u0259b\u0259rl\u0259ri<\/a>","rttpg_excerpt":"Noyabr\u0131n 20-d\u0259 \u015eamax\u0131 \u0259razisind\u0259 ba\u015f vermi\u015f z\u0259lz\u0259l\u0259d\u0259n sonra f\u0259sadlarla ba\u011fl\u0131 15 m\u00fcraci\u0259t daxil olub. Bu bar\u0259d\u0259\u00a0Trend-\u0259 \u015eamax\u0131 rayon \u0130cra Hakimiyy\u0259tind\u0259n m\u0259lumat verilib. Bildirilib ki, bu istiqam\u0259td\u0259 ara\u015fd\u0131rmalar davam etdirilir. &#8220;M\u00fcraci\u0259tl\u0259r var, lakin z\u0259r\u0259r m\u00fc\u0259yy\u0259nl\u0259\u015fdirilm\u0259yib. Ara\u015fd\u0131rmalar apar\u0131l\u0131r. M\u00fcraci\u0259tl\u0259rin \u0259ks\u0259riyy\u0259ti 2019-cu ild\u0259 ba\u015f vermi\u015f z\u0259lz\u0259l\u0259 zaman\u0131 ziyan d\u0259ymi\u015f tikilil\u0259rl\u0259 ba\u011fl\u0131d\u0131r v\u0259 bu t\u0259kanlardan sonra h\u0259min evl\u0259rd\u0259 yenid\u0259n&hellip;","_links":{"self":[{"href":"https:\/\/arantv.az\/index.php?rest_route=\/wp\/v2\/posts\/406743"}],"collection":[{"href":"https:\/\/arantv.az\/index.php?rest_route=\/wp\/v2\/posts"}],"about":[{"href":"https:\/\/arantv.az\/index.php?rest_route=\/wp\/v2\/types\/post"}],"author":[{"embeddable":true,"href":"https:\/\/arantv.az\/index.php?rest_route=\/wp\/v2\/users\/2"}],"replies":[{"embeddable":true,"href":"https:\/\/arantv.az\/index.php?rest_route=%2Fwp%2Fv2%2Fcomments&post=406743"}],"version-history":[{"count":0,"href":"https:\/\/arantv.az\/index.php?rest_route=\/wp\/v2\/posts\/406743\/revisions"}],"wp:featuredmedia":[{"embeddable":true,"href":"https:\/\/arantv.az\/index.php?rest_route=\/wp\/v2\/media\/406744"}],"wp:attachment":[{"href":"https:\/\/arantv.az\/index.php?rest_route=%2Fwp%2Fv2%2Fmedia&parent=406743"}],"wp:term":[{"taxonomy":"category","embeddable":true,"href":"https:\/\/arantv.az\/index.php?rest_route=%2Fwp%2Fv2%2Fcategories&post=406743"},{"taxonomy":"post_tag","embeddable":true,"href":"https:\/\/arantv.az\/index.php?rest_route=%2Fwp%2Fv2%2Ftags&post=406743"}],"curies":[{"name":"wp","href":"https:\/\/api.w.org\/{rel}","templated":true}]}}