{"id":406746,"date":"2021-11-22T11:54:21","date_gmt":"2021-11-22T08:54:21","guid":{"rendered":"http:\/\/arantv.az\/?p=406746"},"modified":"2021-11-22T11:54:21","modified_gmt":"2021-11-22T08:54:21","slug":"az%c9%99rbaycanli-rusiyada-bas-nazirin-muavini-oldu","status":"publish","type":"post","link":"https:\/\/arantv.az\/?p=406746","title":{"rendered":"Az\u0259rbaycanl\u0131 Rusiyada ba\u015f nazirin m\u00fcavini oldu"},"content":{"rendered":"<p><strong>\u00c7e\u00e7enistan h\u00f6kum\u0259tinin t\u0259rkibind\u0259 d\u0259yi\u015fiklik olub.<\/strong><\/p>\n<p>ARANTV.AZ lent.az-a istinad\u0259n x\u0259b\u0259r verir ki, respublikan\u0131n ba\u015f\u00e7\u0131s\u0131 Ramzan Kad\u0131rov Nazirl\u0259r Kabinetind\u0259 bir ne\u00e7\u0259 d\u0259yi\u015fiklik edib.<\/p>\n<p>Respublikan\u0131n s\u0259hiyy\u0259 naziri az\u0259rbaycanl\u0131 Elxan S\u00fcleymanov ba\u015f nazirin m\u00fcavini t\u0259yin edilib.<\/p>\n","protected":false},"excerpt":{"rendered":"<p>\u00c7e\u00e7enistan h\u00f6kum\u0259tinin t\u0259rkibind\u0259 d\u0259yi\u015fiklik olub. ARANTV.AZ lent.az-a istinad\u0259n x\u0259b\u0259r verir ki, respublikan\u0131n ba\u015f\u00e7\u0131s\u0131 Ramzan Kad\u0131rov Nazirl\u0259r Kabinetind\u0259 bir ne\u00e7\u0259 d\u0259yi\u015fiklik edib. Respublikan\u0131n s\u0259hiyy\u0259 naziri az\u0259rbaycanl\u0131 Elxan S\u00fcleymanov ba\u015f nazirin m\u00fcavini t\u0259yin edilib.<\/p>\n","protected":false},"author":2,"featured_media":406747,"comment_status":"closed","ping_status":"closed","sticky":false,"template":"","format":"standard","meta":{"om_disable_all_campaigns":false,"_monsterinsights_skip_tracking":false,"_monsterinsights_sitenote_active":false,"_monsterinsights_sitenote_note":"","_monsterinsights_sitenote_category":0},"categories":[19],"tags":[],"aioseo_notices":[],"gutentor_comment":0,"rttpg_featured_image_url":{"full":["https:\/\/arantv.az\/wp-content\/uploads\/2021\/11\/997638.jpg",800,600,false],"landscape":["https:\/\/arantv.az\/wp-content\/uploads\/2021\/11\/997638.jpg",800,600,false],"portraits":["https:\/\/arantv.az\/wp-content\/uploads\/2021\/11\/997638.jpg",800,600,false],"thumbnail":["https:\/\/arantv.az\/wp-content\/uploads\/2021\/11\/997638-500x280.jpg",500,280,true],"medium":["https:\/\/arantv.az\/wp-content\/uploads\/2021\/11\/997638-487x365.jpg",487,365,true],"large":["https:\/\/arantv.az\/wp-content\/uploads\/2021\/11\/997638.jpg",640,480,false],"1536x1536":["https:\/\/arantv.az\/wp-content\/uploads\/2021\/11\/997638.jpg",800,600,false],"2048x2048":["https:\/\/arantv.az\/wp-content\/uploads\/2021\/11\/997638.jpg",800,600,false],"post-thumbnail":["https:\/\/arantv.az\/wp-content\/uploads\/2021\/11\/997638-240x172.jpg",240,172,true],"advps-thumb-one":["https:\/\/arantv.az\/wp-content\/uploads\/2021\/11\/997638.jpg",800,600,false]},"rttpg_author":{"display_name":"V\u00fcsal Rafiqo\u011flu","author_link":"https:\/\/arantv.az\/?author=2"},"rttpg_comment":0,"rttpg_category":"<a href=\"https:\/\/arantv.az\/?cat=19\" rel=\"category\">G\u00fcnd\u0259m<\/a>","rttpg_excerpt":"\u00c7e\u00e7enistan h\u00f6kum\u0259tinin t\u0259rkibind\u0259 d\u0259yi\u015fiklik olub. ARANTV.AZ lent.az-a istinad\u0259n x\u0259b\u0259r verir ki, respublikan\u0131n ba\u015f\u00e7\u0131s\u0131 Ramzan Kad\u0131rov Nazirl\u0259r Kabinetind\u0259 bir ne\u00e7\u0259 d\u0259yi\u015fiklik edib. Respublikan\u0131n s\u0259hiyy\u0259 naziri az\u0259rbaycanl\u0131 Elxan S\u00fcleymanov ba\u015f nazirin m\u00fcavini t\u0259yin edilib.","_links":{"self":[{"href":"https:\/\/arantv.az\/index.php?rest_route=\/wp\/v2\/posts\/406746"}],"collection":[{"href":"https:\/\/arantv.az\/index.php?rest_route=\/wp\/v2\/posts"}],"about":[{"href":"https:\/\/arantv.az\/index.php?rest_route=\/wp\/v2\/types\/post"}],"author":[{"embeddable":true,"href":"https:\/\/arantv.az\/index.php?rest_route=\/wp\/v2\/users\/2"}],"replies":[{"embeddable":true,"href":"https:\/\/arantv.az\/index.php?rest_route=%2Fwp%2Fv2%2Fcomments&post=406746"}],"version-history":[{"count":0,"href":"https:\/\/arantv.az\/index.php?rest_route=\/wp\/v2\/posts\/406746\/revisions"}],"wp:featuredmedia":[{"embeddable":true,"href":"https:\/\/arantv.az\/index.php?rest_route=\/wp\/v2\/media\/406747"}],"wp:attachment":[{"href":"https:\/\/arantv.az\/index.php?rest_route=%2Fwp%2Fv2%2Fmedia&parent=406746"}],"wp:term":[{"taxonomy":"category","embeddable":true,"href":"https:\/\/arantv.az\/index.php?rest_route=%2Fwp%2Fv2%2Fcategories&post=406746"},{"taxonomy":"post_tag","embeddable":true,"href":"https:\/\/arantv.az\/index.php?rest_route=%2Fwp%2Fv2%2Ftags&post=406746"}],"curies":[{"name":"wp","href":"https:\/\/api.w.org\/{rel}","templated":true}]}}