{"id":406749,"date":"2021-11-22T11:55:13","date_gmt":"2021-11-22T08:55:13","guid":{"rendered":"http:\/\/arantv.az\/?p=406749"},"modified":"2021-11-22T11:55:13","modified_gmt":"2021-11-22T08:55:13","slug":"serj-sarkisyan-korrupsiya-il%c9%99-bagli-dindirilir","status":"publish","type":"post","link":"https:\/\/arantv.az\/?p=406749","title":{"rendered":"Serj Sarkisyan korrupsiya il\u0259 ba\u011fl\u0131 dindirilir"},"content":{"rendered":"<p><strong>Erm\u0259nistan\u0131n ke\u00e7mi\u015f Prezidenti Serj Sarkisyan t\u0259qsirl\u0259ndiril\u0259n \u015f\u0259xs qismind\u0259 dindirilm\u0259k \u00fc\u00e7\u00fcn Korrupsiyaya Qar\u015f\u0131 M\u00fcbariz\u0259 Komit\u0259sin\u0259 \u00e7a\u011f\u0131r\u0131l\u0131b.<\/strong><\/p>\n<p>ARANTV.AZ &#8220;Qafqazinfo&#8221;ya istinad\u0259n x\u0259b\u0259r verir ki, bu bar\u0259d\u0259 m\u0259lumat\u0131 v\u0259kil Amram Makinyan a\u00e7\u0131qlay\u0131b.<\/p>\n<p>S\u00f6hb\u0259t 2019-cu ild\u0259 m\u00fcxt\u0259lif vaxtlarda y\u00fcks\u0259k v\u0259zif\u0259li m\u0259murlara r\u00fc\u015fv\u0259t verdiyini bildir\u0259n qalmaqal il\u0259 tan\u0131nan sahibkar Silva Ambar\u00e7umyan\u0131n i\u015find\u0259n gedir. Ambar\u00e7umyan daha \u0259vv\u0259ll\u0259r vur\u011fulay\u0131b ki, Serj Sarkisyana r\u00fc\u015fv\u0259t verm\u0259yib v\u0259 onunla tan\u0131\u015f olmay\u0131b.<\/p>\n<p>V\u0259kil Amram Makinyan Sarkisyan\u0131n dindirilm\u0259k \u00fc\u00e7\u00fcn \u00e7a\u011f\u0131r\u0131lmas\u0131n\u0131 absurd hesab edib v\u0259 qeyd edib ki, iki il \u0259vv\u0259l Serj Sarkisyan \u015fahid qismind\u0259 dindirilib v\u0259 indiy\u0259d\u0259k bu i\u015fl\u0259 ba\u011fl\u0131 yeni n\u0259s\u0259 ba\u015f verm\u0259yib.<\/p>\n","protected":false},"excerpt":{"rendered":"<p>Erm\u0259nistan\u0131n ke\u00e7mi\u015f Prezidenti Serj Sarkisyan t\u0259qsirl\u0259ndiril\u0259n \u015f\u0259xs qismind\u0259 dindirilm\u0259k \u00fc\u00e7\u00fcn Korrupsiyaya Qar\u015f\u0131 M\u00fcbariz\u0259 Komit\u0259sin\u0259 \u00e7a\u011f\u0131r\u0131l\u0131b. ARANTV.AZ &#8220;Qafqazinfo&#8221;ya istinad\u0259n x\u0259b\u0259r verir ki, bu bar\u0259d\u0259 m\u0259lumat\u0131 v\u0259kil Amram Makinyan a\u00e7\u0131qlay\u0131b. S\u00f6hb\u0259t 2019-cu ild\u0259 m\u00fcxt\u0259lif vaxtlarda y\u00fcks\u0259k v\u0259zif\u0259li m\u0259murlara r\u00fc\u015fv\u0259t verdiyini bildir\u0259n qalmaqal il\u0259 tan\u0131nan sahibkar Silva Ambar\u00e7umyan\u0131n i\u015find\u0259n gedir. Ambar\u00e7umyan daha \u0259vv\u0259ll\u0259r vur\u011fulay\u0131b ki, Serj Sarkisyana r\u00fc\u015fv\u0259t verm\u0259yib v\u0259 onunla tan\u0131\u015f olmay\u0131b. V\u0259kil Amram Makinyan Sarkisyan\u0131n dindirilm\u0259k \u00fc\u00e7\u00fcn \u00e7a\u011f\u0131r\u0131lmas\u0131n\u0131 absurd hesab edib v\u0259 qeyd edib ki, iki il \u0259vv\u0259l Serj Sarkisyan \u015fahid qismind\u0259 dindirilib v\u0259 indiy\u0259d\u0259k bu i\u015fl\u0259 ba\u011fl\u0131 yeni n\u0259s\u0259 ba\u015f&hellip;<\/p>\n","protected":false},"author":2,"featured_media":406750,"comment_status":"closed","ping_status":"closed","sticky":false,"template":"","format":"standard","meta":{"om_disable_all_campaigns":false,"_monsterinsights_skip_tracking":false,"_monsterinsights_sitenote_active":false,"_monsterinsights_sitenote_note":"","_monsterinsights_sitenote_category":0},"categories":[7],"tags":[],"aioseo_notices":[],"gutentor_comment":0,"rttpg_featured_image_url":{"full":["https:\/\/arantv.az\/wp-content\/uploads\/2021\/11\/997687.jpg",800,600,false],"landscape":["https:\/\/arantv.az\/wp-content\/uploads\/2021\/11\/997687.jpg",800,600,false],"portraits":["https:\/\/arantv.az\/wp-content\/uploads\/2021\/11\/997687.jpg",800,600,false],"thumbnail":["https:\/\/arantv.az\/wp-content\/uploads\/2021\/11\/997687-500x280.jpg",500,280,true],"medium":["https:\/\/arantv.az\/wp-content\/uploads\/2021\/11\/997687-487x365.jpg",487,365,true],"large":["https:\/\/arantv.az\/wp-content\/uploads\/2021\/11\/997687.jpg",640,480,false],"1536x1536":["https:\/\/arantv.az\/wp-content\/uploads\/2021\/11\/997687.jpg",800,600,false],"2048x2048":["https:\/\/arantv.az\/wp-content\/uploads\/2021\/11\/997687.jpg",800,600,false],"post-thumbnail":["https:\/\/arantv.az\/wp-content\/uploads\/2021\/11\/997687-240x172.jpg",240,172,true],"advps-thumb-one":["https:\/\/arantv.az\/wp-content\/uploads\/2021\/11\/997687.jpg",800,600,false]},"rttpg_author":{"display_name":"V\u00fcsal Rafiqo\u011flu","author_link":"https:\/\/arantv.az\/?author=2"},"rttpg_comment":0,"rttpg_category":"<a href=\"https:\/\/arantv.az\/?cat=7\" rel=\"category\">D\u00fcnya<\/a>","rttpg_excerpt":"Erm\u0259nistan\u0131n ke\u00e7mi\u015f Prezidenti Serj Sarkisyan t\u0259qsirl\u0259ndiril\u0259n \u015f\u0259xs qismind\u0259 dindirilm\u0259k \u00fc\u00e7\u00fcn Korrupsiyaya Qar\u015f\u0131 M\u00fcbariz\u0259 Komit\u0259sin\u0259 \u00e7a\u011f\u0131r\u0131l\u0131b. ARANTV.AZ &#8220;Qafqazinfo&#8221;ya istinad\u0259n x\u0259b\u0259r verir ki, bu bar\u0259d\u0259 m\u0259lumat\u0131 v\u0259kil Amram Makinyan a\u00e7\u0131qlay\u0131b. S\u00f6hb\u0259t 2019-cu ild\u0259 m\u00fcxt\u0259lif vaxtlarda y\u00fcks\u0259k v\u0259zif\u0259li m\u0259murlara r\u00fc\u015fv\u0259t verdiyini bildir\u0259n qalmaqal il\u0259 tan\u0131nan sahibkar Silva Ambar\u00e7umyan\u0131n i\u015find\u0259n gedir. Ambar\u00e7umyan daha \u0259vv\u0259ll\u0259r vur\u011fulay\u0131b ki, Serj Sarkisyana r\u00fc\u015fv\u0259t&hellip;","_links":{"self":[{"href":"https:\/\/arantv.az\/index.php?rest_route=\/wp\/v2\/posts\/406749"}],"collection":[{"href":"https:\/\/arantv.az\/index.php?rest_route=\/wp\/v2\/posts"}],"about":[{"href":"https:\/\/arantv.az\/index.php?rest_route=\/wp\/v2\/types\/post"}],"author":[{"embeddable":true,"href":"https:\/\/arantv.az\/index.php?rest_route=\/wp\/v2\/users\/2"}],"replies":[{"embeddable":true,"href":"https:\/\/arantv.az\/index.php?rest_route=%2Fwp%2Fv2%2Fcomments&post=406749"}],"version-history":[{"count":0,"href":"https:\/\/arantv.az\/index.php?rest_route=\/wp\/v2\/posts\/406749\/revisions"}],"wp:featuredmedia":[{"embeddable":true,"href":"https:\/\/arantv.az\/index.php?rest_route=\/wp\/v2\/media\/406750"}],"wp:attachment":[{"href":"https:\/\/arantv.az\/index.php?rest_route=%2Fwp%2Fv2%2Fmedia&parent=406749"}],"wp:term":[{"taxonomy":"category","embeddable":true,"href":"https:\/\/arantv.az\/index.php?rest_route=%2Fwp%2Fv2%2Fcategories&post=406749"},{"taxonomy":"post_tag","embeddable":true,"href":"https:\/\/arantv.az\/index.php?rest_route=%2Fwp%2Fv2%2Ftags&post=406749"}],"curies":[{"name":"wp","href":"https:\/\/api.w.org\/{rel}","templated":true}]}}