{"id":406773,"date":"2021-11-22T12:16:52","date_gmt":"2021-11-22T09:16:52","guid":{"rendered":"http:\/\/arantv.az\/?p=406773"},"modified":"2021-11-22T12:16:52","modified_gmt":"2021-11-22T09:16:52","slug":"aztv-d%c9%99-isd%c9%99n-cixarilan-polkovnik-leytenanta-yeni-v%c9%99zif%c9%99-verildi","status":"publish","type":"post","link":"https:\/\/arantv.az\/?p=406773","title":{"rendered":"AzTV-d\u0259 i\u015fd\u0259n \u00e7\u0131xar\u0131lan polkovnik-leytenanta yeni v\u0259zif\u0259 verildi"},"content":{"rendered":"<p><strong>Bir m\u00fcdd\u0259t \u00f6nc\u0259 v\u0259zif\u0259d\u0259n \u00e7\u0131xar\u0131lan polis r\u0259isin\u0259 yeni v\u0259zif\u0259 verilib.<\/strong><\/p>\n<p>ARANTV.AZ &#8220;Qafqazinfo&#8221;ya istinad\u0259n x\u0259b\u0259r verir ki, nazirin \u0259mri il\u0259 &#8220;Az\u0259rbaycan Televiziya v\u0259 Radio Verili\u015fl\u0259ri&#8221; QSC-nin M\u00fchafiz\u0259 \u015e\u00f6b\u0259sinin r\u0259isi v\u0259zif\u0259sind\u0259n azad olunan polis polkovnik-leytenant\u0131 C\u0259f\u0259rov X\u0259qani X\u0131d\u0131r o\u011fluna ba\u015fqa v\u0259zif\u0259 verilib.<\/p>\n<p>O, Bak\u0131 Neft Emal\u0131 Zavodunun m\u00fchafiz\u0259 \u00fczr\u0259 Polis \u015e\u00f6b\u0259sinin r\u0259isi t\u0259yin olunub.<\/p>\n","protected":false},"excerpt":{"rendered":"<p>Bir m\u00fcdd\u0259t \u00f6nc\u0259 v\u0259zif\u0259d\u0259n \u00e7\u0131xar\u0131lan polis r\u0259isin\u0259 yeni v\u0259zif\u0259 verilib. ARANTV.AZ &#8220;Qafqazinfo&#8221;ya istinad\u0259n x\u0259b\u0259r verir ki, nazirin \u0259mri il\u0259 &#8220;Az\u0259rbaycan Televiziya v\u0259 Radio Verili\u015fl\u0259ri&#8221; QSC-nin M\u00fchafiz\u0259 \u015e\u00f6b\u0259sinin r\u0259isi v\u0259zif\u0259sind\u0259n azad olunan polis polkovnik-leytenant\u0131 C\u0259f\u0259rov X\u0259qani X\u0131d\u0131r o\u011fluna ba\u015fqa v\u0259zif\u0259 verilib. O, Bak\u0131 Neft Emal\u0131 Zavodunun m\u00fchafiz\u0259 \u00fczr\u0259 Polis \u015e\u00f6b\u0259sinin r\u0259isi t\u0259yin olunub.<\/p>\n","protected":false},"author":2,"featured_media":406774,"comment_status":"closed","ping_status":"closed","sticky":false,"template":"","format":"standard","meta":{"om_disable_all_campaigns":false,"_monsterinsights_skip_tracking":false,"_monsterinsights_sitenote_active":false,"_monsterinsights_sitenote_note":"","_monsterinsights_sitenote_category":0},"categories":[24],"tags":[],"aioseo_notices":[],"gutentor_comment":0,"rttpg_featured_image_url":{"full":["https:\/\/arantv.az\/wp-content\/uploads\/2021\/11\/997697.jpg",800,600,false],"landscape":["https:\/\/arantv.az\/wp-content\/uploads\/2021\/11\/997697.jpg",800,600,false],"portraits":["https:\/\/arantv.az\/wp-content\/uploads\/2021\/11\/997697.jpg",800,600,false],"thumbnail":["https:\/\/arantv.az\/wp-content\/uploads\/2021\/11\/997697-500x280.jpg",500,280,true],"medium":["https:\/\/arantv.az\/wp-content\/uploads\/2021\/11\/997697-487x365.jpg",487,365,true],"large":["https:\/\/arantv.az\/wp-content\/uploads\/2021\/11\/997697.jpg",640,480,false],"1536x1536":["https:\/\/arantv.az\/wp-content\/uploads\/2021\/11\/997697.jpg",800,600,false],"2048x2048":["https:\/\/arantv.az\/wp-content\/uploads\/2021\/11\/997697.jpg",800,600,false],"post-thumbnail":["https:\/\/arantv.az\/wp-content\/uploads\/2021\/11\/997697-240x172.jpg",240,172,true],"advps-thumb-one":["https:\/\/arantv.az\/wp-content\/uploads\/2021\/11\/997697.jpg",800,600,false]},"rttpg_author":{"display_name":"V\u00fcsal Rafiqo\u011flu","author_link":"https:\/\/arantv.az\/?author=2"},"rttpg_comment":0,"rttpg_category":"<a href=\"https:\/\/arantv.az\/?cat=24\" rel=\"category\">Maraql\u0131<\/a>","rttpg_excerpt":"Bir m\u00fcdd\u0259t \u00f6nc\u0259 v\u0259zif\u0259d\u0259n \u00e7\u0131xar\u0131lan polis r\u0259isin\u0259 yeni v\u0259zif\u0259 verilib. ARANTV.AZ &#8220;Qafqazinfo&#8221;ya istinad\u0259n x\u0259b\u0259r verir ki, nazirin \u0259mri il\u0259 &#8220;Az\u0259rbaycan Televiziya v\u0259 Radio Verili\u015fl\u0259ri&#8221; QSC-nin M\u00fchafiz\u0259 \u015e\u00f6b\u0259sinin r\u0259isi v\u0259zif\u0259sind\u0259n azad olunan polis polkovnik-leytenant\u0131 C\u0259f\u0259rov X\u0259qani X\u0131d\u0131r o\u011fluna ba\u015fqa v\u0259zif\u0259 verilib. O, Bak\u0131 Neft Emal\u0131 Zavodunun m\u00fchafiz\u0259 \u00fczr\u0259 Polis \u015e\u00f6b\u0259sinin r\u0259isi t\u0259yin olunub.","_links":{"self":[{"href":"https:\/\/arantv.az\/index.php?rest_route=\/wp\/v2\/posts\/406773"}],"collection":[{"href":"https:\/\/arantv.az\/index.php?rest_route=\/wp\/v2\/posts"}],"about":[{"href":"https:\/\/arantv.az\/index.php?rest_route=\/wp\/v2\/types\/post"}],"author":[{"embeddable":true,"href":"https:\/\/arantv.az\/index.php?rest_route=\/wp\/v2\/users\/2"}],"replies":[{"embeddable":true,"href":"https:\/\/arantv.az\/index.php?rest_route=%2Fwp%2Fv2%2Fcomments&post=406773"}],"version-history":[{"count":0,"href":"https:\/\/arantv.az\/index.php?rest_route=\/wp\/v2\/posts\/406773\/revisions"}],"wp:featuredmedia":[{"embeddable":true,"href":"https:\/\/arantv.az\/index.php?rest_route=\/wp\/v2\/media\/406774"}],"wp:attachment":[{"href":"https:\/\/arantv.az\/index.php?rest_route=%2Fwp%2Fv2%2Fmedia&parent=406773"}],"wp:term":[{"taxonomy":"category","embeddable":true,"href":"https:\/\/arantv.az\/index.php?rest_route=%2Fwp%2Fv2%2Fcategories&post=406773"},{"taxonomy":"post_tag","embeddable":true,"href":"https:\/\/arantv.az\/index.php?rest_route=%2Fwp%2Fv2%2Ftags&post=406773"}],"curies":[{"name":"wp","href":"https:\/\/api.w.org\/{rel}","templated":true}]}}