{"id":406779,"date":"2021-11-22T12:34:29","date_gmt":"2021-11-22T09:34:29","guid":{"rendered":"http:\/\/arantv.az\/?p=406779"},"modified":"2021-11-22T12:34:29","modified_gmt":"2021-11-22T09:34:29","slug":"ilham-%c9%99liyev-koreya-prezidenti-yaninda-simali-iqtisadi-%c9%99m%c9%99kdasliq-komit%c9%99sinin-s%c9%99drini-q%c9%99bul-edib-yenil%c9%99nib","status":"publish","type":"post","link":"https:\/\/arantv.az\/?p=406779","title":{"rendered":"\u0130lham \u018fliyev Koreya Prezidenti yan\u0131nda \u015eimali \u0130qtisadi \u018fm\u0259kda\u015fl\u0131q Komit\u0259sinin s\u0259drini q\u0259bul edib &#8211; YEN\u0130L\u018fN\u0130B"},"content":{"rendered":"<p>Az\u0259rbaycan Respublikas\u0131n\u0131n Prezidenti \u0130lham \u018fliyev noyabr\u0131n 22-d\u0259 Koreya Respublikas\u0131n\u0131n Prezidenti yan\u0131nda \u015eimali \u0130qtisadi \u018fm\u0259kda\u015fl\u0131q Komit\u0259sinin nazir statusunda s\u0259dri \u00c7ong Soo Park\u0131 q\u0259bul edib.<\/p>\n<p><a href=\"https:\/\/azertag.az\/xeber\/Prezident_Ilham_Aliyev_Koreya_Respublikasinin_Prezidenti_yaninda_Simali_Iqtisadi_Amekdasliq_Komitesinin_nazir_statusunda_sedrini_qebul_edib_YENILANIB_VIDEO-1931878\" target=\"_blank\" rel=\"noopener\">AZ\u018fRTAC<\/a>\u00a0x\u0259b\u0259r verir ki, Prezident \u0130lham \u018fliyev \u00f6lk\u0259l\u0259rimiz aras\u0131nda m\u00fct\u0259madi t\u0259maslar\u0131n olmas\u0131ndan m\u0259mnunlu\u011funu ifad\u0259 ed\u0259r\u0259k, bunu h\u0259r iki t\u0259r\u0259fd\u0259 \u0259m\u0259kda\u015fl\u0131\u011f\u0131n d\u0259rinl\u0259\u015fm\u0259si \u00fc\u00e7\u00fcn qar\u015f\u0131l\u0131ql\u0131 mara\u011f\u0131n g\u00f6st\u0259ricisi kimi qiym\u0259tl\u0259ndirdi. D\u00f6vl\u0259timizin ba\u015f\u00e7\u0131s\u0131 \u0259minliyi bildirdi ki, \u00f6lk\u0259l\u0259rimiz aras\u0131nda siyasi \u0259laq\u0259l\u0259rin y\u00fcks\u0259k s\u0259viyy\u0259d\u0259 olmas\u0131 b\u00fct\u00fcn dig\u0259r sah\u0259l\u0259rd\u0259 d\u0259 \u0259m\u0259kda\u015fl\u0131q \u00fc\u00e7\u00fcn m\u00fcsb\u0259t t\u0259sirini g\u00f6st\u0259r\u0259c\u0259k.<\/p>\n<p>\u0130qtisadi \u0259m\u0259kda\u015fl\u0131\u011fa toxunan Prezident \u0130lham \u018fliyev Koreya \u015firk\u0259tl\u0259rinin \u00f6lk\u0259mizd\u0259 m\u00fcxt\u0259lif sah\u0259l\u0259rd\u0259 u\u011furla f\u0259aliyy\u0259t g\u00f6st\u0259rdikl\u0259rini bildir\u0259r\u0259k, b\u00f6y\u00fck s\u0259naye infrastrukturu layih\u0259l\u0259rinin icras\u0131nda bu \u015firk\u0259tl\u0259rin f\u0259aliyy\u0259tini qeyd etdi v\u0259 Bak\u0131n\u0131n m\u00fcasir memarl\u0131q obraz\u0131nda Koreya \u015firk\u0259tl\u0259rinin d\u0259 pay\u0131 oldu\u011funu dedi.<\/p>\n<div id=\"AdviadNativeVideo0\" class=\"AdviadNativeVideo\"><\/div>\n<p>D\u00f6vl\u0259timizin ba\u015f\u00e7\u0131s\u0131 yax\u0131n vaxtlarda Az\u0259rbaycan\u0131n azad edilmi\u015f torpaqlar\u0131nda g\u00f6r\u00fcl\u0259c\u0259k i\u015fl\u0259rl\u0259 ba\u011fl\u0131 Koreya Respublikas\u0131nda t\u0259qdimat\u0131n ke\u00e7iril\u0259c\u0259yini vur\u011fulayaraq bildirdi ki, bundan m\u0259qs\u0259d Koreya \u015firk\u0259tl\u0259rinin azad olunmu\u015f torpaqlarda i\u015fl\u0259r\u0259 c\u0259lb edilm\u0259sind\u0259n ibar\u0259tdir. Az\u0259rbaycan Prezidenti i\u015f\u011fal d\u00f6vr\u00fcnd\u0259 Erm\u0259nistan\u0131n m\u00fcnt\u0259z\u0259m olaraq \u015f\u0259h\u0259r v\u0259 k\u0259ndl\u0259rimizi da\u011f\u0131td\u0131\u011f\u0131n\u0131 qeyd etdi, Z\u0259f\u0259rd\u0259n sonra h\u0259min \u0259razil\u0259rd\u0259 geni\u015fmiqyasl\u0131 quruculuq i\u015fl\u0259rinin ba\u015fland\u0131\u011f\u0131n\u0131 dedi, Az\u0259rbaycana dost \u00f6lk\u0259l\u0259rin \u015firk\u0259tl\u0259rinin bu i\u015fl\u0259r\u0259 d\u0259v\u0259t edildiyini bildirdi. Vur\u011fulad\u0131 ki, Koreyada bu t\u0259qdimat\u0131n ke\u00e7irilm\u0259si d\u0259 \u00f6lk\u0259l\u0259rimiz aras\u0131nda dostluq m\u00fcnasib\u0259tl\u0259rini bir daha t\u0259sdiq edir.<\/p>\n<p>Prezident \u0130lham \u018fliyev \u00c7ong Soo Park\u0131n s\u0259f\u0259rinin \u0259laq\u0259l\u0259rimizin inki\u015faf\u0131na t\u00f6hf\u0259 ver\u0259c\u0259yin\u0259 \u0259minliyini ifad\u0259 etdi.<\/p>\n<p>Koreya Respublikas\u0131n\u0131n Prezidenti yan\u0131nda \u015eimali \u0130qtisadi \u018fm\u0259kda\u015fl\u0131q Komit\u0259sinin nazir statusunda s\u0259dri \u00c7ong Soo Park xo\u015f s\u00f6zl\u0259r\u0259 g\u00f6r\u0259 minn\u0259tdarl\u0131\u011f\u0131n\u0131 bildir\u0259r\u0259k r\u0259hb\u0259rlik etdiyi komit\u0259nin f\u0259aliyy\u0259ti bar\u0259d\u0259 m\u0259lumat verdi. Bildirdi ki, Koreyan\u0131n yeni \u015fimal siyas\u0259ti 14 \u00f6lk\u0259ni \u0259hat\u0259 edir v\u0259 bu \u00f6lk\u0259l\u0259r s\u0131ras\u0131nda Az\u0259rbaycan \u0259n q\u0259rbd\u0259 yerl\u0259\u015f\u0259n \u00f6lk\u0259dir. Koreya il\u0259 Az\u0259rbaycan aras\u0131nda bir \u00e7ox ox\u015far c\u0259h\u0259tl\u0259rin, o c\u00fcml\u0259d\u0259n geosiyasi m\u00f6vqe c\u0259h\u0259td\u0259n ox\u015farl\u0131qlar\u0131n oldu\u011funu vur\u011fulayan \u00c7ong Soo Park Koreyan\u0131n qit\u0259 v\u0259 okeanlar\u0131 birl\u0259\u015fdir\u0259n strateji yerd\u0259, \u00f6z n\u00f6vb\u0259sind\u0259 Az\u0259rbaycan\u0131n is\u0259 m\u00fcxt\u0259lif beyn\u0259lxalq istiqam\u0259tl\u0259ri birl\u0259\u015fdir\u0259n n\u0259qliyyat m\u0259rk\u0259zind\u0259 yerl\u0259\u015fdiyini v\u0259 X\u0259z\u0259r d\u0259nizi \u0259traf\u0131nda n\u0259qliyyat m\u0259rk\u0259zi oldu\u011funu m\u0259mnunluqla bildirdi.<\/p>\n<p>G\u00f6r\u00fc\u015fd\u0259 Az\u0259rbaycan\u0131n \u015e\u0259rq-Q\u0259rb, \u015eimal-C\u0259nub n\u0259qliyyat d\u0259hlizl\u0259rind\u0259 rolu qeyd olundu, ikit\u0259r\u0259fli v\u0259 \u00e7oxt\u0259r\u0259fli formatlarda, h\u0259m\u00e7inin iqtisadi zonalar aras\u0131nda \u0259m\u0259kda\u015fl\u0131q imkanlar\u0131na toxunuldu. M\u00fcxt\u0259lif sah\u0259l\u0259rd\u0259, o c\u00fcml\u0259d\u0259n b\u0259rpa olunan enerji, n\u0259qliyyat, logistika v\u0259 turizm sah\u0259l\u0259rind\u0259 \u0259laq\u0259l\u0259rin perspektivl\u0259ri il\u0259 ba\u011fl\u0131 fikir m\u00fcbadil\u0259si apar\u0131ld\u0131.<\/p>\n<p>Sonda xatir\u0259 \u015f\u0259kli \u00e7\u0259kdirildi.<\/p>\n<p>&nbsp;<\/p>\n<div class=\"gallery\">\n<div class=\"gallery-i\"><img src=\"https:\/\/cdn.oxu.az\/uploads\/W1siZiIsIjIwMjEvMTEvMjIvMTMvMTcvMDUvY2RmYWM4MmYtNjJiMi00M2M1LTg1MGQtODQzMDQyYTIwOTMyLzE2Mzc1NzAxNzIxNDg2NDY1NDZfMTAwMHg2NjkuanBnIl0sWyJwIiwiZW5jb2RlIiwianBnIiwiLXF1YWxpdHkgODAiXSxbInAiLCJ0aHVtYiIsIjU5MHg1OTBcdTAwM2UiXV0?sha=c5c6897b71a9ae68\" alt=\"\" \/><\/p>\n<div class=\"gallery-i-caption\"><\/div>\n<\/div>\n<div class=\"gallery-i\"><img src=\"https:\/\/cdn.oxu.az\/uploads\/W1siZiIsIjIwMjEvMTEvMjIvMTMvMTcvMjcvMjY1OGJmMzYtZmYyMC00NDA4LWJiMjItMWE4NGFhMzk3YWZhLzE2Mzc1NzAxNzI5MDM2NTc1MzIuanBnIl0sWyJwIiwiZW5jb2RlIiwianBnIiwiLXF1YWxpdHkgODAiXSxbInAiLCJ0aHVtYiIsIjU5MHg1OTBcdTAwM2UiXV0?sha=ea79a7e4e9aba27d\" \/><\/div>\n<\/div>\n","protected":false},"excerpt":{"rendered":"<p>Az\u0259rbaycan Respublikas\u0131n\u0131n Prezidenti \u0130lham \u018fliyev noyabr\u0131n 22-d\u0259 Koreya Respublikas\u0131n\u0131n Prezidenti yan\u0131nda \u015eimali \u0130qtisadi \u018fm\u0259kda\u015fl\u0131q Komit\u0259sinin nazir statusunda s\u0259dri \u00c7ong Soo Park\u0131 q\u0259bul edib. AZ\u018fRTAC\u00a0x\u0259b\u0259r verir ki, Prezident \u0130lham \u018fliyev \u00f6lk\u0259l\u0259rimiz aras\u0131nda m\u00fct\u0259madi t\u0259maslar\u0131n olmas\u0131ndan m\u0259mnunlu\u011funu ifad\u0259 ed\u0259r\u0259k, bunu h\u0259r iki t\u0259r\u0259fd\u0259 \u0259m\u0259kda\u015fl\u0131\u011f\u0131n d\u0259rinl\u0259\u015fm\u0259si \u00fc\u00e7\u00fcn qar\u015f\u0131l\u0131ql\u0131 mara\u011f\u0131n g\u00f6st\u0259ricisi kimi qiym\u0259tl\u0259ndirdi. D\u00f6vl\u0259timizin ba\u015f\u00e7\u0131s\u0131 \u0259minliyi bildirdi ki, \u00f6lk\u0259l\u0259rimiz aras\u0131nda siyasi \u0259laq\u0259l\u0259rin y\u00fcks\u0259k s\u0259viyy\u0259d\u0259 olmas\u0131 b\u00fct\u00fcn dig\u0259r sah\u0259l\u0259rd\u0259 d\u0259 \u0259m\u0259kda\u015fl\u0131q \u00fc\u00e7\u00fcn m\u00fcsb\u0259t t\u0259sirini g\u00f6st\u0259r\u0259c\u0259k. \u0130qtisadi \u0259m\u0259kda\u015fl\u0131\u011fa toxunan Prezident \u0130lham \u018fliyev Koreya \u015firk\u0259tl\u0259rinin \u00f6lk\u0259mizd\u0259 m\u00fcxt\u0259lif sah\u0259l\u0259rd\u0259 u\u011furla f\u0259aliyy\u0259t g\u00f6st\u0259rdikl\u0259rini bildir\u0259r\u0259k, b\u00f6y\u00fck s\u0259naye infrastrukturu layih\u0259l\u0259rinin icras\u0131nda&hellip;<\/p>\n","protected":false},"author":2,"featured_media":406780,"comment_status":"closed","ping_status":"closed","sticky":false,"template":"","format":"standard","meta":{"om_disable_all_campaigns":false,"_monsterinsights_skip_tracking":false,"_monsterinsights_sitenote_active":false,"_monsterinsights_sitenote_note":"","_monsterinsights_sitenote_category":0},"categories":[4],"tags":[],"aioseo_notices":[],"gutentor_comment":0,"rttpg_featured_image_url":{"full":["https:\/\/arantv.az\/wp-content\/uploads\/2021\/11\/1637570172808755583_1000x669.jpg",620,378,false],"landscape":["https:\/\/arantv.az\/wp-content\/uploads\/2021\/11\/1637570172808755583_1000x669.jpg",620,378,false],"portraits":["https:\/\/arantv.az\/wp-content\/uploads\/2021\/11\/1637570172808755583_1000x669.jpg",620,378,false],"thumbnail":["https:\/\/arantv.az\/wp-content\/uploads\/2021\/11\/1637570172808755583_1000x669-500x280.jpg",500,280,true],"medium":["https:\/\/arantv.az\/wp-content\/uploads\/2021\/11\/1637570172808755583_1000x669-599x365.jpg",599,365,true],"large":["https:\/\/arantv.az\/wp-content\/uploads\/2021\/11\/1637570172808755583_1000x669.jpg",620,378,false],"1536x1536":["https:\/\/arantv.az\/wp-content\/uploads\/2021\/11\/1637570172808755583_1000x669.jpg",620,378,false],"2048x2048":["https:\/\/arantv.az\/wp-content\/uploads\/2021\/11\/1637570172808755583_1000x669.jpg",620,378,false],"post-thumbnail":["https:\/\/arantv.az\/wp-content\/uploads\/2021\/11\/1637570172808755583_1000x669-240x172.jpg",240,172,true],"advps-thumb-one":["https:\/\/arantv.az\/wp-content\/uploads\/2021\/11\/1637570172808755583_1000x669.jpg",620,378,false]},"rttpg_author":{"display_name":"V\u00fcsal Rafiqo\u011flu","author_link":"https:\/\/arantv.az\/?author=2"},"rttpg_comment":0,"rttpg_category":"<a href=\"https:\/\/arantv.az\/?cat=4\" rel=\"category\">Siyas\u0259t<\/a>","rttpg_excerpt":"Az\u0259rbaycan Respublikas\u0131n\u0131n Prezidenti \u0130lham \u018fliyev noyabr\u0131n 22-d\u0259 Koreya Respublikas\u0131n\u0131n Prezidenti yan\u0131nda \u015eimali \u0130qtisadi \u018fm\u0259kda\u015fl\u0131q Komit\u0259sinin nazir statusunda s\u0259dri \u00c7ong Soo Park\u0131 q\u0259bul edib. AZ\u018fRTAC\u00a0x\u0259b\u0259r verir ki, Prezident \u0130lham \u018fliyev \u00f6lk\u0259l\u0259rimiz aras\u0131nda m\u00fct\u0259madi t\u0259maslar\u0131n olmas\u0131ndan m\u0259mnunlu\u011funu ifad\u0259 ed\u0259r\u0259k, bunu h\u0259r iki t\u0259r\u0259fd\u0259 \u0259m\u0259kda\u015fl\u0131\u011f\u0131n d\u0259rinl\u0259\u015fm\u0259si \u00fc\u00e7\u00fcn qar\u015f\u0131l\u0131ql\u0131 mara\u011f\u0131n g\u00f6st\u0259ricisi kimi qiym\u0259tl\u0259ndirdi. D\u00f6vl\u0259timizin ba\u015f\u00e7\u0131s\u0131 \u0259minliyi bildirdi ki, \u00f6lk\u0259l\u0259rimiz&hellip;","_links":{"self":[{"href":"https:\/\/arantv.az\/index.php?rest_route=\/wp\/v2\/posts\/406779"}],"collection":[{"href":"https:\/\/arantv.az\/index.php?rest_route=\/wp\/v2\/posts"}],"about":[{"href":"https:\/\/arantv.az\/index.php?rest_route=\/wp\/v2\/types\/post"}],"author":[{"embeddable":true,"href":"https:\/\/arantv.az\/index.php?rest_route=\/wp\/v2\/users\/2"}],"replies":[{"embeddable":true,"href":"https:\/\/arantv.az\/index.php?rest_route=%2Fwp%2Fv2%2Fcomments&post=406779"}],"version-history":[{"count":0,"href":"https:\/\/arantv.az\/index.php?rest_route=\/wp\/v2\/posts\/406779\/revisions"}],"wp:featuredmedia":[{"embeddable":true,"href":"https:\/\/arantv.az\/index.php?rest_route=\/wp\/v2\/media\/406780"}],"wp:attachment":[{"href":"https:\/\/arantv.az\/index.php?rest_route=%2Fwp%2Fv2%2Fmedia&parent=406779"}],"wp:term":[{"taxonomy":"category","embeddable":true,"href":"https:\/\/arantv.az\/index.php?rest_route=%2Fwp%2Fv2%2Fcategories&post=406779"},{"taxonomy":"post_tag","embeddable":true,"href":"https:\/\/arantv.az\/index.php?rest_route=%2Fwp%2Fv2%2Ftags&post=406779"}],"curies":[{"name":"wp","href":"https:\/\/api.w.org\/{rel}","templated":true}]}}