{"id":406785,"date":"2021-11-22T12:36:37","date_gmt":"2021-11-22T09:36:37","guid":{"rendered":"http:\/\/arantv.az\/?p=406785"},"modified":"2021-11-22T12:36:37","modified_gmt":"2021-11-22T09:36:37","slug":"naxcivandan-m%c9%99sh%c9%99d%c9%99-d%c9%99miryol-reysi-b%c9%99rpa-oluna-bil%c9%99r","status":"publish","type":"post","link":"https:\/\/arantv.az\/?p=406785","title":{"rendered":"Nax\u00e7\u0131vandan M\u0259\u015fh\u0259d\u0259 d\u0259miryol reysi b\u0259rpa oluna bil\u0259r"},"content":{"rendered":"<p><strong>&#8220;Az\u0259rbaycan\u0131n n\u00fcmay\u0259nd\u0259 hey\u0259tinin \u0130rana s\u0259f\u0259ri planla\u015fd\u0131r\u0131l\u0131r&#8221;.<\/strong><\/p>\n<p>\u201cReport\u201d \u0130ran m\u0259tbuat\u0131na istinad\u0259n x\u0259b\u0259r verir ki, bunu qon\u015fu \u00f6lk\u0259nin yollar\u0131n v\u0259 \u015f\u0259h\u0259rl\u0259rin inki\u015faf\u0131 naziri R\u00fcst\u0259m Qasemi \u0130ran-Az\u0259rbaycan Birg\u0259 \u0130qtisadi Komissiyas\u0131n\u0131n Bak\u0131da ke\u00e7irilmi\u015f iclas\u0131nda deyib.<\/p>\n<p>Onun s\u00f6zl\u0259rin\u0259 g\u00f6r\u0259, n\u0259z\u0259rd\u0259 tutulan s\u0259f\u0259r iki \u00f6lk\u0259 aras\u0131nda imzalanm\u0131\u015f m\u00fcqavil\u0259l\u0259rin \u015f\u0259rtl\u0259rin\u0259 \u0259m\u0259l olunmas\u0131 \u00fc\u00e7\u00fcn mane\u0259l\u0259ri aradan qald\u0131racaq: &#8220;Bu, h\u0259r iki xalq\u0131n m\u0259nafeyin\u0259 xidm\u0259t edir\u201d.<\/p>\n<p>Nazir \u0259lav\u0259 edib ki, \u0130ran-Az\u0259rbaycan s\u0259rh\u0259dind\u0259 100 metrlik k\u00f6rp\u00fcn\u00fcn tikintisi v\u0259 R\u0259\u015ft-Astara d\u0259miryolu d\u0259hlizinin tamamlanmas\u0131 n\u00fcmay\u0259nd\u0259 hey\u0259tinin s\u0259f\u0259ri zaman\u0131 m\u00fczakir\u0259 olunacaq \u0259sas m\u0259s\u0259l\u0259l\u0259rd\u0259ndir: &#8220;Bizim az\u0259rbaycanl\u0131 dostlar\u0131m\u0131z \u0130ran\u0131n Astara \u015f\u0259h\u0259rind\u0259 terminal\u0131n tikintisin\u0259 s\u0259rmay\u0259 qoyublar, onun bir hiss\u0259si tamamlan\u0131b. Terminal\u0131n ba\u015fa \u00e7atd\u0131r\u0131lmas\u0131 il\u0259 ba\u011fl\u0131 m\u00fczakir\u0259l\u0259r apar\u0131lacaq. Biz Az\u0259rbaycan\u0131n Astara \u015f\u0259h\u0259rind\u0259 d\u0259 g\u00f6r\u00fc\u015f ke\u00e7ir\u0259c\u0259yik, Nax\u00e7\u0131van-M\u0259\u015fh\u0259d d\u0259mir yolu layih\u0259sini yenid\u0259n aktivl\u0259\u015fdir\u0259c\u0259yik. Avtomobil n\u0259qliyyat\u0131 v\u0259 avtomobil tranziti sah\u0259sind\u0259 \u0259m\u0259kda\u015fl\u0131q bu komissiyan\u0131n \u0259n m\u00fch\u00fcm dan\u0131\u015f\u0131qlar m\u00f6vzular\u0131ndan biridir&#8221;.<\/p>\n<p>Xat\u0131rladaq ki, Nax\u00e7\u0131van-M\u0259\u015fh\u0259d-Nax\u00e7\u0131van beyn\u0259lxalq s\u00fcr\u0259t qatar\u0131 2016-c\u0131 ilin dekabr\u0131n 29-da h\u0259r\u0259k\u0259t\u0259 ba\u015flay\u0131b v\u0259 t\u0259xmin\u0259n 1 il sonra m\u00fc\u0259yy\u0259n texniki s\u0259b\u0259bl\u0259rd\u0259n onun f\u0259aliyy\u0259ti m\u00fcv\u0259qq\u0259ti dayand\u0131r\u0131l\u0131b.<\/p>\n","protected":false},"excerpt":{"rendered":"<p>&#8220;Az\u0259rbaycan\u0131n n\u00fcmay\u0259nd\u0259 hey\u0259tinin \u0130rana s\u0259f\u0259ri planla\u015fd\u0131r\u0131l\u0131r&#8221;. \u201cReport\u201d \u0130ran m\u0259tbuat\u0131na istinad\u0259n x\u0259b\u0259r verir ki, bunu qon\u015fu \u00f6lk\u0259nin yollar\u0131n v\u0259 \u015f\u0259h\u0259rl\u0259rin inki\u015faf\u0131 naziri R\u00fcst\u0259m Qasemi \u0130ran-Az\u0259rbaycan Birg\u0259 \u0130qtisadi Komissiyas\u0131n\u0131n Bak\u0131da ke\u00e7irilmi\u015f iclas\u0131nda deyib. Onun s\u00f6zl\u0259rin\u0259 g\u00f6r\u0259, n\u0259z\u0259rd\u0259 tutulan s\u0259f\u0259r iki \u00f6lk\u0259 aras\u0131nda imzalanm\u0131\u015f m\u00fcqavil\u0259l\u0259rin \u015f\u0259rtl\u0259rin\u0259 \u0259m\u0259l olunmas\u0131 \u00fc\u00e7\u00fcn mane\u0259l\u0259ri aradan qald\u0131racaq: &#8220;Bu, h\u0259r iki xalq\u0131n m\u0259nafeyin\u0259 xidm\u0259t edir\u201d. Nazir \u0259lav\u0259 edib ki, \u0130ran-Az\u0259rbaycan s\u0259rh\u0259dind\u0259 100 metrlik k\u00f6rp\u00fcn\u00fcn tikintisi v\u0259 R\u0259\u015ft-Astara d\u0259miryolu d\u0259hlizinin tamamlanmas\u0131 n\u00fcmay\u0259nd\u0259 hey\u0259tinin s\u0259f\u0259ri zaman\u0131 m\u00fczakir\u0259 olunacaq \u0259sas m\u0259s\u0259l\u0259l\u0259rd\u0259ndir: &#8220;Bizim az\u0259rbaycanl\u0131 dostlar\u0131m\u0131z \u0130ran\u0131n Astara \u015f\u0259h\u0259rind\u0259 terminal\u0131n tikintisin\u0259 s\u0259rmay\u0259 qoyublar, onun&hellip;<\/p>\n","protected":false},"author":2,"featured_media":406786,"comment_status":"closed","ping_status":"closed","sticky":false,"template":"","format":"standard","meta":{"om_disable_all_campaigns":false,"_monsterinsights_skip_tracking":false,"_monsterinsights_sitenote_active":false,"_monsterinsights_sitenote_note":"","_monsterinsights_sitenote_category":0},"categories":[26],"tags":[],"aioseo_notices":[],"gutentor_comment":0,"rttpg_featured_image_url":{"full":["https:\/\/arantv.az\/wp-content\/uploads\/2021\/11\/6bc921c719b0a8fe7cffe67bd7553628.jpg",450,300,false],"landscape":["https:\/\/arantv.az\/wp-content\/uploads\/2021\/11\/6bc921c719b0a8fe7cffe67bd7553628.jpg",450,300,false],"portraits":["https:\/\/arantv.az\/wp-content\/uploads\/2021\/11\/6bc921c719b0a8fe7cffe67bd7553628.jpg",450,300,false],"thumbnail":["https:\/\/arantv.az\/wp-content\/uploads\/2021\/11\/6bc921c719b0a8fe7cffe67bd7553628-450x280.jpg",450,280,true],"medium":["https:\/\/arantv.az\/wp-content\/uploads\/2021\/11\/6bc921c719b0a8fe7cffe67bd7553628.jpg",450,300,false],"large":["https:\/\/arantv.az\/wp-content\/uploads\/2021\/11\/6bc921c719b0a8fe7cffe67bd7553628.jpg",450,300,false],"1536x1536":["https:\/\/arantv.az\/wp-content\/uploads\/2021\/11\/6bc921c719b0a8fe7cffe67bd7553628.jpg",450,300,false],"2048x2048":["https:\/\/arantv.az\/wp-content\/uploads\/2021\/11\/6bc921c719b0a8fe7cffe67bd7553628.jpg",450,300,false],"post-thumbnail":["https:\/\/arantv.az\/wp-content\/uploads\/2021\/11\/6bc921c719b0a8fe7cffe67bd7553628-240x172.jpg",240,172,true],"advps-thumb-one":["https:\/\/arantv.az\/wp-content\/uploads\/2021\/11\/6bc921c719b0a8fe7cffe67bd7553628.jpg",450,300,false]},"rttpg_author":{"display_name":"V\u00fcsal Rafiqo\u011flu","author_link":"https:\/\/arantv.az\/?author=2"},"rttpg_comment":0,"rttpg_category":"<a href=\"https:\/\/arantv.az\/?cat=26\" rel=\"category\">Sosial<\/a>","rttpg_excerpt":"&#8220;Az\u0259rbaycan\u0131n n\u00fcmay\u0259nd\u0259 hey\u0259tinin \u0130rana s\u0259f\u0259ri planla\u015fd\u0131r\u0131l\u0131r&#8221;. \u201cReport\u201d \u0130ran m\u0259tbuat\u0131na istinad\u0259n x\u0259b\u0259r verir ki, bunu qon\u015fu \u00f6lk\u0259nin yollar\u0131n v\u0259 \u015f\u0259h\u0259rl\u0259rin inki\u015faf\u0131 naziri R\u00fcst\u0259m Qasemi \u0130ran-Az\u0259rbaycan Birg\u0259 \u0130qtisadi Komissiyas\u0131n\u0131n Bak\u0131da ke\u00e7irilmi\u015f iclas\u0131nda deyib. Onun s\u00f6zl\u0259rin\u0259 g\u00f6r\u0259, n\u0259z\u0259rd\u0259 tutulan s\u0259f\u0259r iki \u00f6lk\u0259 aras\u0131nda imzalanm\u0131\u015f m\u00fcqavil\u0259l\u0259rin \u015f\u0259rtl\u0259rin\u0259 \u0259m\u0259l olunmas\u0131 \u00fc\u00e7\u00fcn mane\u0259l\u0259ri aradan qald\u0131racaq: &#8220;Bu, h\u0259r iki xalq\u0131n m\u0259nafeyin\u0259 xidm\u0259t&hellip;","_links":{"self":[{"href":"https:\/\/arantv.az\/index.php?rest_route=\/wp\/v2\/posts\/406785"}],"collection":[{"href":"https:\/\/arantv.az\/index.php?rest_route=\/wp\/v2\/posts"}],"about":[{"href":"https:\/\/arantv.az\/index.php?rest_route=\/wp\/v2\/types\/post"}],"author":[{"embeddable":true,"href":"https:\/\/arantv.az\/index.php?rest_route=\/wp\/v2\/users\/2"}],"replies":[{"embeddable":true,"href":"https:\/\/arantv.az\/index.php?rest_route=%2Fwp%2Fv2%2Fcomments&post=406785"}],"version-history":[{"count":0,"href":"https:\/\/arantv.az\/index.php?rest_route=\/wp\/v2\/posts\/406785\/revisions"}],"wp:featuredmedia":[{"embeddable":true,"href":"https:\/\/arantv.az\/index.php?rest_route=\/wp\/v2\/media\/406786"}],"wp:attachment":[{"href":"https:\/\/arantv.az\/index.php?rest_route=%2Fwp%2Fv2%2Fmedia&parent=406785"}],"wp:term":[{"taxonomy":"category","embeddable":true,"href":"https:\/\/arantv.az\/index.php?rest_route=%2Fwp%2Fv2%2Fcategories&post=406785"},{"taxonomy":"post_tag","embeddable":true,"href":"https:\/\/arantv.az\/index.php?rest_route=%2Fwp%2Fv2%2Ftags&post=406785"}],"curies":[{"name":"wp","href":"https:\/\/api.w.org\/{rel}","templated":true}]}}