{"id":406827,"date":"2021-11-22T13:21:39","date_gmt":"2021-11-22T10:21:39","guid":{"rendered":"http:\/\/arantv.az\/?p=406827"},"modified":"2021-11-22T13:21:39","modified_gmt":"2021-11-22T10:21:39","slug":"agentlikd%c9%99n-qazinin-%c9%99lillik-d%c9%99r%c9%99c%c9%99si-ala-bilmir%c9%99m-iddialarina-cavab-foto","status":"publish","type":"post","link":"https:\/\/arantv.az\/?p=406827","title":{"rendered":"Agentlikd\u0259n qazinin \u201c\u0259lillik d\u0259r\u0259c\u0259si ala bilmir\u0259m\u201d iddialar\u0131na CAVAB &#8211; FOTO"},"content":{"rendered":"<p>V\u0259t\u0259n m\u00fcharib\u0259si qazisi ona \u0259lillik d\u0259r\u0259c\u0259sinin t\u0259yin edilm\u0259m\u0259sind\u0259n \u015fikay\u0259t\u00e7idir.<\/p>\n<p>Bu bar\u0259d\u0259 m\u0259lumat sosial \u015f\u0259b\u0259k\u0259l\u0259rd\u0259 payla\u015f\u0131l\u0131b.<\/p>\n<p>Bel\u0259 ki, V\u0259t\u0259n m\u00fcharib\u0259sind\u0259 i\u015ftirak ed\u0259n qazi \u015e\u0259k\u0259r\u0259liyev Sahib \u0130lham o\u011flu ald\u0131\u011f\u0131 x\u0259sar\u0259tl\u0259r\u0259 g\u00f6r\u0259 ona \u0259lillik d\u0259r\u0259c\u0259sinin t\u0259yin edilm\u0259m\u0259sinin s\u0259b\u0259bi \u00f6yr\u0259nm\u0259k ist\u0259yir.<\/p>\n<div id=\"AdviadNativeVideo0\" class=\"AdviadNativeVideo\"><\/div>\n<p>M\u0259lumatda qeyd edilib ki, Ucar\u0131n Qaz\u0131qumlaq k\u0259ndind\u0259n olan S.\u015e\u0259k\u0259r\u0259liyev sentyabr\u0131n 21-d\u0259 d\u00f6y\u00fc\u015f\u0259 yollan\u0131b:<\/p>\n<p>\u201cA\u011fd\u0259r\u0259, T\u0259rt\u0259r, Suqovu\u015fanda ged\u0259n d\u00f6y\u00fc\u015fl\u0259rd\u0259 k\u00f6n\u00fcll\u00fc \u015f\u0259kild\u0259 i\u015ftirak etmi\u015f\u0259m. D\u00f6y\u00fc\u015f zaman\u0131 yan\u0131ma minaatan m\u0259rmisi d\u00fc\u015f\u00fcb. Sol aya\u011f\u0131m\u0131n bud s\u00fcm\u00fcy\u00fc ortadan s\u0131n\u0131b, dirs\u0259k nahiy\u0259sind\u0259n\u00a0qolum s\u0131n\u0131b, g\u00f6zl\u0259rimd\u0259 \u00e7\u0259pl\u0259\u015fm\u0259 yaran\u0131b. Aya\u011f\u0131mda, qolumda, sif\u0259timd\u0259 xeyli sayda q\u0259lp\u0259l\u0259r var ki, h\u0259l\u0259 \u00e7\u0131xarmay\u0131blar. \u0130ki d\u0259f\u0259 G\u0259nc\u0259 Beyn\u0259lxalq X\u0259st\u0259xanas\u0131nda, bir d\u0259f\u0259 is\u0259 Silahl\u0131 Q\u00fcvv\u0259l\u0259rin Ba\u015f Klinik Hospital\u0131nda \u0259m\u0259liyyat olunmu\u015fam. \u00dc\u00e7\u00fcnc\u00fc \u0259m\u0259liyyatda is\u0259 s\u00fcm\u00fcy\u00fcm yarars\u0131z oldu\u011fu \u00fc\u00e7\u00fcn aya\u011f\u0131ma \u00f6m\u00fcrl\u00fck mil qoyub, d\u00f6rd yerd\u0259n \u201c\u015furup\u201d vurublar. \u018fsa olmadan\u00a0g\u0259z\u0259 bilm\u0259diyim \u00fc\u00e7\u00fcn i\u015fl\u0259y\u0259 d\u0259 bilmir\u0259m.<\/p>\n<p>Ail\u0259liy\u0259m, 3 v\u0259 2 ya\u015flar\u0131nda \u00f6vladlar\u0131m var. He\u00e7 olmasa \u0259n a\u015fa\u011f\u0131 &#8211; II qrup \u0259lillik d\u0259r\u0259c\u0259si verils\u0259, ail\u0259mi m\u00fc\u0259yy\u0259n q\u0259d\u0259r doland\u0131rard\u0131m. \u018flillik d\u0259r\u0259c\u0259si ala bilm\u0259k \u00fc\u00e7\u00fcn m\u00fcraci\u0259t ets\u0259m d\u0259, verilm\u0259yib\u201d.<\/p>\n<p>\u018fm\u0259k v\u0259 \u018fhalinin Sosial M\u00fcdafi\u0259si Nazirliyi yan\u0131nda D\u00f6vl\u0259t Tibbi-Sosial Ekspertiza v\u0259 Reabilitasiya Xidm\u0259tind\u0259n\u00a0Oxu.Az-\u0131n sor\u011fusuna cavab olaraq bildirilib ki, \u0259lilliyin qiym\u0259tl\u0259ndirilm\u0259si ixtisasla\u015fm\u0131\u015f m\u00fcalic\u0259 ba\u015fa \u00e7atd\u0131qdan sonra apar\u0131la bil\u0259r:<\/p>\n<p>\u201cUcar rayon sakini \u015e\u0259k\u0259r\u0259liyev Sahib \u0130lham o\u011flu da 27.10.2021-ci il tarixind\u0259 D\u00f6vl\u0259t Tibbi-Sosial Ekspertiza v\u0259 Reabilitasiya Agentliyind\u0259 \u0259yani m\u00fcayin\u0259 olunark\u0259n, onun m\u00fcalic\u0259 m\u00fcdd\u0259tinin h\u0259l\u0259 ba\u015fa \u00e7atmad\u0131\u011f\u0131 m\u00fc\u0259yy\u0259n edilib. Bu s\u0259b\u0259bd\u0259n m\u00f6vcud qanunvericiliy\u0259 \u0259sas\u0259n Sahib \u015e\u0259k\u0259r\u0259liyevin m\u00fcalic\u0259nin davam etdirilm\u0259si bar\u0259d\u0259 q\u0259rar q\u0259bul edilib. Qazimizin ixtisasla\u015fm\u0131\u015f m\u00fcalic\u0259si tamamland\u0131qdan sonra agentlik t\u0259r\u0259find\u0259n onun \u0259lilliyinin qiym\u0259tl\u0259ndirilm\u0259si apar\u0131lacaq v\u0259 m\u00fcvafiq q\u0259rar veril\u0259c\u0259k\u201d.<\/p>\n<p>&nbsp;<\/p>\n<div class=\"gallery\">\n<div class=\"gallery-i\"><img src=\"https:\/\/cdn.oxu.az\/uploads\/W1siZiIsIjIwMjEvMTEvMjIvMTMvMTIvNTUvZjNjZDYxY2UtZTFkYS00YmU4LWE5ODYtZWI1YmNjMmFlMzA4LzI1ODY4Njc5NV8xMjcwODkxNjcwMDAzMTEwXzc1MjQ5NDU1MjQ5MzkzNzc4NzFfbi5qcGciXSxbInAiLCJlbmNvZGUiLCJqcGciLCItcXVhbGl0eSA4MCJdLFsicCIsInRodW1iIiwiNTkweDU5MFx1MDAzZSJdXQ?sha=9e0a217305b9ba16\" alt=\"\" \/><\/p>\n<div class=\"gallery-i-caption\"><\/div>\n<\/div>\n<div class=\"gallery-i\"><img src=\"https:\/\/cdn.oxu.az\/uploads\/W1siZiIsIjIwMjEvMTEvMjIvMTMvMTIvNTUvOTgxODA4NDUtYzhiZS00Yzk0LThlYTMtMTk5MGYyZGM5YmE1LzI1ODc2ODU2Ml8xMjcwODkxNjI2NjY5NzgxXzE3NDUwOTI0MjEzOTA4MDE1MTBfbi5qcGciXSxbInAiLCJlbmNvZGUiLCJqcGciLCItcXVhbGl0eSA4MCJdLFsicCIsInRodW1iIiwiNTkweDU5MFx1MDAzZSJdXQ?sha=5fbd8d5f3d971d5b\" alt=\"\" \/><\/p>\n<div class=\"gallery-i-caption\"><\/div>\n<\/div>\n<div class=\"gallery-i\"><img src=\"https:\/\/cdn.oxu.az\/uploads\/W1siZiIsIjIwMjEvMTEvMjIvMTMvMTIvNTUvYTZhODM2NDAtMTE1ZC00YTQyLThlNzAtYzIwMWI4OGJhM2NiLzI1OTAzNjg4Ml8xMjcwODkxNTkwMDAzMTE4XzM4MTgyMTM5NDE3NzQyNTA5Mzlfbi5qcGciXSxbInAiLCJlbmNvZGUiLCJqcGciLCItcXVhbGl0eSA4MCJdLFsicCIsInRodW1iIiwiNTkweDU5MFx1MDAzZSJdXQ?sha=0b0e32f34b8735e4\" alt=\"\" \/><\/p>\n<div class=\"gallery-i-caption\"><\/div>\n<\/div>\n<\/div>\n","protected":false},"excerpt":{"rendered":"<p>V\u0259t\u0259n m\u00fcharib\u0259si qazisi ona \u0259lillik d\u0259r\u0259c\u0259sinin t\u0259yin edilm\u0259m\u0259sind\u0259n \u015fikay\u0259t\u00e7idir. Bu bar\u0259d\u0259 m\u0259lumat sosial \u015f\u0259b\u0259k\u0259l\u0259rd\u0259 payla\u015f\u0131l\u0131b. Bel\u0259 ki, V\u0259t\u0259n m\u00fcharib\u0259sind\u0259 i\u015ftirak ed\u0259n qazi \u015e\u0259k\u0259r\u0259liyev Sahib \u0130lham o\u011flu ald\u0131\u011f\u0131 x\u0259sar\u0259tl\u0259r\u0259 g\u00f6r\u0259 ona \u0259lillik d\u0259r\u0259c\u0259sinin t\u0259yin edilm\u0259m\u0259sinin s\u0259b\u0259bi \u00f6yr\u0259nm\u0259k ist\u0259yir. M\u0259lumatda qeyd edilib ki, Ucar\u0131n Qaz\u0131qumlaq k\u0259ndind\u0259n olan S.\u015e\u0259k\u0259r\u0259liyev sentyabr\u0131n 21-d\u0259 d\u00f6y\u00fc\u015f\u0259 yollan\u0131b: \u201cA\u011fd\u0259r\u0259, T\u0259rt\u0259r, Suqovu\u015fanda ged\u0259n d\u00f6y\u00fc\u015fl\u0259rd\u0259 k\u00f6n\u00fcll\u00fc \u015f\u0259kild\u0259 i\u015ftirak etmi\u015f\u0259m. D\u00f6y\u00fc\u015f zaman\u0131 yan\u0131ma minaatan m\u0259rmisi d\u00fc\u015f\u00fcb. Sol aya\u011f\u0131m\u0131n bud s\u00fcm\u00fcy\u00fc ortadan s\u0131n\u0131b, dirs\u0259k nahiy\u0259sind\u0259n\u00a0qolum s\u0131n\u0131b, g\u00f6zl\u0259rimd\u0259 \u00e7\u0259pl\u0259\u015fm\u0259 yaran\u0131b. Aya\u011f\u0131mda, qolumda, sif\u0259timd\u0259 xeyli sayda q\u0259lp\u0259l\u0259r var ki, h\u0259l\u0259 \u00e7\u0131xarmay\u0131blar. \u0130ki d\u0259f\u0259 G\u0259nc\u0259&hellip;<\/p>\n","protected":false},"author":2,"featured_media":406828,"comment_status":"closed","ping_status":"closed","sticky":false,"template":"","format":"standard","meta":{"om_disable_all_campaigns":false,"_monsterinsights_skip_tracking":false,"_monsterinsights_sitenote_active":false,"_monsterinsights_sitenote_note":"","_monsterinsights_sitenote_category":0},"categories":[26],"tags":[],"aioseo_notices":[],"gutentor_comment":0,"rttpg_featured_image_url":{"full":["https:\/\/arantv.az\/wp-content\/uploads\/2021\/11\/FotoJet-2021-11-22T131136.480.jpg",620,413,false],"landscape":["https:\/\/arantv.az\/wp-content\/uploads\/2021\/11\/FotoJet-2021-11-22T131136.480.jpg",620,413,false],"portraits":["https:\/\/arantv.az\/wp-content\/uploads\/2021\/11\/FotoJet-2021-11-22T131136.480.jpg",620,413,false],"thumbnail":["https:\/\/arantv.az\/wp-content\/uploads\/2021\/11\/FotoJet-2021-11-22T131136.480-500x280.jpg",500,280,true],"medium":["https:\/\/arantv.az\/wp-content\/uploads\/2021\/11\/FotoJet-2021-11-22T131136.480-548x365.jpg",548,365,true],"large":["https:\/\/arantv.az\/wp-content\/uploads\/2021\/11\/FotoJet-2021-11-22T131136.480.jpg",620,413,false],"1536x1536":["https:\/\/arantv.az\/wp-content\/uploads\/2021\/11\/FotoJet-2021-11-22T131136.480.jpg",620,413,false],"2048x2048":["https:\/\/arantv.az\/wp-content\/uploads\/2021\/11\/FotoJet-2021-11-22T131136.480.jpg",620,413,false],"post-thumbnail":["https:\/\/arantv.az\/wp-content\/uploads\/2021\/11\/FotoJet-2021-11-22T131136.480-240x172.jpg",240,172,true],"advps-thumb-one":["https:\/\/arantv.az\/wp-content\/uploads\/2021\/11\/FotoJet-2021-11-22T131136.480.jpg",620,413,false]},"rttpg_author":{"display_name":"V\u00fcsal Rafiqo\u011flu","author_link":"https:\/\/arantv.az\/?author=2"},"rttpg_comment":0,"rttpg_category":"<a href=\"https:\/\/arantv.az\/?cat=26\" rel=\"category\">Sosial<\/a>","rttpg_excerpt":"V\u0259t\u0259n m\u00fcharib\u0259si qazisi ona \u0259lillik d\u0259r\u0259c\u0259sinin t\u0259yin edilm\u0259m\u0259sind\u0259n \u015fikay\u0259t\u00e7idir. Bu bar\u0259d\u0259 m\u0259lumat sosial \u015f\u0259b\u0259k\u0259l\u0259rd\u0259 payla\u015f\u0131l\u0131b. Bel\u0259 ki, V\u0259t\u0259n m\u00fcharib\u0259sind\u0259 i\u015ftirak ed\u0259n qazi \u015e\u0259k\u0259r\u0259liyev Sahib \u0130lham o\u011flu ald\u0131\u011f\u0131 x\u0259sar\u0259tl\u0259r\u0259 g\u00f6r\u0259 ona \u0259lillik d\u0259r\u0259c\u0259sinin t\u0259yin edilm\u0259m\u0259sinin s\u0259b\u0259bi \u00f6yr\u0259nm\u0259k ist\u0259yir. M\u0259lumatda qeyd edilib ki, Ucar\u0131n Qaz\u0131qumlaq k\u0259ndind\u0259n olan S.\u015e\u0259k\u0259r\u0259liyev sentyabr\u0131n 21-d\u0259 d\u00f6y\u00fc\u015f\u0259 yollan\u0131b: \u201cA\u011fd\u0259r\u0259, T\u0259rt\u0259r, Suqovu\u015fanda ged\u0259n d\u00f6y\u00fc\u015fl\u0259rd\u0259&hellip;","_links":{"self":[{"href":"https:\/\/arantv.az\/index.php?rest_route=\/wp\/v2\/posts\/406827"}],"collection":[{"href":"https:\/\/arantv.az\/index.php?rest_route=\/wp\/v2\/posts"}],"about":[{"href":"https:\/\/arantv.az\/index.php?rest_route=\/wp\/v2\/types\/post"}],"author":[{"embeddable":true,"href":"https:\/\/arantv.az\/index.php?rest_route=\/wp\/v2\/users\/2"}],"replies":[{"embeddable":true,"href":"https:\/\/arantv.az\/index.php?rest_route=%2Fwp%2Fv2%2Fcomments&post=406827"}],"version-history":[{"count":0,"href":"https:\/\/arantv.az\/index.php?rest_route=\/wp\/v2\/posts\/406827\/revisions"}],"wp:featuredmedia":[{"embeddable":true,"href":"https:\/\/arantv.az\/index.php?rest_route=\/wp\/v2\/media\/406828"}],"wp:attachment":[{"href":"https:\/\/arantv.az\/index.php?rest_route=%2Fwp%2Fv2%2Fmedia&parent=406827"}],"wp:term":[{"taxonomy":"category","embeddable":true,"href":"https:\/\/arantv.az\/index.php?rest_route=%2Fwp%2Fv2%2Fcategories&post=406827"},{"taxonomy":"post_tag","embeddable":true,"href":"https:\/\/arantv.az\/index.php?rest_route=%2Fwp%2Fv2%2Ftags&post=406827"}],"curies":[{"name":"wp","href":"https:\/\/api.w.org\/{rel}","templated":true}]}}