{"id":406830,"date":"2021-11-22T13:27:47","date_gmt":"2021-11-22T10:27:47","guid":{"rendered":"http:\/\/arantv.az\/?p=406830"},"modified":"2021-11-22T13:27:47","modified_gmt":"2021-11-22T10:27:47","slug":"az%c9%99rbaycanda-pensiyaya-cixmaq-ist%c9%99y%c9%99nl%c9%99rin-n%c9%99z%c9%99rin%c9%99-m%c9%99bl%c9%99g-artdi-video","status":"publish","type":"post","link":"https:\/\/arantv.az\/?p=406830","title":{"rendered":"Az\u0259rbaycanda pensiyaya \u00e7\u0131xmaq ist\u0259y\u0259nl\u0259rin n\u0259z\u0259rin\u0259 &#8211; M\u0259bl\u0259\u011f artd\u0131 &#8211; V\u0130DEO"},"content":{"rendered":"<p>Az\u0259rbaycanda h\u0259r il minimum pensiya art\u0131r v\u0259 bu art\u0131ma uy\u011fun olaraq pensiya kapital\u0131 \u00fc\u00e7\u00fcn n\u0259z\u0259rd\u0259 tutulan m\u0259bl\u0259\u011f d\u0259 art\u0131r. \u00c7\u00fcnki minimun pensiya kapital\u0131 144 ayl\u0131q minimum pensiya m\u0259bl\u0259\u011fin\u0259 b\u0259rab\u0259rdir. Milli M\u0259clisin b\u00fcdc\u0259 m\u00fczakir\u0259l\u0259rind\u0259 pensiya kapital\u0131 il\u0259 ba\u011fl\u0131 t\u0259klifl\u0259r verilib.<\/p>\n<p>ARANTV.AZ X\u0259z\u0259r TV-y\u0259 istinad\u0259n x\u0259b\u0259r verir ki, m\u00f6vcud qanunvericiliy\u0259 \u0259sas\u0259n, Az\u0259rbaycanda orta pensiya m\u00fcdd\u0259ti 12 il n\u0259z\u0259rd\u0259 tutulur. V\u0259t\u0259nda\u015f\u0131n pensiya kapital\u0131 da hesablanark\u0259n m\u0259hz 12 il m\u00fcdd\u0259ti \u0259sas meyar kimi g\u00f6t\u00fcr\u00fcl\u00fcr. Pensiyalar\u0131n verilm\u0259si ayl\u0131q hesab\u0131yla ifad\u0259 olundu\u011fu \u00fc\u00e7\u00fcn 12 il m\u00fcdd\u0259ti 12 aya vurulur v\u0259 orta pensiya m\u00fcdd\u0259ti 144 ay q\u0259bul edilir. Bu hesabla minimum pensiya 200 manat olduqda pensiya kapital\u0131 da 28 min 800 manata b\u0259rab\u0259r olur. V\u0259t\u0259nda\u015f 28 min 800 manat pensiya kapital\u0131 y\u0131\u011fd\u0131qdan sonra minimum pensiya almaq h\u00fcququna malik olur. H\u0259r il minimum pensiyan\u0131n art\u0131m\u0131 fonunda bu alqoritm\u0259 \u0259sas\u0259n pensiya kapital\u0131 \u00fc\u00e7\u00fcn n\u0259z\u0259rd\u0259 tutulan m\u0259bl\u0259\u011f d\u0259 art\u0131r. Mill\u0259t v\u0259kili V\u00fcqar Bayramov deyir ki, v\u0259t\u0259nda\u015fdan t\u0259l\u0259b olunan minimum pensiya kapital\u0131 m\u0259bl\u0259\u011finin h\u0259r il daha da y\u00fcks\u0259lm\u0259m\u0259si \u00fc\u00e7\u00fcn t\u0259klifl\u0259r haz\u0131rlan\u0131b.<\/p>\n<p>Mill\u0259t v\u0259kili deyir ki, etdikl\u0259ri bu t\u0259klifl\u0259 ba\u011fl\u0131 bir \u00e7ox \u00f6lk\u0259l\u0259rd\u0259 mexanizml\u0259r d\u0259 m\u00f6vcuddur. Bu t\u0259klif q\u0259bul olunaca\u011f\u0131 t\u0259qdird\u0259, v\u0259t\u0259nda\u015f pensiya ya\u015f\u0131na \u00e7atana q\u0259d\u0259r n\u0259 q\u0259d\u0259r pensiya kapital\u0131 y\u0131\u011fmal\u0131 oldu\u011funu \u0259vv\u0259lc\u0259d\u0259n bil\u0259c\u0259k. Minimum pensiya m\u0259bl\u0259\u011find\u0259n as\u0131l\u0131 olaraq artan pensiya kapital\u0131 t\u0259l\u0259bi is\u0259 bir sual\u0131 da aktualla\u015fd\u0131r\u0131r. T\u0259l\u0259b olunan pensiya kapital\u0131n\u0131 y\u0131\u011fa bilm\u0259y\u0259n v\u0259 pensiya ya\u015f\u0131na \u00e7atm\u0131\u015f v\u0259t\u0259nda\u015f nec\u0259 pensiya alacaq?<\/p>\n<p>Qeyd ed\u0259k ki, n\u00f6vb\u0259ti il \u00fc\u00e7\u00fcn minimum pensiya m\u0259bl\u0259\u011finin 240 manata qald\u0131r\u0131lmas\u0131 planla\u015fd\u0131r\u0131l\u0131r. Bu da o dem\u0259kdir ki, pensiya kapital\u0131na t\u0259l\u0259b 34 min 560 manat olacaq ki, bu da 5760 manat art\u0131q v\u0259sait toplamaq dem\u0259kdir. M\u00f6vcud qanunvericilik d\u0259yi\u015fm\u0259s\u0259, minimum pensiya m\u0259bl\u0259\u011fi artd\u0131qca pensiya kapital\u0131na t\u0259l\u0259b d\u0259 artacaq.<\/p>\n<div class=\"article_text\"><iframe loading=\"lazy\" src=\"https:\/\/daytube.az\/embed\/118940\" width=\"670\" height=\"400\" frameborder=\"0\" allowfullscreen=\"allowfullscreen\" data-mce-fragment=\"1\"><\/iframe><\/div>\n<p>&nbsp;<\/p>\n","protected":false},"excerpt":{"rendered":"<p>Az\u0259rbaycanda h\u0259r il minimum pensiya art\u0131r v\u0259 bu art\u0131ma uy\u011fun olaraq pensiya kapital\u0131 \u00fc\u00e7\u00fcn n\u0259z\u0259rd\u0259 tutulan m\u0259bl\u0259\u011f d\u0259 art\u0131r. \u00c7\u00fcnki minimun pensiya kapital\u0131 144 ayl\u0131q minimum pensiya m\u0259bl\u0259\u011fin\u0259 b\u0259rab\u0259rdir. Milli M\u0259clisin b\u00fcdc\u0259 m\u00fczakir\u0259l\u0259rind\u0259 pensiya kapital\u0131 il\u0259 ba\u011fl\u0131 t\u0259klifl\u0259r verilib. ARANTV.AZ X\u0259z\u0259r TV-y\u0259 istinad\u0259n x\u0259b\u0259r verir ki, m\u00f6vcud qanunvericiliy\u0259 \u0259sas\u0259n, Az\u0259rbaycanda orta pensiya m\u00fcdd\u0259ti 12 il n\u0259z\u0259rd\u0259 tutulur. V\u0259t\u0259nda\u015f\u0131n pensiya kapital\u0131 da hesablanark\u0259n m\u0259hz 12 il m\u00fcdd\u0259ti \u0259sas meyar kimi g\u00f6t\u00fcr\u00fcl\u00fcr. Pensiyalar\u0131n verilm\u0259si ayl\u0131q hesab\u0131yla ifad\u0259 olundu\u011fu \u00fc\u00e7\u00fcn 12 il m\u00fcdd\u0259ti 12 aya vurulur v\u0259 orta pensiya m\u00fcdd\u0259ti 144 ay q\u0259bul&hellip;<\/p>\n","protected":false},"author":2,"featured_media":406831,"comment_status":"closed","ping_status":"closed","sticky":false,"template":"","format":"standard","meta":{"om_disable_all_campaigns":false,"_monsterinsights_skip_tracking":false,"_monsterinsights_sitenote_active":false,"_monsterinsights_sitenote_note":"","_monsterinsights_sitenote_category":0},"categories":[26],"tags":[],"aioseo_notices":[],"gutentor_comment":0,"rttpg_featured_image_url":{"full":["https:\/\/arantv.az\/wp-content\/uploads\/2021\/11\/valyuta_manat_0125-1.jpg",800,600,false],"landscape":["https:\/\/arantv.az\/wp-content\/uploads\/2021\/11\/valyuta_manat_0125-1.jpg",800,600,false],"portraits":["https:\/\/arantv.az\/wp-content\/uploads\/2021\/11\/valyuta_manat_0125-1.jpg",800,600,false],"thumbnail":["https:\/\/arantv.az\/wp-content\/uploads\/2021\/11\/valyuta_manat_0125-1-500x280.jpg",500,280,true],"medium":["https:\/\/arantv.az\/wp-content\/uploads\/2021\/11\/valyuta_manat_0125-1-487x365.jpg",487,365,true],"large":["https:\/\/arantv.az\/wp-content\/uploads\/2021\/11\/valyuta_manat_0125-1.jpg",640,480,false],"1536x1536":["https:\/\/arantv.az\/wp-content\/uploads\/2021\/11\/valyuta_manat_0125-1.jpg",800,600,false],"2048x2048":["https:\/\/arantv.az\/wp-content\/uploads\/2021\/11\/valyuta_manat_0125-1.jpg",800,600,false],"post-thumbnail":["https:\/\/arantv.az\/wp-content\/uploads\/2021\/11\/valyuta_manat_0125-1-240x172.jpg",240,172,true],"advps-thumb-one":["https:\/\/arantv.az\/wp-content\/uploads\/2021\/11\/valyuta_manat_0125-1.jpg",800,600,false]},"rttpg_author":{"display_name":"V\u00fcsal Rafiqo\u011flu","author_link":"https:\/\/arantv.az\/?author=2"},"rttpg_comment":0,"rttpg_category":"<a href=\"https:\/\/arantv.az\/?cat=26\" rel=\"category\">Sosial<\/a>","rttpg_excerpt":"Az\u0259rbaycanda h\u0259r il minimum pensiya art\u0131r v\u0259 bu art\u0131ma uy\u011fun olaraq pensiya kapital\u0131 \u00fc\u00e7\u00fcn n\u0259z\u0259rd\u0259 tutulan m\u0259bl\u0259\u011f d\u0259 art\u0131r. \u00c7\u00fcnki minimun pensiya kapital\u0131 144 ayl\u0131q minimum pensiya m\u0259bl\u0259\u011fin\u0259 b\u0259rab\u0259rdir. Milli M\u0259clisin b\u00fcdc\u0259 m\u00fczakir\u0259l\u0259rind\u0259 pensiya kapital\u0131 il\u0259 ba\u011fl\u0131 t\u0259klifl\u0259r verilib. ARANTV.AZ X\u0259z\u0259r TV-y\u0259 istinad\u0259n x\u0259b\u0259r verir ki, m\u00f6vcud qanunvericiliy\u0259 \u0259sas\u0259n, Az\u0259rbaycanda orta pensiya m\u00fcdd\u0259ti 12 il&hellip;","_links":{"self":[{"href":"https:\/\/arantv.az\/index.php?rest_route=\/wp\/v2\/posts\/406830"}],"collection":[{"href":"https:\/\/arantv.az\/index.php?rest_route=\/wp\/v2\/posts"}],"about":[{"href":"https:\/\/arantv.az\/index.php?rest_route=\/wp\/v2\/types\/post"}],"author":[{"embeddable":true,"href":"https:\/\/arantv.az\/index.php?rest_route=\/wp\/v2\/users\/2"}],"replies":[{"embeddable":true,"href":"https:\/\/arantv.az\/index.php?rest_route=%2Fwp%2Fv2%2Fcomments&post=406830"}],"version-history":[{"count":0,"href":"https:\/\/arantv.az\/index.php?rest_route=\/wp\/v2\/posts\/406830\/revisions"}],"wp:featuredmedia":[{"embeddable":true,"href":"https:\/\/arantv.az\/index.php?rest_route=\/wp\/v2\/media\/406831"}],"wp:attachment":[{"href":"https:\/\/arantv.az\/index.php?rest_route=%2Fwp%2Fv2%2Fmedia&parent=406830"}],"wp:term":[{"taxonomy":"category","embeddable":true,"href":"https:\/\/arantv.az\/index.php?rest_route=%2Fwp%2Fv2%2Fcategories&post=406830"},{"taxonomy":"post_tag","embeddable":true,"href":"https:\/\/arantv.az\/index.php?rest_route=%2Fwp%2Fv2%2Ftags&post=406830"}],"curies":[{"name":"wp","href":"https:\/\/api.w.org\/{rel}","templated":true}]}}