{"id":406836,"date":"2021-11-22T13:31:32","date_gmt":"2021-11-22T10:31:32","guid":{"rendered":"http:\/\/arantv.az\/?p=406836"},"modified":"2021-11-22T13:31:32","modified_gmt":"2021-11-22T10:31:32","slug":"19-s%c9%99hidin-xatir%c9%99si-%c9%99b%c9%99dil%c9%99sdirilib-video","status":"publish","type":"post","link":"https:\/\/arantv.az\/?p=406836","title":{"rendered":"19 \u015f\u0259hidin xatir\u0259si \u0259b\u0259dil\u0259\u015fdirilib &#8211; V\u0130DEO"},"content":{"rendered":"<div class=\"article_text\">\n<p>Quban\u0131n Alpan k\u0259ndind\u0259 \u015f\u0259hidl\u0259rin xatir\u0259sin\u0259 in\u015fa edil\u0259n abid\u0259 kompleksinin a\u00e7\u0131l\u0131\u015f\u0131 oldu. A\u00e7\u0131l\u0131\u015f m\u0259rasimind\u0259 Quba rayon icra hakimiyy\u0259tinin r\u0259hb\u0259rliyi, T\u00fcrkiy\u0259 M\u00fcst\u0259qil S\u0259naye\u00e7i \u0130\u015f Adamlar\u0131 d\u0259rn\u0259yinin n\u00fcmay\u0259nd\u0259l\u0259ri, \u015f\u0259hid valideynl\u0259ri v\u0259 k\u0259nd sakinl\u0259ri i\u015ftirak etdi. \u00c7\u0131x\u0131\u015f ed\u0259nl\u0259r \u00f6t\u0259n il sentyabr\u0131n 27-d\u0259 ba\u015flanan v\u0259 tarix\u0259 44 g\u00fcnl\u00fck m\u00fcharib\u0259 kimi d\u00fc\u015f\u0259n V\u0259t\u0259n m\u00fcharib\u0259sind\u0259n, Az\u0259rbaycan Ordusunun q\u0259hr\u0259manl\u0131\u011f\u0131ndan, qazand\u0131\u011f\u0131 \u015fanl\u0131 Q\u0259l\u0259b\u0259d\u0259n, \u015f\u0259hidl\u0259rin g\u0259ncl\u0259r\u0259 n\u00fcmun\u0259 olan q\u0131sa, lakin \u015f\u0259r\u0259fli \u00f6m\u00fcr yolundan dan\u0131\u015fd\u0131lar. V\u0259t\u0259n m\u00fcharib\u0259sind\u0259 \u015f\u0259hidl\u0259rin qan\u0131n\u0131n yerd\u0259 qalmad\u0131\u011f\u0131, M\u00fcz\u0259ff\u0259r Ali Ba\u015f Komandan \u0130lham \u018fliyevin r\u0259hb\u0259rliyi il\u0259 torpaqlar\u0131m\u0131z\u0131n i\u015f\u011faldan azad edildiyi, b\u00f6y\u00fck Q\u0259l\u0259b\u0259nin tarixi \u0259h\u0259miyy\u0259ti x\u00fcsusi qeyd edildi. M\u0259rasimd\u0259 m\u0259kt\u0259blil\u0259rin ifas\u0131nda v\u0259t\u0259np\u0259rv\u0259rliy\u0259, q\u0259hr\u0259manl\u0131\u011fa h\u0259sr edil\u0259n mahn\u0131 v\u0259 \u015feirl\u0259r s\u0259sl\u0259ndirildi. Daha sonra abid\u0259nin a\u00e7\u0131l\u0131\u015f\u0131 oldu.<\/p>\n<p>Milli.Az Real TV-y\u0259\u00a0istinad\u0259n x\u0259b\u0259r\u00a0verir ki,\u00a0abid\u0259 kompleksind\u0259 19 n\u0259f\u0259r \u015f\u0259hidin b\u00fcst\u00fc qoyulub. Onlardan 16 n\u0259f\u0259ri birinci Qaraba\u011f, 3 n\u0259f\u0259r is\u0259 V\u0259t\u0259n M\u00fcharib\u0259sind\u0259 \u015f\u0259had\u0259t\u0259 y\u00fcks\u0259lib. Abid\u0259nin tikintisin\u0259 \u015f\u0259hid valideynl\u0259ri Muxtar Murtuzov v\u0259 Vidadi Balayevin t\u0259\u015f\u0259bb\u00fcs\u00fc il\u0259 ba\u015flan\u0131l\u0131b. Daha sonra bu t\u0259\u015f\u0259bb\u00fcs\u0259 Quba R\u0130H-nin r\u0259hb\u0259rliyi v\u0259 k\u0259nd sakinl\u0259ri qo\u015fulub.<\/p>\n<p>Alpan k\u0259nd sakinl\u0259ri is\u0259 hesab edir ki, \u015f\u0259hidl\u0259rin \u0259ziz xatir\u0259sin\u0259 ucald\u0131lan abid\u0259 h\u0259m d\u0259 g\u0259nc n\u0259silin v\u0259t\u0259np\u0259rv\u0259r ruhda b\u00f6y\u00fcm\u0259sind\u0259 m\u00fcst\u0259sna rola malikdir.<\/p>\n<p>Onu da bildir\u0259k ki, Alpan k\u0259ndi Quba rayonunda torpaqlar\u0131m\u0131z\u0131n \u0259razi b\u00fctovl\u00fcy\u00fc u\u011frunda \u0259n \u00e7ox \u015f\u0259hid ver\u0259n ya\u015fay\u0131\u015f m\u0259nt\u0259q\u0259l\u0259rind\u0259n biridir. Birinci Qaraba\u011f v\u0259 V\u0259t\u0259n M\u00fcharib\u0259sind\u0259 bu k\u0259ndd\u0259n 23 n\u0259f\u0259r q\u0259hr\u0259man \u015f\u0259hid olub.<\/p>\n<p>&nbsp;<\/p>\n<div>\n<div id=\"AdviadNativeVideo0\" class=\"AdviadNativeVideo\"><\/div>\n<\/div>\n<p><iframe loading=\"lazy\" src=\"https:\/\/daytube.az\/az\/embed\/118962\" width=\"670\" height=\"400\" frameborder=\"0\" allowfullscreen=\"allowfullscreen\" data-mce-fragment=\"1\"><\/iframe><\/div>\n","protected":false},"excerpt":{"rendered":"<p>Quban\u0131n Alpan k\u0259ndind\u0259 \u015f\u0259hidl\u0259rin xatir\u0259sin\u0259 in\u015fa edil\u0259n abid\u0259 kompleksinin a\u00e7\u0131l\u0131\u015f\u0131 oldu. A\u00e7\u0131l\u0131\u015f m\u0259rasimind\u0259 Quba rayon icra hakimiyy\u0259tinin r\u0259hb\u0259rliyi, T\u00fcrkiy\u0259 M\u00fcst\u0259qil S\u0259naye\u00e7i \u0130\u015f Adamlar\u0131 d\u0259rn\u0259yinin n\u00fcmay\u0259nd\u0259l\u0259ri, \u015f\u0259hid valideynl\u0259ri v\u0259 k\u0259nd sakinl\u0259ri i\u015ftirak etdi. \u00c7\u0131x\u0131\u015f ed\u0259nl\u0259r \u00f6t\u0259n il sentyabr\u0131n 27-d\u0259 ba\u015flanan v\u0259 tarix\u0259 44 g\u00fcnl\u00fck m\u00fcharib\u0259 kimi d\u00fc\u015f\u0259n V\u0259t\u0259n m\u00fcharib\u0259sind\u0259n, Az\u0259rbaycan Ordusunun q\u0259hr\u0259manl\u0131\u011f\u0131ndan, qazand\u0131\u011f\u0131 \u015fanl\u0131 Q\u0259l\u0259b\u0259d\u0259n, \u015f\u0259hidl\u0259rin g\u0259ncl\u0259r\u0259 n\u00fcmun\u0259 olan q\u0131sa, lakin \u015f\u0259r\u0259fli \u00f6m\u00fcr yolundan dan\u0131\u015fd\u0131lar. V\u0259t\u0259n m\u00fcharib\u0259sind\u0259 \u015f\u0259hidl\u0259rin qan\u0131n\u0131n yerd\u0259 qalmad\u0131\u011f\u0131, M\u00fcz\u0259ff\u0259r Ali Ba\u015f Komandan \u0130lham \u018fliyevin r\u0259hb\u0259rliyi il\u0259 torpaqlar\u0131m\u0131z\u0131n i\u015f\u011faldan azad edildiyi, b\u00f6y\u00fck Q\u0259l\u0259b\u0259nin tarixi \u0259h\u0259miyy\u0259ti x\u00fcsusi qeyd edildi. M\u0259rasimd\u0259&hellip;<\/p>\n","protected":false},"author":2,"featured_media":406837,"comment_status":"closed","ping_status":"closed","sticky":false,"template":"","format":"standard","meta":{"om_disable_all_campaigns":false,"_monsterinsights_skip_tracking":false,"_monsterinsights_sitenote_active":false,"_monsterinsights_sitenote_note":"","_monsterinsights_sitenote_category":0},"categories":[2],"tags":[],"aioseo_notices":[],"gutentor_comment":0,"rttpg_featured_image_url":{"full":["https:\/\/arantv.az\/wp-content\/uploads\/2021\/11\/997647.jpg",800,600,false],"landscape":["https:\/\/arantv.az\/wp-content\/uploads\/2021\/11\/997647.jpg",800,600,false],"portraits":["https:\/\/arantv.az\/wp-content\/uploads\/2021\/11\/997647.jpg",800,600,false],"thumbnail":["https:\/\/arantv.az\/wp-content\/uploads\/2021\/11\/997647-500x280.jpg",500,280,true],"medium":["https:\/\/arantv.az\/wp-content\/uploads\/2021\/11\/997647-487x365.jpg",487,365,true],"large":["https:\/\/arantv.az\/wp-content\/uploads\/2021\/11\/997647.jpg",640,480,false],"1536x1536":["https:\/\/arantv.az\/wp-content\/uploads\/2021\/11\/997647.jpg",800,600,false],"2048x2048":["https:\/\/arantv.az\/wp-content\/uploads\/2021\/11\/997647.jpg",800,600,false],"post-thumbnail":["https:\/\/arantv.az\/wp-content\/uploads\/2021\/11\/997647-240x172.jpg",240,172,true],"advps-thumb-one":["https:\/\/arantv.az\/wp-content\/uploads\/2021\/11\/997647.jpg",800,600,false]},"rttpg_author":{"display_name":"V\u00fcsal Rafiqo\u011flu","author_link":"https:\/\/arantv.az\/?author=2"},"rttpg_comment":0,"rttpg_category":"<a href=\"https:\/\/arantv.az\/?cat=2\" rel=\"category\">Region X\u0259b\u0259rl\u0259ri<\/a>","rttpg_excerpt":"Quban\u0131n Alpan k\u0259ndind\u0259 \u015f\u0259hidl\u0259rin xatir\u0259sin\u0259 in\u015fa edil\u0259n abid\u0259 kompleksinin a\u00e7\u0131l\u0131\u015f\u0131 oldu. A\u00e7\u0131l\u0131\u015f m\u0259rasimind\u0259 Quba rayon icra hakimiyy\u0259tinin r\u0259hb\u0259rliyi, T\u00fcrkiy\u0259 M\u00fcst\u0259qil S\u0259naye\u00e7i \u0130\u015f Adamlar\u0131 d\u0259rn\u0259yinin n\u00fcmay\u0259nd\u0259l\u0259ri, \u015f\u0259hid valideynl\u0259ri v\u0259 k\u0259nd sakinl\u0259ri i\u015ftirak etdi. \u00c7\u0131x\u0131\u015f ed\u0259nl\u0259r \u00f6t\u0259n il sentyabr\u0131n 27-d\u0259 ba\u015flanan v\u0259 tarix\u0259 44 g\u00fcnl\u00fck m\u00fcharib\u0259 kimi d\u00fc\u015f\u0259n V\u0259t\u0259n m\u00fcharib\u0259sind\u0259n, Az\u0259rbaycan Ordusunun q\u0259hr\u0259manl\u0131\u011f\u0131ndan, qazand\u0131\u011f\u0131 \u015fanl\u0131 Q\u0259l\u0259b\u0259d\u0259n, \u015f\u0259hidl\u0259rin&hellip;","_links":{"self":[{"href":"https:\/\/arantv.az\/index.php?rest_route=\/wp\/v2\/posts\/406836"}],"collection":[{"href":"https:\/\/arantv.az\/index.php?rest_route=\/wp\/v2\/posts"}],"about":[{"href":"https:\/\/arantv.az\/index.php?rest_route=\/wp\/v2\/types\/post"}],"author":[{"embeddable":true,"href":"https:\/\/arantv.az\/index.php?rest_route=\/wp\/v2\/users\/2"}],"replies":[{"embeddable":true,"href":"https:\/\/arantv.az\/index.php?rest_route=%2Fwp%2Fv2%2Fcomments&post=406836"}],"version-history":[{"count":0,"href":"https:\/\/arantv.az\/index.php?rest_route=\/wp\/v2\/posts\/406836\/revisions"}],"wp:featuredmedia":[{"embeddable":true,"href":"https:\/\/arantv.az\/index.php?rest_route=\/wp\/v2\/media\/406837"}],"wp:attachment":[{"href":"https:\/\/arantv.az\/index.php?rest_route=%2Fwp%2Fv2%2Fmedia&parent=406836"}],"wp:term":[{"taxonomy":"category","embeddable":true,"href":"https:\/\/arantv.az\/index.php?rest_route=%2Fwp%2Fv2%2Fcategories&post=406836"},{"taxonomy":"post_tag","embeddable":true,"href":"https:\/\/arantv.az\/index.php?rest_route=%2Fwp%2Fv2%2Ftags&post=406836"}],"curies":[{"name":"wp","href":"https:\/\/api.w.org\/{rel}","templated":true}]}}