{"id":406879,"date":"2021-11-22T15:07:39","date_gmt":"2021-11-22T12:07:39","guid":{"rendered":"http:\/\/arantv.az\/?p=406879"},"modified":"2021-11-22T15:07:39","modified_gmt":"2021-11-22T12:07:39","slug":"az%c9%99rbaycan-vatikanda-s%c9%99firlik-acir-s%c9%99r%c9%99ncam","status":"publish","type":"post","link":"https:\/\/arantv.az\/?p=406879","title":{"rendered":"Az\u0259rbaycan Vatikanda s\u0259firlik a\u00e7\u0131r &#8211; S\u018fR\u018fNCAM"},"content":{"rendered":"<p>Prezident \u0130lham \u018fliyev\u00a0Az\u0259rbaycan Respublikas\u0131n\u0131n M\u00fcq\u0259dd\u0259s Taxt-Tacda S\u0259firliyinin t\u0259sis edilm\u0259si haqq\u0131nda qanunu imzalay\u0131b.<\/p>\n<p>Bu bar\u0259d\u0259\u00a0<a href=\"https:\/\/azertag.az\/xeber\/Azerbaycan_Respublikasinin_Muqeddes_Taxt_Tacda_Sefirliyinin_fealiyyetinin_temin_edilmesi_haqqinda_Azerbaycan_Respublikasi_Prezidentinin_Serencami-1932146\" target=\"_blank\" rel=\"noopener\">AZ\u018fRTAC<\/a>\u00a0m\u0259lumat yay\u0131b.<\/p>\n<p>S\u0259n\u0259d\u0259 \u0259sas\u0259n, Az\u0259rbaycan Respublikas\u0131n\u0131n M\u00fcq\u0259dd\u0259s Taxt-Tacda S\u0259firliyi t\u0259sis edilir.<\/p>\n<div id=\"AdviadNativeVideo0\" class=\"AdviadNativeVideo\"><\/div>\n<p>Bundan ba\u015fqa, Prezident Az\u0259rbaycan Respublikas\u0131n\u0131n M\u00fcq\u0259dd\u0259s Taxt-Tacda S\u0259firliyinin f\u0259aliyy\u0259tinin t\u0259min edilm\u0259si haqq\u0131nda s\u0259r\u0259ncam imzalay\u0131b.<\/p>\n<p>S\u0259r\u0259ncamda deyilir:<\/p>\n<p>Az\u0259rbaycan Respublikas\u0131 Konstitusiyas\u0131n\u0131n 109-cu madd\u0259sinin 32-ci b\u0259ndini r\u0259hb\u0259r tutaraq, Az\u0259rbaycan Respublikas\u0131n\u0131n M\u00fcq\u0259dd\u0259s Taxt-Tacda S\u0259firliyinin f\u0259aliyy\u0259tinin t\u0259min edilm\u0259si m\u0259qs\u0259dil\u0259 q\u0259rara al\u0131ram:<\/p>\n<p>1. Az\u0259rbaycan Respublikas\u0131n\u0131n Nazirl\u0259r Kabineti:<\/p>\n<p>1.1. Az\u0259rbaycan Respublikas\u0131n\u0131n M\u00fcq\u0259dd\u0259s Taxt-Tacda S\u0259firliyinin f\u0259aliyy\u0259tinin t\u0259min edilm\u0259si il\u0259 ba\u011fl\u0131 maddi-texniki t\u0259chizat v\u0259 maliyy\u0259l\u0259\u015fdirilm\u0259 m\u0259s\u0259l\u0259l\u0259rini h\u0259ll etsin;<\/p>\n<p>1.2. bu S\u0259r\u0259ncamdan ir\u0259li g\u0259l\u0259n dig\u0259r m\u0259s\u0259l\u0259l\u0259ri h\u0259ll etsin.<\/p>\n<p>2. Az\u0259rbaycan Respublikas\u0131n\u0131n Xarici \u0130\u015fl\u0259r Nazirliyi S\u0259firliyin strukturunu v\u0259 \u015ftat c\u0259dv\u0259lini t\u0259sdiq etsin.<\/p>\n","protected":false},"excerpt":{"rendered":"<p>Prezident \u0130lham \u018fliyev\u00a0Az\u0259rbaycan Respublikas\u0131n\u0131n M\u00fcq\u0259dd\u0259s Taxt-Tacda S\u0259firliyinin t\u0259sis edilm\u0259si haqq\u0131nda qanunu imzalay\u0131b. Bu bar\u0259d\u0259\u00a0AZ\u018fRTAC\u00a0m\u0259lumat yay\u0131b. S\u0259n\u0259d\u0259 \u0259sas\u0259n, Az\u0259rbaycan Respublikas\u0131n\u0131n M\u00fcq\u0259dd\u0259s Taxt-Tacda S\u0259firliyi t\u0259sis edilir. Bundan ba\u015fqa, Prezident Az\u0259rbaycan Respublikas\u0131n\u0131n M\u00fcq\u0259dd\u0259s Taxt-Tacda S\u0259firliyinin f\u0259aliyy\u0259tinin t\u0259min edilm\u0259si haqq\u0131nda s\u0259r\u0259ncam imzalay\u0131b. S\u0259r\u0259ncamda deyilir: Az\u0259rbaycan Respublikas\u0131 Konstitusiyas\u0131n\u0131n 109-cu madd\u0259sinin 32-ci b\u0259ndini r\u0259hb\u0259r tutaraq, Az\u0259rbaycan Respublikas\u0131n\u0131n M\u00fcq\u0259dd\u0259s Taxt-Tacda S\u0259firliyinin f\u0259aliyy\u0259tinin t\u0259min edilm\u0259si m\u0259qs\u0259dil\u0259 q\u0259rara al\u0131ram: 1. Az\u0259rbaycan Respublikas\u0131n\u0131n Nazirl\u0259r Kabineti: 1.1. Az\u0259rbaycan Respublikas\u0131n\u0131n M\u00fcq\u0259dd\u0259s Taxt-Tacda S\u0259firliyinin f\u0259aliyy\u0259tinin t\u0259min edilm\u0259si il\u0259 ba\u011fl\u0131 maddi-texniki t\u0259chizat v\u0259 maliyy\u0259l\u0259\u015fdirilm\u0259 m\u0259s\u0259l\u0259l\u0259rini h\u0259ll etsin; 1.2. bu S\u0259r\u0259ncamdan ir\u0259li g\u0259l\u0259n dig\u0259r m\u0259s\u0259l\u0259l\u0259ri&hellip;<\/p>\n","protected":false},"author":2,"featured_media":406880,"comment_status":"closed","ping_status":"closed","sticky":false,"template":"","format":"standard","meta":{"om_disable_all_campaigns":false,"_monsterinsights_skip_tracking":false,"_monsterinsights_sitenote_active":false,"_monsterinsights_sitenote_note":"","_monsterinsights_sitenote_category":0},"categories":[4],"tags":[],"aioseo_notices":[],"gutentor_comment":0,"rttpg_featured_image_url":{"full":["https:\/\/arantv.az\/wp-content\/uploads\/2021\/11\/15828790605854632683-2.jpg",620,419,false],"landscape":["https:\/\/arantv.az\/wp-content\/uploads\/2021\/11\/15828790605854632683-2.jpg",620,419,false],"portraits":["https:\/\/arantv.az\/wp-content\/uploads\/2021\/11\/15828790605854632683-2.jpg",620,419,false],"thumbnail":["https:\/\/arantv.az\/wp-content\/uploads\/2021\/11\/15828790605854632683-2-500x280.jpg",500,280,true],"medium":["https:\/\/arantv.az\/wp-content\/uploads\/2021\/11\/15828790605854632683-2-540x365.jpg",540,365,true],"large":["https:\/\/arantv.az\/wp-content\/uploads\/2021\/11\/15828790605854632683-2.jpg",620,419,false],"1536x1536":["https:\/\/arantv.az\/wp-content\/uploads\/2021\/11\/15828790605854632683-2.jpg",620,419,false],"2048x2048":["https:\/\/arantv.az\/wp-content\/uploads\/2021\/11\/15828790605854632683-2.jpg",620,419,false],"post-thumbnail":["https:\/\/arantv.az\/wp-content\/uploads\/2021\/11\/15828790605854632683-2-240x172.jpg",240,172,true],"advps-thumb-one":["https:\/\/arantv.az\/wp-content\/uploads\/2021\/11\/15828790605854632683-2.jpg",620,419,false]},"rttpg_author":{"display_name":"V\u00fcsal Rafiqo\u011flu","author_link":"https:\/\/arantv.az\/?author=2"},"rttpg_comment":0,"rttpg_category":"<a href=\"https:\/\/arantv.az\/?cat=4\" rel=\"category\">Siyas\u0259t<\/a>","rttpg_excerpt":"Prezident \u0130lham \u018fliyev\u00a0Az\u0259rbaycan Respublikas\u0131n\u0131n M\u00fcq\u0259dd\u0259s Taxt-Tacda S\u0259firliyinin t\u0259sis edilm\u0259si haqq\u0131nda qanunu imzalay\u0131b. Bu bar\u0259d\u0259\u00a0AZ\u018fRTAC\u00a0m\u0259lumat yay\u0131b. S\u0259n\u0259d\u0259 \u0259sas\u0259n, Az\u0259rbaycan Respublikas\u0131n\u0131n M\u00fcq\u0259dd\u0259s Taxt-Tacda S\u0259firliyi t\u0259sis edilir. Bundan ba\u015fqa, Prezident Az\u0259rbaycan Respublikas\u0131n\u0131n M\u00fcq\u0259dd\u0259s Taxt-Tacda S\u0259firliyinin f\u0259aliyy\u0259tinin t\u0259min edilm\u0259si haqq\u0131nda s\u0259r\u0259ncam imzalay\u0131b. S\u0259r\u0259ncamda deyilir: Az\u0259rbaycan Respublikas\u0131 Konstitusiyas\u0131n\u0131n 109-cu madd\u0259sinin 32-ci b\u0259ndini r\u0259hb\u0259r tutaraq, Az\u0259rbaycan Respublikas\u0131n\u0131n M\u00fcq\u0259dd\u0259s Taxt-Tacda S\u0259firliyinin f\u0259aliyy\u0259tinin&hellip;","_links":{"self":[{"href":"https:\/\/arantv.az\/index.php?rest_route=\/wp\/v2\/posts\/406879"}],"collection":[{"href":"https:\/\/arantv.az\/index.php?rest_route=\/wp\/v2\/posts"}],"about":[{"href":"https:\/\/arantv.az\/index.php?rest_route=\/wp\/v2\/types\/post"}],"author":[{"embeddable":true,"href":"https:\/\/arantv.az\/index.php?rest_route=\/wp\/v2\/users\/2"}],"replies":[{"embeddable":true,"href":"https:\/\/arantv.az\/index.php?rest_route=%2Fwp%2Fv2%2Fcomments&post=406879"}],"version-history":[{"count":0,"href":"https:\/\/arantv.az\/index.php?rest_route=\/wp\/v2\/posts\/406879\/revisions"}],"wp:featuredmedia":[{"embeddable":true,"href":"https:\/\/arantv.az\/index.php?rest_route=\/wp\/v2\/media\/406880"}],"wp:attachment":[{"href":"https:\/\/arantv.az\/index.php?rest_route=%2Fwp%2Fv2%2Fmedia&parent=406879"}],"wp:term":[{"taxonomy":"category","embeddable":true,"href":"https:\/\/arantv.az\/index.php?rest_route=%2Fwp%2Fv2%2Fcategories&post=406879"},{"taxonomy":"post_tag","embeddable":true,"href":"https:\/\/arantv.az\/index.php?rest_route=%2Fwp%2Fv2%2Ftags&post=406879"}],"curies":[{"name":"wp","href":"https:\/\/api.w.org\/{rel}","templated":true}]}}