{"id":406890,"date":"2021-11-22T15:12:52","date_gmt":"2021-11-22T12:12:52","guid":{"rendered":"http:\/\/arantv.az\/?p=406890"},"modified":"2021-11-22T15:12:52","modified_gmt":"2021-11-22T12:12:52","slug":"amnistiya-indiy%c9%99d%c9%99k-1300-d%c9%99k-s%c9%99xs%c9%99-samil-olunub","status":"publish","type":"post","link":"https:\/\/arantv.az\/?p=406890","title":{"rendered":"Amnistiya indiy\u0259d\u0259k 1300-d\u0259k \u015f\u0259xs\u0259 \u015famil olunub"},"content":{"rendered":"<p>8 Noyabr \u2013 Z\u0259f\u0259r G\u00fcn\u00fc m\u00fcnasib\u0259til\u0259 elan olunan amnistiya akt\u0131n\u0131n indiy\u0259d\u0259k ne\u00e7\u0259 n\u0259f\u0259r\u0259 \u015famil olundu\u011fu a\u00e7\u0131qlan\u0131b.<\/p>\n<p><strong>ARANTV.AZ x\u0259b\u0259r verir ki,<\/strong>\u00a0\u018fdliyy\u0259 Nazirliyinin \u0130nsan h\u00fcquqlar\u0131 v\u0259 ictimaiyy\u0259tl\u0259 \u0259laq\u0259l\u0259r idar\u0259sinin r\u0259isi\u00a0<strong>Aynur Sabitova<\/strong>\u00a0deyib ki, amnistiya indiy\u0259d\u0259k 1300-d\u0259k \u015f\u0259xs\u0259 \u015famil olunub.<\/p>\n","protected":false},"excerpt":{"rendered":"<p>8 Noyabr \u2013 Z\u0259f\u0259r G\u00fcn\u00fc m\u00fcnasib\u0259til\u0259 elan olunan amnistiya akt\u0131n\u0131n indiy\u0259d\u0259k ne\u00e7\u0259 n\u0259f\u0259r\u0259 \u015famil olundu\u011fu a\u00e7\u0131qlan\u0131b. ARANTV.AZ x\u0259b\u0259r verir ki,\u00a0\u018fdliyy\u0259 Nazirliyinin \u0130nsan h\u00fcquqlar\u0131 v\u0259 ictimaiyy\u0259tl\u0259 \u0259laq\u0259l\u0259r idar\u0259sinin r\u0259isi\u00a0Aynur Sabitova\u00a0deyib ki, amnistiya indiy\u0259d\u0259k 1300-d\u0259k \u015f\u0259xs\u0259 \u015famil olunub.<\/p>\n","protected":false},"author":2,"featured_media":406891,"comment_status":"closed","ping_status":"closed","sticky":false,"template":"","format":"standard","meta":{"om_disable_all_campaigns":false,"_monsterinsights_skip_tracking":false,"_monsterinsights_sitenote_active":false,"_monsterinsights_sitenote_note":"","_monsterinsights_sitenote_category":0},"categories":[26],"tags":[],"aioseo_notices":[],"gutentor_comment":0,"rttpg_featured_image_url":{"full":["https:\/\/arantv.az\/wp-content\/uploads\/2021\/11\/7c022d9c16290296337233973051005572.jpg",975,540,false],"landscape":["https:\/\/arantv.az\/wp-content\/uploads\/2021\/11\/7c022d9c16290296337233973051005572.jpg",975,540,false],"portraits":["https:\/\/arantv.az\/wp-content\/uploads\/2021\/11\/7c022d9c16290296337233973051005572.jpg",975,540,false],"thumbnail":["https:\/\/arantv.az\/wp-content\/uploads\/2021\/11\/7c022d9c16290296337233973051005572-500x280.jpg",500,280,true],"medium":["https:\/\/arantv.az\/wp-content\/uploads\/2021\/11\/7c022d9c16290296337233973051005572-660x365.jpg",660,365,true],"large":["https:\/\/arantv.az\/wp-content\/uploads\/2021\/11\/7c022d9c16290296337233973051005572-840x465.jpg",640,354,true],"1536x1536":["https:\/\/arantv.az\/wp-content\/uploads\/2021\/11\/7c022d9c16290296337233973051005572.jpg",975,540,false],"2048x2048":["https:\/\/arantv.az\/wp-content\/uploads\/2021\/11\/7c022d9c16290296337233973051005572.jpg",975,540,false],"post-thumbnail":["https:\/\/arantv.az\/wp-content\/uploads\/2021\/11\/7c022d9c16290296337233973051005572-240x172.jpg",240,172,true],"advps-thumb-one":["https:\/\/arantv.az\/wp-content\/uploads\/2021\/11\/7c022d9c16290296337233973051005572.jpg",975,540,false]},"rttpg_author":{"display_name":"V\u00fcsal Rafiqo\u011flu","author_link":"https:\/\/arantv.az\/?author=2"},"rttpg_comment":0,"rttpg_category":"<a href=\"https:\/\/arantv.az\/?cat=26\" rel=\"category\">Sosial<\/a>","rttpg_excerpt":"8 Noyabr \u2013 Z\u0259f\u0259r G\u00fcn\u00fc m\u00fcnasib\u0259til\u0259 elan olunan amnistiya akt\u0131n\u0131n indiy\u0259d\u0259k ne\u00e7\u0259 n\u0259f\u0259r\u0259 \u015famil olundu\u011fu a\u00e7\u0131qlan\u0131b. ARANTV.AZ x\u0259b\u0259r verir ki,\u00a0\u018fdliyy\u0259 Nazirliyinin \u0130nsan h\u00fcquqlar\u0131 v\u0259 ictimaiyy\u0259tl\u0259 \u0259laq\u0259l\u0259r idar\u0259sinin r\u0259isi\u00a0Aynur Sabitova\u00a0deyib ki, amnistiya indiy\u0259d\u0259k 1300-d\u0259k \u015f\u0259xs\u0259 \u015famil olunub.","_links":{"self":[{"href":"https:\/\/arantv.az\/index.php?rest_route=\/wp\/v2\/posts\/406890"}],"collection":[{"href":"https:\/\/arantv.az\/index.php?rest_route=\/wp\/v2\/posts"}],"about":[{"href":"https:\/\/arantv.az\/index.php?rest_route=\/wp\/v2\/types\/post"}],"author":[{"embeddable":true,"href":"https:\/\/arantv.az\/index.php?rest_route=\/wp\/v2\/users\/2"}],"replies":[{"embeddable":true,"href":"https:\/\/arantv.az\/index.php?rest_route=%2Fwp%2Fv2%2Fcomments&post=406890"}],"version-history":[{"count":0,"href":"https:\/\/arantv.az\/index.php?rest_route=\/wp\/v2\/posts\/406890\/revisions"}],"wp:featuredmedia":[{"embeddable":true,"href":"https:\/\/arantv.az\/index.php?rest_route=\/wp\/v2\/media\/406891"}],"wp:attachment":[{"href":"https:\/\/arantv.az\/index.php?rest_route=%2Fwp%2Fv2%2Fmedia&parent=406890"}],"wp:term":[{"taxonomy":"category","embeddable":true,"href":"https:\/\/arantv.az\/index.php?rest_route=%2Fwp%2Fv2%2Fcategories&post=406890"},{"taxonomy":"post_tag","embeddable":true,"href":"https:\/\/arantv.az\/index.php?rest_route=%2Fwp%2Fv2%2Ftags&post=406890"}],"curies":[{"name":"wp","href":"https:\/\/api.w.org\/{rel}","templated":true}]}}