{"id":406896,"date":"2021-11-22T15:16:53","date_gmt":"2021-11-22T12:16:53","guid":{"rendered":"http:\/\/arantv.az\/?p=406896"},"modified":"2021-11-22T15:16:53","modified_gmt":"2021-11-22T12:16:53","slug":"ir%c9%99van-qarabagla-bagli-n%c9%99-ed%c9%99c%c9%99k","status":"publish","type":"post","link":"https:\/\/arantv.az\/?p=406896","title":{"rendered":"\u0130r\u0259van Qaraba\u011fla ba\u011fl\u0131 n\u0259 ed\u0259c\u0259k?"},"content":{"rendered":"<p>Erm\u0259nistanda m\u00fcxalif\u0259t h\u00f6kum\u0259t binas\u0131n\u0131n \u00f6n\u00fcnd\u0259 aksiya ke\u00e7irir.<\/p>\n<p><strong>ARANTV.AZ\u00a0 x\u0259b\u0259r verir ki,<\/strong>\u00a0\u201c5165 h\u0259r\u0259kat\u0131\u201dn\u0131n r\u0259hb\u0259ri Karin Tonoyan\u0131n liderlik etdiyi aksiyada ba\u015f nazir Nikol Pa\u015finyandan imzalayaca\u011f\u0131 s\u0259n\u0259dl\u0259rin m\u0259zmununu a\u00e7\u0131qlamas\u0131 t\u0259l\u0259b olunur.<\/p>\n<p>Etiraz\u00e7\u0131lar bildirirl\u0259r ki, bu s\u0259n\u0259dd\u0259 Qaraba\u011f\u0131n Az\u0259rbaycan\u0131n \u0259razisi kimi tan\u0131naca\u011f\u0131 yer al\u0131r.<\/p>\n<p>\u201cNikol Pa\u015finyan bildirir ki, \u201cAz\u0259rbaycan v\u0259 Erm\u0259nistan aras\u0131nda demarkasiya v\u0259 delimitasiya haqq\u0131nda\u201d s\u0259n\u0259d onun masas\u0131ndad\u0131r, m\u0259nmunu gizli saxlan\u0131l\u0131r. M\u0259lumatlar var ki, Erm\u0259nistan \u00fc\u00e7\u00fcn h\u0259yati \u0259h\u0259miyy\u0259tli \u0259razil\u0259r, strateji y\u00fcks\u0259klikl\u0259r v\u0259 b\u00f6lg\u0259l\u0259r Az\u0259rbaycana veril\u0259c\u0259k, o c\u00fcml\u0259d\u0259n, Qaraba\u011f Az\u0259rbaycan\u0131n \u0259razisi kimi tan\u0131nacaq. Bu s\u0259n\u0259din m\u0259zmunu a\u00e7\u0131qlanmal\u0131d\u0131r\u201d, &#8211; aksiya i\u015ftirak\u00e7\u0131lar\u0131 bildirib.<\/p>\n","protected":false},"excerpt":{"rendered":"<p>Erm\u0259nistanda m\u00fcxalif\u0259t h\u00f6kum\u0259t binas\u0131n\u0131n \u00f6n\u00fcnd\u0259 aksiya ke\u00e7irir. ARANTV.AZ\u00a0 x\u0259b\u0259r verir ki,\u00a0\u201c5165 h\u0259r\u0259kat\u0131\u201dn\u0131n r\u0259hb\u0259ri Karin Tonoyan\u0131n liderlik etdiyi aksiyada ba\u015f nazir Nikol Pa\u015finyandan imzalayaca\u011f\u0131 s\u0259n\u0259dl\u0259rin m\u0259zmununu a\u00e7\u0131qlamas\u0131 t\u0259l\u0259b olunur. Etiraz\u00e7\u0131lar bildirirl\u0259r ki, bu s\u0259n\u0259dd\u0259 Qaraba\u011f\u0131n Az\u0259rbaycan\u0131n \u0259razisi kimi tan\u0131naca\u011f\u0131 yer al\u0131r. \u201cNikol Pa\u015finyan bildirir ki, \u201cAz\u0259rbaycan v\u0259 Erm\u0259nistan aras\u0131nda demarkasiya v\u0259 delimitasiya haqq\u0131nda\u201d s\u0259n\u0259d onun masas\u0131ndad\u0131r, m\u0259nmunu gizli saxlan\u0131l\u0131r. M\u0259lumatlar var ki, Erm\u0259nistan \u00fc\u00e7\u00fcn h\u0259yati \u0259h\u0259miyy\u0259tli \u0259razil\u0259r, strateji y\u00fcks\u0259klikl\u0259r v\u0259 b\u00f6lg\u0259l\u0259r Az\u0259rbaycana veril\u0259c\u0259k, o c\u00fcml\u0259d\u0259n, Qaraba\u011f Az\u0259rbaycan\u0131n \u0259razisi kimi tan\u0131nacaq. Bu s\u0259n\u0259din m\u0259zmunu a\u00e7\u0131qlanmal\u0131d\u0131r\u201d, &#8211; aksiya i\u015ftirak\u00e7\u0131lar\u0131 bildirib.<\/p>\n","protected":false},"author":2,"featured_media":406897,"comment_status":"closed","ping_status":"closed","sticky":false,"template":"","format":"standard","meta":{"om_disable_all_campaigns":false,"_monsterinsights_skip_tracking":false,"_monsterinsights_sitenote_active":false,"_monsterinsights_sitenote_note":"","_monsterinsights_sitenote_category":0},"categories":[4],"tags":[],"aioseo_notices":[],"gutentor_comment":0,"rttpg_featured_image_url":{"full":["https:\/\/arantv.az\/wp-content\/uploads\/2021\/11\/6ae94857163758131457957043310743189.jpg",975,540,false],"landscape":["https:\/\/arantv.az\/wp-content\/uploads\/2021\/11\/6ae94857163758131457957043310743189.jpg",975,540,false],"portraits":["https:\/\/arantv.az\/wp-content\/uploads\/2021\/11\/6ae94857163758131457957043310743189.jpg",975,540,false],"thumbnail":["https:\/\/arantv.az\/wp-content\/uploads\/2021\/11\/6ae94857163758131457957043310743189-500x280.jpg",500,280,true],"medium":["https:\/\/arantv.az\/wp-content\/uploads\/2021\/11\/6ae94857163758131457957043310743189-660x365.jpg",660,365,true],"large":["https:\/\/arantv.az\/wp-content\/uploads\/2021\/11\/6ae94857163758131457957043310743189-840x465.jpg",640,354,true],"1536x1536":["https:\/\/arantv.az\/wp-content\/uploads\/2021\/11\/6ae94857163758131457957043310743189.jpg",975,540,false],"2048x2048":["https:\/\/arantv.az\/wp-content\/uploads\/2021\/11\/6ae94857163758131457957043310743189.jpg",975,540,false],"post-thumbnail":["https:\/\/arantv.az\/wp-content\/uploads\/2021\/11\/6ae94857163758131457957043310743189-240x172.jpg",240,172,true],"advps-thumb-one":["https:\/\/arantv.az\/wp-content\/uploads\/2021\/11\/6ae94857163758131457957043310743189.jpg",975,540,false]},"rttpg_author":{"display_name":"V\u00fcsal Rafiqo\u011flu","author_link":"https:\/\/arantv.az\/?author=2"},"rttpg_comment":0,"rttpg_category":"<a href=\"https:\/\/arantv.az\/?cat=4\" rel=\"category\">Siyas\u0259t<\/a>","rttpg_excerpt":"Erm\u0259nistanda m\u00fcxalif\u0259t h\u00f6kum\u0259t binas\u0131n\u0131n \u00f6n\u00fcnd\u0259 aksiya ke\u00e7irir. ARANTV.AZ\u00a0 x\u0259b\u0259r verir ki,\u00a0\u201c5165 h\u0259r\u0259kat\u0131\u201dn\u0131n r\u0259hb\u0259ri Karin Tonoyan\u0131n liderlik etdiyi aksiyada ba\u015f nazir Nikol Pa\u015finyandan imzalayaca\u011f\u0131 s\u0259n\u0259dl\u0259rin m\u0259zmununu a\u00e7\u0131qlamas\u0131 t\u0259l\u0259b olunur. Etiraz\u00e7\u0131lar bildirirl\u0259r ki, bu s\u0259n\u0259dd\u0259 Qaraba\u011f\u0131n Az\u0259rbaycan\u0131n \u0259razisi kimi tan\u0131naca\u011f\u0131 yer al\u0131r. \u201cNikol Pa\u015finyan bildirir ki, \u201cAz\u0259rbaycan v\u0259 Erm\u0259nistan aras\u0131nda demarkasiya v\u0259 delimitasiya haqq\u0131nda\u201d s\u0259n\u0259d onun masas\u0131ndad\u0131r,&hellip;","_links":{"self":[{"href":"https:\/\/arantv.az\/index.php?rest_route=\/wp\/v2\/posts\/406896"}],"collection":[{"href":"https:\/\/arantv.az\/index.php?rest_route=\/wp\/v2\/posts"}],"about":[{"href":"https:\/\/arantv.az\/index.php?rest_route=\/wp\/v2\/types\/post"}],"author":[{"embeddable":true,"href":"https:\/\/arantv.az\/index.php?rest_route=\/wp\/v2\/users\/2"}],"replies":[{"embeddable":true,"href":"https:\/\/arantv.az\/index.php?rest_route=%2Fwp%2Fv2%2Fcomments&post=406896"}],"version-history":[{"count":0,"href":"https:\/\/arantv.az\/index.php?rest_route=\/wp\/v2\/posts\/406896\/revisions"}],"wp:featuredmedia":[{"embeddable":true,"href":"https:\/\/arantv.az\/index.php?rest_route=\/wp\/v2\/media\/406897"}],"wp:attachment":[{"href":"https:\/\/arantv.az\/index.php?rest_route=%2Fwp%2Fv2%2Fmedia&parent=406896"}],"wp:term":[{"taxonomy":"category","embeddable":true,"href":"https:\/\/arantv.az\/index.php?rest_route=%2Fwp%2Fv2%2Fcategories&post=406896"},{"taxonomy":"post_tag","embeddable":true,"href":"https:\/\/arantv.az\/index.php?rest_route=%2Fwp%2Fv2%2Ftags&post=406896"}],"curies":[{"name":"wp","href":"https:\/\/api.w.org\/{rel}","templated":true}]}}