{"id":406912,"date":"2021-11-22T15:23:44","date_gmt":"2021-11-22T12:23:44","guid":{"rendered":"http:\/\/arantv.az\/?p=406912"},"modified":"2021-11-22T15:23:44","modified_gmt":"2021-11-22T12:23:44","slug":"polad-h%c9%99simovun-dask%c9%99s%c9%99nd%c9%99ki-evin%c9%99-getdil%c9%99r-fotolar","status":"publish","type":"post","link":"https:\/\/arantv.az\/?p=406912","title":{"rendered":"Polad H\u0259\u015fimovun Da\u015fk\u0259s\u0259nd\u0259ki evin\u0259 getdil\u0259r &#8211; Fotolar"},"content":{"rendered":"<p><strong>Apar\u0131c\u0131 Lal\u0259 Az\u0259rta\u015f bu d\u0259f\u0259 Da\u015fk\u0259s\u0259n\u0259 yollan\u0131b.<\/strong><\/p>\n<div id=\"AdviadNativeVideo0\" class=\"AdviadNativeVideo\"><\/div>\n<p><strong>ARANTV.AZ<\/strong> x\u0259b\u0259r verir ki, Az\u0259rbaycan\u0131n Milli Q\u0259hr\u0259man\u0131, \u015f\u0259hid general-mayor Polad H\u0259\u015fimovun ya\u015fad\u0131\u011f\u0131 evd\u0259 olub. L.Az\u0259rta\u015f bildirib ki, m\u0259kana P.H\u0259\u015fimovun anas\u0131 S\u0259mayy\u0259 xan\u0131mla birlikd\u0259 gedib:<\/p>\n<p>&nbsp;<\/p>\n<p>&#8220;General\u0131m\u0131z Polad H\u0259\u015fimovun anas\u0131 S\u0259may\u0259 anam\u0131zla onun Da\u015fk\u0259s\u0259nd\u0259 6 il ya\u015fad\u0131g\u0131 evd\u0259\u2026 Xatir\u0259l\u0259r canland\u0131, ham\u0131 V\u0259t\u0259n o\u011flunun insanl\u0131\u011f\u0131ndan v\u0259 q\u0259hramanl\u0131\u011f\u0131ndan a\u011f\u0131zdolu dan\u0131\u015fd\u0131\u2026 Allah torpaq u\u011frunda can\u0131ndan ke\u00e7\u0259n c\u0259mi \u015f\u0259hidl\u0259rimiz\u0259 r\u0259hm\u0259t el\u0259sin&#8221;.<\/p>\n<div class=\"site-left-rub-bosluq_orta\"><\/div>\n<p><a href=\"https:\/\/axsam.az\/showpic_el100.jpg?yol=rhmwcP9%2BDzbqQoSBYkQIpwk6PlVZ6ODdj79js%2F1Zm1EegjC8lrRTw1q3g4JqrzuWbVdD395E39D9hpDlCOCJ7A%3D%3D\" target=\"_blank\" rel=\"noopener\"><img class=\"glr\" src=\"https:\/\/axsam.az\/showpic_el100.jpg?yol=rhmwcP9%2BDzbqQoSBYkQIpwk6PlVZ6ODdj79js%2F1Zm1EegjC8lrRTw1q3g4JqrzuWbVdD395E39D9hpDlCOCJ7A%3D%3D\" \/><\/a><a href=\"https:\/\/axsam.az\/showpic_el100.jpg?yol=MTQRjQ0Aw7pObB5me%2FxUX3mY78VI8kJCVn%2F%2BwV8IoDOAgm9GmdyC0vqvbKh%2B%2FxlOKmbHWoZ2I4i9p5O0cylmCg%3D%3D\" target=\"_blank\" rel=\"noopener\"><img class=\"glr\" src=\"https:\/\/axsam.az\/showpic_el100.jpg?yol=MTQRjQ0Aw7pObB5me%2FxUX3mY78VI8kJCVn%2F%2BwV8IoDOAgm9GmdyC0vqvbKh%2B%2FxlOKmbHWoZ2I4i9p5O0cylmCg%3D%3D\" \/><\/a><a href=\"https:\/\/axsam.az\/showpic_el100.jpg?yol=0dhzFOMUWqBUZbSk%2BnJQKAcqnRs1WhJsRhhxuLKFCZsC21uM8jgROSeoVQnJImGF7UFTJOiSd1olRYLEdbzB9w%3D%3D\" target=\"_blank\" rel=\"noopener\"><img class=\"glr\" src=\"https:\/\/axsam.az\/showpic_el100.jpg?yol=0dhzFOMUWqBUZbSk%2BnJQKAcqnRs1WhJsRhhxuLKFCZsC21uM8jgROSeoVQnJImGF7UFTJOiSd1olRYLEdbzB9w%3D%3D\" \/><\/a><a href=\"https:\/\/axsam.az\/showpic_el100.jpg?yol=MUt3TrnDE1KmCPbeY7PrZTDv0gGUxCQvjZAacn1R2B9e1nQ0epADLmARQjMvgUB7V2RhWDzwK01StaOHGRZgqQ%3D%3D\" target=\"_blank\" rel=\"noopener\"><img class=\"glr\" src=\"https:\/\/axsam.az\/showpic_el100.jpg?yol=MUt3TrnDE1KmCPbeY7PrZTDv0gGUxCQvjZAacn1R2B9e1nQ0epADLmARQjMvgUB7V2RhWDzwK01StaOHGRZgqQ%3D%3D\" \/><\/a><a href=\"https:\/\/axsam.az\/showpic_el100.jpg?yol=CdODyg2CC6hSn1tbaxkLKaN%2FdNZkm%2B3G0noJ1TsTGM82LmJvF8B1TLvjkDv%2BCuicPMXAWGJVYN0urjA9t9b8rA%3D%3D\" target=\"_blank\" rel=\"noopener\"><img class=\"glr\" src=\"https:\/\/axsam.az\/showpic_el100.jpg?yol=CdODyg2CC6hSn1tbaxkLKaN%2FdNZkm%2B3G0noJ1TsTGM82LmJvF8B1TLvjkDv%2BCuicPMXAWGJVYN0urjA9t9b8rA%3D%3D\" \/><\/a><\/p>\n","protected":false},"excerpt":{"rendered":"<p>Apar\u0131c\u0131 Lal\u0259 Az\u0259rta\u015f bu d\u0259f\u0259 Da\u015fk\u0259s\u0259n\u0259 yollan\u0131b. ARANTV.AZ x\u0259b\u0259r verir ki, Az\u0259rbaycan\u0131n Milli Q\u0259hr\u0259man\u0131, \u015f\u0259hid general-mayor Polad H\u0259\u015fimovun ya\u015fad\u0131\u011f\u0131 evd\u0259 olub. L.Az\u0259rta\u015f bildirib ki, m\u0259kana P.H\u0259\u015fimovun anas\u0131 S\u0259mayy\u0259 xan\u0131mla birlikd\u0259 gedib: &nbsp; &#8220;General\u0131m\u0131z Polad H\u0259\u015fimovun anas\u0131 S\u0259may\u0259 anam\u0131zla onun Da\u015fk\u0259s\u0259nd\u0259 6 il ya\u015fad\u0131g\u0131 evd\u0259\u2026 Xatir\u0259l\u0259r canland\u0131, ham\u0131 V\u0259t\u0259n o\u011flunun insanl\u0131\u011f\u0131ndan v\u0259 q\u0259hramanl\u0131\u011f\u0131ndan a\u011f\u0131zdolu dan\u0131\u015fd\u0131\u2026 Allah torpaq u\u011frunda can\u0131ndan ke\u00e7\u0259n c\u0259mi \u015f\u0259hidl\u0259rimiz\u0259 r\u0259hm\u0259t el\u0259sin&#8221;.<\/p>\n","protected":false},"author":2,"featured_media":406913,"comment_status":"closed","ping_status":"closed","sticky":false,"template":"","format":"standard","meta":{"om_disable_all_campaigns":false,"_monsterinsights_skip_tracking":false,"_monsterinsights_sitenote_active":false,"_monsterinsights_sitenote_note":"","_monsterinsights_sitenote_category":0},"categories":[26],"tags":[],"aioseo_notices":[],"gutentor_comment":0,"rttpg_featured_image_url":{"full":["https:\/\/arantv.az\/wp-content\/uploads\/2021\/11\/233214_cl3ya1nemk.jpg",1000,617,false],"landscape":["https:\/\/arantv.az\/wp-content\/uploads\/2021\/11\/233214_cl3ya1nemk.jpg",1000,617,false],"portraits":["https:\/\/arantv.az\/wp-content\/uploads\/2021\/11\/233214_cl3ya1nemk.jpg",1000,617,false],"thumbnail":["https:\/\/arantv.az\/wp-content\/uploads\/2021\/11\/233214_cl3ya1nemk-500x280.jpg",500,280,true],"medium":["https:\/\/arantv.az\/wp-content\/uploads\/2021\/11\/233214_cl3ya1nemk-592x365.jpg",592,365,true],"large":["https:\/\/arantv.az\/wp-content\/uploads\/2021\/11\/233214_cl3ya1nemk-840x518.jpg",640,395,true],"1536x1536":["https:\/\/arantv.az\/wp-content\/uploads\/2021\/11\/233214_cl3ya1nemk.jpg",1000,617,false],"2048x2048":["https:\/\/arantv.az\/wp-content\/uploads\/2021\/11\/233214_cl3ya1nemk.jpg",1000,617,false],"post-thumbnail":["https:\/\/arantv.az\/wp-content\/uploads\/2021\/11\/233214_cl3ya1nemk-240x172.jpg",240,172,true],"advps-thumb-one":["https:\/\/arantv.az\/wp-content\/uploads\/2021\/11\/233214_cl3ya1nemk.jpg",1000,617,false]},"rttpg_author":{"display_name":"V\u00fcsal Rafiqo\u011flu","author_link":"https:\/\/arantv.az\/?author=2"},"rttpg_comment":0,"rttpg_category":"<a href=\"https:\/\/arantv.az\/?cat=26\" rel=\"category\">Sosial<\/a>","rttpg_excerpt":"Apar\u0131c\u0131 Lal\u0259 Az\u0259rta\u015f bu d\u0259f\u0259 Da\u015fk\u0259s\u0259n\u0259 yollan\u0131b. ARANTV.AZ x\u0259b\u0259r verir ki, Az\u0259rbaycan\u0131n Milli Q\u0259hr\u0259man\u0131, \u015f\u0259hid general-mayor Polad H\u0259\u015fimovun ya\u015fad\u0131\u011f\u0131 evd\u0259 olub. L.Az\u0259rta\u015f bildirib ki, m\u0259kana P.H\u0259\u015fimovun anas\u0131 S\u0259mayy\u0259 xan\u0131mla birlikd\u0259 gedib: &nbsp; &#8220;General\u0131m\u0131z Polad H\u0259\u015fimovun anas\u0131 S\u0259may\u0259 anam\u0131zla onun Da\u015fk\u0259s\u0259nd\u0259 6 il ya\u015fad\u0131g\u0131 evd\u0259\u2026 Xatir\u0259l\u0259r canland\u0131, ham\u0131 V\u0259t\u0259n o\u011flunun insanl\u0131\u011f\u0131ndan v\u0259 q\u0259hramanl\u0131\u011f\u0131ndan a\u011f\u0131zdolu dan\u0131\u015fd\u0131\u2026 Allah&hellip;","_links":{"self":[{"href":"https:\/\/arantv.az\/index.php?rest_route=\/wp\/v2\/posts\/406912"}],"collection":[{"href":"https:\/\/arantv.az\/index.php?rest_route=\/wp\/v2\/posts"}],"about":[{"href":"https:\/\/arantv.az\/index.php?rest_route=\/wp\/v2\/types\/post"}],"author":[{"embeddable":true,"href":"https:\/\/arantv.az\/index.php?rest_route=\/wp\/v2\/users\/2"}],"replies":[{"embeddable":true,"href":"https:\/\/arantv.az\/index.php?rest_route=%2Fwp%2Fv2%2Fcomments&post=406912"}],"version-history":[{"count":0,"href":"https:\/\/arantv.az\/index.php?rest_route=\/wp\/v2\/posts\/406912\/revisions"}],"wp:featuredmedia":[{"embeddable":true,"href":"https:\/\/arantv.az\/index.php?rest_route=\/wp\/v2\/media\/406913"}],"wp:attachment":[{"href":"https:\/\/arantv.az\/index.php?rest_route=%2Fwp%2Fv2%2Fmedia&parent=406912"}],"wp:term":[{"taxonomy":"category","embeddable":true,"href":"https:\/\/arantv.az\/index.php?rest_route=%2Fwp%2Fv2%2Fcategories&post=406912"},{"taxonomy":"post_tag","embeddable":true,"href":"https:\/\/arantv.az\/index.php?rest_route=%2Fwp%2Fv2%2Ftags&post=406912"}],"curies":[{"name":"wp","href":"https:\/\/api.w.org\/{rel}","templated":true}]}}