{"id":406918,"date":"2021-11-22T15:26:03","date_gmt":"2021-11-22T12:26:03","guid":{"rendered":"http:\/\/arantv.az\/?p=406918"},"modified":"2021-11-22T15:26:03","modified_gmt":"2021-11-22T12:26:03","slug":"25-yasli-az%c9%99rbaycanli-51-yasli-ispan-n%c9%99n%c9%99y%c9%99-asiq-oldu-bir-evd%c9%99-yasayiriq-video","status":"publish","type":"post","link":"https:\/\/arantv.az\/?p=406918","title":{"rendered":"25 ya\u015fl\u0131 az\u0259rbaycanl\u0131 51 ya\u015fl\u0131 ispan n\u0259n\u0259y\u0259 a\u015fiq oldu: Bir evd\u0259 ya\u015fay\u0131r\u0131q &#8211; V\u0130DEO"},"content":{"rendered":"<p>Az\u0259rbaycanda 25 ya\u015fl\u0131 g\u0259nc o\u011flan 51 ya\u015fl\u0131 z\u0259ngin ispan qad\u0131na a\u015fiq olub.<\/p>\n<p><strong>ARANTV.AZ<\/strong>\u00a0 <a title=\"xeberler son xeberler 2021\" href=\"https:\/\/big.az\/\" target=\"_blank\" rel=\"noopener\">x\u0259b\u0259r<\/a>\u00a0verir ki, ARB telekan\u0131nda yay\u0131mlanan &#8220;Elgizl\u0259 izl\u0259&#8221; verili\u015fin\u0259 qat\u0131lan 25 ya\u015fl\u0131 S\u0259id adl\u0131 g\u0259nc 51 ya\u015fl\u0131 ispan xan\u0131ma a\u015fiq oldu\u011fu bilidirib.<\/p>\n<div id=\"AdviadNativeVideo0\" class=\"AdviadNativeVideo\"><\/div>\n<p>O ispan xan\u0131mla 4 il \u0259vv\u0259l tan\u0131\u015f oldu\u011funu bildirib: &#8220;4 il \u0259vv\u0259l bir xan\u0131m dostumun vasit\u0259sil\u0259 tan\u0131\u015f olduq. O, d\u0259f\u0259l\u0259rl\u0259 Az\u0259rbaycana g\u0259lib-gedib. \u00d6z\u00fcn\u00fc real h\u0259yatda deyil, \u015f\u0259kill\u0259r vasit\u0259sil\u0259 g\u00f6rm\u00fc\u015fd\u00fcm. Bu \u0259snada m\u00fcnasib\u0259t qurduq. H\u0259r g\u00fcn mesajla\u015fd\u0131q. V\u0259 bundan sonra aram\u0131zda m\u00fcnasib\u0259t yarand\u0131&#8221;.<\/p>\n<p>Onun sevgisin\u0259 inanmayan v\u0259kil \u015e\u0259fiq\u0259 Na\u011f\u0131yeva 25 ya\u015fl\u0131 S\u0259idin ispan qad\u0131nla imkanl\u0131 oldu\u011fu \u00fc\u00e7\u00fcn m\u00fcnasib\u0259t qurdu\u011funu bildirib: &#8220;M\u0259nc\u0259 bu sevgi deyil, xan\u0131m \u00e7ox imkanl\u0131d\u0131r ona g\u00f6r\u0259 g\u0259nc onunla m\u00fcnasib\u0259t qurub&#8221;.<\/p>\n<p>S\u0259id is\u0259 ispan qad\u0131n\u0131n restoran biznesind\u0259 \u00e7al\u0131\u015fd\u0131\u011f\u0131n\u0131 deyib.<\/p>\n<p>H\u0259min g\u00f6r\u00fcnt\u00fcl\u0259ri t\u0259qdim edirik:<\/p>\n<div class=\"embed-responsive embed-responsive-16by9\"><iframe loading=\"lazy\" id=\"nmqembedid\" class=\"embed-responsive-item\" title=\"video player\" src=\"https:\/\/izle.az\/embed\/09cvLy_Xy8wrLklML0rM1UvOz9UvKdN3Ds82CDIu8zQzCdW3Ly3JjS_OLy1KTrXNTI8vT02KT84vqIzPyczLBgA~\" width=\"600\" height=\"340\" frameborder=\"0\" scrolling=\"no\" allowfullscreen=\"allowfullscreen\" data-mce-fragment=\"1\"><\/iframe><\/div>\n","protected":false},"excerpt":{"rendered":"<p>Az\u0259rbaycanda 25 ya\u015fl\u0131 g\u0259nc o\u011flan 51 ya\u015fl\u0131 z\u0259ngin ispan qad\u0131na a\u015fiq olub. ARANTV.AZ\u00a0 x\u0259b\u0259r\u00a0verir ki, ARB telekan\u0131nda yay\u0131mlanan &#8220;Elgizl\u0259 izl\u0259&#8221; verili\u015fin\u0259 qat\u0131lan 25 ya\u015fl\u0131 S\u0259id adl\u0131 g\u0259nc 51 ya\u015fl\u0131 ispan xan\u0131ma a\u015fiq oldu\u011fu bilidirib. O ispan xan\u0131mla 4 il \u0259vv\u0259l tan\u0131\u015f oldu\u011funu bildirib: &#8220;4 il \u0259vv\u0259l bir xan\u0131m dostumun vasit\u0259sil\u0259 tan\u0131\u015f olduq. O, d\u0259f\u0259l\u0259rl\u0259 Az\u0259rbaycana g\u0259lib-gedib. \u00d6z\u00fcn\u00fc real h\u0259yatda deyil, \u015f\u0259kill\u0259r vasit\u0259sil\u0259 g\u00f6rm\u00fc\u015fd\u00fcm. Bu \u0259snada m\u00fcnasib\u0259t qurduq. H\u0259r g\u00fcn mesajla\u015fd\u0131q. V\u0259 bundan sonra aram\u0131zda m\u00fcnasib\u0259t yarand\u0131&#8221;. Onun sevgisin\u0259 inanmayan v\u0259kil \u015e\u0259fiq\u0259 Na\u011f\u0131yeva 25 ya\u015fl\u0131 S\u0259idin ispan qad\u0131nla imkanl\u0131 oldu\u011fu \u00fc\u00e7\u00fcn&hellip;<\/p>\n","protected":false},"author":2,"featured_media":406919,"comment_status":"closed","ping_status":"closed","sticky":false,"template":"","format":"standard","meta":{"om_disable_all_campaigns":false,"_monsterinsights_skip_tracking":false,"_monsterinsights_sitenote_active":false,"_monsterinsights_sitenote_note":"","_monsterinsights_sitenote_category":0},"categories":[26],"tags":[],"aioseo_notices":[],"gutentor_comment":0,"rttpg_featured_image_url":{"full":["https:\/\/arantv.az\/wp-content\/uploads\/2021\/11\/nene_91637579658.jpg",649,507,false],"landscape":["https:\/\/arantv.az\/wp-content\/uploads\/2021\/11\/nene_91637579658.jpg",649,507,false],"portraits":["https:\/\/arantv.az\/wp-content\/uploads\/2021\/11\/nene_91637579658.jpg",649,507,false],"thumbnail":["https:\/\/arantv.az\/wp-content\/uploads\/2021\/11\/nene_91637579658-500x280.jpg",500,280,true],"medium":["https:\/\/arantv.az\/wp-content\/uploads\/2021\/11\/nene_91637579658-467x365.jpg",467,365,true],"large":["https:\/\/arantv.az\/wp-content\/uploads\/2021\/11\/nene_91637579658.jpg",640,500,false],"1536x1536":["https:\/\/arantv.az\/wp-content\/uploads\/2021\/11\/nene_91637579658.jpg",649,507,false],"2048x2048":["https:\/\/arantv.az\/wp-content\/uploads\/2021\/11\/nene_91637579658.jpg",649,507,false],"post-thumbnail":["https:\/\/arantv.az\/wp-content\/uploads\/2021\/11\/nene_91637579658-240x172.jpg",240,172,true],"advps-thumb-one":["https:\/\/arantv.az\/wp-content\/uploads\/2021\/11\/nene_91637579658.jpg",649,507,false]},"rttpg_author":{"display_name":"V\u00fcsal Rafiqo\u011flu","author_link":"https:\/\/arantv.az\/?author=2"},"rttpg_comment":0,"rttpg_category":"<a href=\"https:\/\/arantv.az\/?cat=26\" rel=\"category\">Sosial<\/a>","rttpg_excerpt":"Az\u0259rbaycanda 25 ya\u015fl\u0131 g\u0259nc o\u011flan 51 ya\u015fl\u0131 z\u0259ngin ispan qad\u0131na a\u015fiq olub. ARANTV.AZ\u00a0 x\u0259b\u0259r\u00a0verir ki, ARB telekan\u0131nda yay\u0131mlanan &#8220;Elgizl\u0259 izl\u0259&#8221; verili\u015fin\u0259 qat\u0131lan 25 ya\u015fl\u0131 S\u0259id adl\u0131 g\u0259nc 51 ya\u015fl\u0131 ispan xan\u0131ma a\u015fiq oldu\u011fu bilidirib. O ispan xan\u0131mla 4 il \u0259vv\u0259l tan\u0131\u015f oldu\u011funu bildirib: &#8220;4 il \u0259vv\u0259l bir xan\u0131m dostumun vasit\u0259sil\u0259 tan\u0131\u015f olduq. O, d\u0259f\u0259l\u0259rl\u0259 Az\u0259rbaycana&hellip;","_links":{"self":[{"href":"https:\/\/arantv.az\/index.php?rest_route=\/wp\/v2\/posts\/406918"}],"collection":[{"href":"https:\/\/arantv.az\/index.php?rest_route=\/wp\/v2\/posts"}],"about":[{"href":"https:\/\/arantv.az\/index.php?rest_route=\/wp\/v2\/types\/post"}],"author":[{"embeddable":true,"href":"https:\/\/arantv.az\/index.php?rest_route=\/wp\/v2\/users\/2"}],"replies":[{"embeddable":true,"href":"https:\/\/arantv.az\/index.php?rest_route=%2Fwp%2Fv2%2Fcomments&post=406918"}],"version-history":[{"count":0,"href":"https:\/\/arantv.az\/index.php?rest_route=\/wp\/v2\/posts\/406918\/revisions"}],"wp:featuredmedia":[{"embeddable":true,"href":"https:\/\/arantv.az\/index.php?rest_route=\/wp\/v2\/media\/406919"}],"wp:attachment":[{"href":"https:\/\/arantv.az\/index.php?rest_route=%2Fwp%2Fv2%2Fmedia&parent=406918"}],"wp:term":[{"taxonomy":"category","embeddable":true,"href":"https:\/\/arantv.az\/index.php?rest_route=%2Fwp%2Fv2%2Fcategories&post=406918"},{"taxonomy":"post_tag","embeddable":true,"href":"https:\/\/arantv.az\/index.php?rest_route=%2Fwp%2Fv2%2Ftags&post=406918"}],"curies":[{"name":"wp","href":"https:\/\/api.w.org\/{rel}","templated":true}]}}