{"id":406928,"date":"2021-11-22T15:28:38","date_gmt":"2021-11-22T12:28:38","guid":{"rendered":"http:\/\/arantv.az\/?p=406928"},"modified":"2021-11-22T15:28:38","modified_gmt":"2021-11-22T12:28:38","slug":"ceyhun-bayramov-koreyali-r%c9%99smi-il%c9%99-muzakir%c9%99l%c9%99r-apardi-foto","status":"publish","type":"post","link":"https:\/\/arantv.az\/?p=406928","title":{"rendered":"Ceyhun Bayramov koreyal\u0131 r\u0259smi il\u0259 m\u00fczakir\u0259l\u0259r apard\u0131 &#8211; FOTO"},"content":{"rendered":"<p>Xarici i\u015fl\u0259r naziri Ceyhun Bayramovun Koreya Respublikas\u0131n\u0131n Prezidenti yan\u0131nda \u015eimali \u0130qtisadi \u018fm\u0259kda\u015fl\u0131q Komit\u0259sinin s\u0259dri \u00c7ong Soo Park il\u0259 g\u00f6r\u00fc\u015f\u00fc ba\u015f tutub.<\/p>\n<p>Bununla ba\u011fl\u0131 Az\u0259rbaycan Xarici \u0130\u015fl\u0259r Nazirliyi m\u0259lumat yay\u0131b.<\/p>\n<p>G\u00f6r\u00fc\u015f zaman\u0131 Koreya Respublikas\u0131 il\u0259 \u00f6lk\u0259miz aras\u0131ndak\u0131 m\u00f6vcud \u0259m\u0259kda\u015fl\u0131q s\u0259viyy\u0259sind\u0259n m\u0259mnunluq ifad\u0259 olunub, yeni istiqam\u0259tl\u0259r \u00fczr\u0259 \u0259m\u0259kda\u015fl\u0131\u011f\u0131n perspektivl\u0259ri m\u00fczakir\u0259 edilib.<\/p>\n<p>G\u00f6r\u00fc\u015fd\u0259 t\u0259r\u0259fl\u0259r Az\u0259rbaycan v\u0259 Koreya Respublikas\u0131 aras\u0131nda \u0259m\u0259kda\u015fl\u0131q g\u00fcnd\u0259liyinin bir \u00e7ox m\u0259s\u0259l\u0259l\u0259ri \u00fczr\u0259, x\u00fcsusil\u0259 d\u0259 energetika, infrastruktur, n\u0259qliyyat, informasiya texnologiyalar\u0131, alternativ enerji, investisiya, tikinti, t\u0259hsil sah\u0259l\u0259rind\u0259 \u0259m\u0259kda\u015fl\u0131\u011f\u0131n inki\u015faf etdirilm\u0259si \u0259traf\u0131nda fikir m\u00fcbadil\u0259si apar\u0131blar.<\/p>\n<p>Koreya Respublikas\u0131n\u0131n iqtisadi \u0259m\u0259kda\u015fl\u0131q bax\u0131m\u0131ndan \u00f6lk\u0259miz t\u0259r\u0259find\u0259n prioritet \u00f6lk\u0259 kimi qiym\u0259tl\u0259ndirildiyini qeyd ed\u0259n nazir Ceyhun Bayramov d\u00f6vl\u0259t s\u0259viyy\u0259sind\u0259 qar\u015f\u0131l\u0131ql\u0131 s\u0259f\u0259rl\u0259rin intensivliyinin art\u0131r\u0131lmas\u0131n\u0131n m\u00f6vcud m\u00fcnasib\u0259tl\u0259r\u0259 daha da t\u0259kan verilm\u0259si bax\u0131m\u0131ndan m\u00fch\u00fcm \u0259h\u0259miyy\u0259t\u0259 malik oldu\u011funu bildirdi.<\/p>\n<p>Ceyhun Bayramov 1 il bundan \u00f6nc\u0259 ba\u015f vermi\u015f V\u0259t\u0259n m\u00fcharib\u0259si n\u0259tic\u0259sind\u0259 Az\u0259rbaycan\u0131n \u00f6z \u0259razi b\u00fct\u00f6vl\u00fcy\u00fcn\u00fc t\u0259min etdiyi v\u0259 n\u0259tic\u0259d\u0259, b\u00f6lg\u0259d\u0259 yaranm\u0131\u015f reall\u0131qlar\u0131n yeni n\u0259qliyyat ba\u011flant\u0131lar\u0131n\u0131n inki\u015faf\u0131 \u00fc\u00e7\u00fcn \u0259lveri\u015fli \u015f\u0259rait yaratd\u0131\u011f\u0131 bar\u0259d\u0259 h\u0259mkar\u0131n\u0131 m\u0259lumatland\u0131r\u0131b.<\/p>\n<div id=\"AdviadNativeVideo0\" class=\"AdviadNativeVideo\"><\/div>\n<p>Bu x\u00fcsusda, qar\u015f\u0131 t\u0259r\u0259f\u0259 Az\u0259rbaycan\u0131n t\u0259\u015f\u0259bb\u00fcs\u00fc v\u0259 i\u015ftirak\u0131 il\u0259 \u015e\u0259rq-Q\u0259rb, \u015eimal-C\u0259nub beyn\u0259lxalq n\u0259qliyyat d\u0259hlizl\u0259rinin inki\u015faf\u0131 istiqam\u0259tind\u0259 h\u0259yata ke\u00e7iril\u0259n infrastruktur layih\u0259l\u0259ri haqq\u0131nda m\u0259lumat verilib, i\u015f\u011faldan azad olunmu\u015f \u0259razil\u0259rd\u0259 apar\u0131lan geni\u015f miqyasl\u0131 quruculuq i\u015fl\u0259rin\u0259 diqq\u0259t \u00e7\u0259kilib.<\/p>\n<p>\u00c7ong Soo Park Az\u0259rbaycan Respublikas\u0131n\u0131n Prezidenti c\u0259nab \u0130lham \u018fliyev il\u0259 ke\u00e7irdiyi g\u00f6r\u00fc\u015f\u00fc m\u0259mnunluqla qeyd ed\u0259r\u0259k, g\u00f6r\u00fc\u015f zaman\u0131 g\u0259l\u0259c\u0259k \u0259m\u0259kda\u015fl\u0131q planlar\u0131na dair \u0259sas prioritet m\u0259s\u0259l\u0259l\u0259rin m\u00fczakir\u0259 oldundu\u011funu v\u0259 bunun \u00f6lk\u0259l\u0259rimiz aras\u0131ndak\u0131 \u0259m\u0259kda\u015fl\u0131\u011f\u0131n yeni m\u0259rh\u0259l\u0259y\u0259 y\u00fcks\u0259lm\u0259sin\u0259 t\u0259kan ver\u0259c\u0259yin\u0259 inam\u0131n\u0131 ifad\u0259 edib.<\/p>\n<p>G\u00f6r\u00fc\u015f zaman\u0131 t\u0259r\u0259fl\u0259r, habel\u0259 beyn\u0259lxalq t\u0259\u015fkilatlar \u00e7\u0259r\u00e7iv\u0259sind\u0259 \u0259m\u0259kda\u015fl\u0131\u011f\u0131n geni\u015fl\u0259ndirilm\u0259si v\u0259 qar\u015f\u0131l\u0131ql\u0131 maraq do\u011furan dig\u0259r m\u0259s\u0259l\u0259l\u0259ri m\u00fczakir\u0259 edibl\u0259r.<\/p>\n<p><img src=\"https:\/\/cdn.oxu.az\/uploads\/W1siZiIsIjIwMjEvMTEvMjIvMTYvMDIvMTMvMGE4OWMwMTUtYmNhMy00NmI5LWI5N2UtOThlYjU3NjE2N2JmL2tvcmVhIGdvcnVzMS5qcGciXSxbInAiLCJlbmNvZGUiLCJqcGciLCItcXVhbGl0eSA4MCJdLFsicCIsInRodW1iIiwiNTkweDU5MFx1MDAzZSJdXQ?sha=14e3a0c56b6f656b\" alt=\"\" \/><\/p>\n","protected":false},"excerpt":{"rendered":"<p>Xarici i\u015fl\u0259r naziri Ceyhun Bayramovun Koreya Respublikas\u0131n\u0131n Prezidenti yan\u0131nda \u015eimali \u0130qtisadi \u018fm\u0259kda\u015fl\u0131q Komit\u0259sinin s\u0259dri \u00c7ong Soo Park il\u0259 g\u00f6r\u00fc\u015f\u00fc ba\u015f tutub. Bununla ba\u011fl\u0131 Az\u0259rbaycan Xarici \u0130\u015fl\u0259r Nazirliyi m\u0259lumat yay\u0131b. G\u00f6r\u00fc\u015f zaman\u0131 Koreya Respublikas\u0131 il\u0259 \u00f6lk\u0259miz aras\u0131ndak\u0131 m\u00f6vcud \u0259m\u0259kda\u015fl\u0131q s\u0259viyy\u0259sind\u0259n m\u0259mnunluq ifad\u0259 olunub, yeni istiqam\u0259tl\u0259r \u00fczr\u0259 \u0259m\u0259kda\u015fl\u0131\u011f\u0131n perspektivl\u0259ri m\u00fczakir\u0259 edilib. G\u00f6r\u00fc\u015fd\u0259 t\u0259r\u0259fl\u0259r Az\u0259rbaycan v\u0259 Koreya Respublikas\u0131 aras\u0131nda \u0259m\u0259kda\u015fl\u0131q g\u00fcnd\u0259liyinin bir \u00e7ox m\u0259s\u0259l\u0259l\u0259ri \u00fczr\u0259, x\u00fcsusil\u0259 d\u0259 energetika, infrastruktur, n\u0259qliyyat, informasiya texnologiyalar\u0131, alternativ enerji, investisiya, tikinti, t\u0259hsil sah\u0259l\u0259rind\u0259 \u0259m\u0259kda\u015fl\u0131\u011f\u0131n inki\u015faf etdirilm\u0259si \u0259traf\u0131nda fikir m\u00fcbadil\u0259si apar\u0131blar. Koreya Respublikas\u0131n\u0131n iqtisadi \u0259m\u0259kda\u015fl\u0131q bax\u0131m\u0131ndan \u00f6lk\u0259miz t\u0259r\u0259find\u0259n prioritet&hellip;<\/p>\n","protected":false},"author":2,"featured_media":406929,"comment_status":"closed","ping_status":"closed","sticky":false,"template":"","format":"standard","meta":{"om_disable_all_campaigns":false,"_monsterinsights_skip_tracking":false,"_monsterinsights_sitenote_active":false,"_monsterinsights_sitenote_note":"","_monsterinsights_sitenote_category":0},"categories":[4],"tags":[],"aioseo_notices":[],"gutentor_comment":0,"rttpg_featured_image_url":{"full":["https:\/\/arantv.az\/wp-content\/uploads\/2021\/11\/korea-gorus1111.jpg",620,413,false],"landscape":["https:\/\/arantv.az\/wp-content\/uploads\/2021\/11\/korea-gorus1111.jpg",620,413,false],"portraits":["https:\/\/arantv.az\/wp-content\/uploads\/2021\/11\/korea-gorus1111.jpg",620,413,false],"thumbnail":["https:\/\/arantv.az\/wp-content\/uploads\/2021\/11\/korea-gorus1111-500x280.jpg",500,280,true],"medium":["https:\/\/arantv.az\/wp-content\/uploads\/2021\/11\/korea-gorus1111-548x365.jpg",548,365,true],"large":["https:\/\/arantv.az\/wp-content\/uploads\/2021\/11\/korea-gorus1111.jpg",620,413,false],"1536x1536":["https:\/\/arantv.az\/wp-content\/uploads\/2021\/11\/korea-gorus1111.jpg",620,413,false],"2048x2048":["https:\/\/arantv.az\/wp-content\/uploads\/2021\/11\/korea-gorus1111.jpg",620,413,false],"post-thumbnail":["https:\/\/arantv.az\/wp-content\/uploads\/2021\/11\/korea-gorus1111-240x172.jpg",240,172,true],"advps-thumb-one":["https:\/\/arantv.az\/wp-content\/uploads\/2021\/11\/korea-gorus1111.jpg",620,413,false]},"rttpg_author":{"display_name":"V\u00fcsal Rafiqo\u011flu","author_link":"https:\/\/arantv.az\/?author=2"},"rttpg_comment":0,"rttpg_category":"<a href=\"https:\/\/arantv.az\/?cat=4\" rel=\"category\">Siyas\u0259t<\/a>","rttpg_excerpt":"Xarici i\u015fl\u0259r naziri Ceyhun Bayramovun Koreya Respublikas\u0131n\u0131n Prezidenti yan\u0131nda \u015eimali \u0130qtisadi \u018fm\u0259kda\u015fl\u0131q Komit\u0259sinin s\u0259dri \u00c7ong Soo Park il\u0259 g\u00f6r\u00fc\u015f\u00fc ba\u015f tutub. Bununla ba\u011fl\u0131 Az\u0259rbaycan Xarici \u0130\u015fl\u0259r Nazirliyi m\u0259lumat yay\u0131b. G\u00f6r\u00fc\u015f zaman\u0131 Koreya Respublikas\u0131 il\u0259 \u00f6lk\u0259miz aras\u0131ndak\u0131 m\u00f6vcud \u0259m\u0259kda\u015fl\u0131q s\u0259viyy\u0259sind\u0259n m\u0259mnunluq ifad\u0259 olunub, yeni istiqam\u0259tl\u0259r \u00fczr\u0259 \u0259m\u0259kda\u015fl\u0131\u011f\u0131n perspektivl\u0259ri m\u00fczakir\u0259 edilib. G\u00f6r\u00fc\u015fd\u0259 t\u0259r\u0259fl\u0259r Az\u0259rbaycan v\u0259 Koreya Respublikas\u0131&hellip;","_links":{"self":[{"href":"https:\/\/arantv.az\/index.php?rest_route=\/wp\/v2\/posts\/406928"}],"collection":[{"href":"https:\/\/arantv.az\/index.php?rest_route=\/wp\/v2\/posts"}],"about":[{"href":"https:\/\/arantv.az\/index.php?rest_route=\/wp\/v2\/types\/post"}],"author":[{"embeddable":true,"href":"https:\/\/arantv.az\/index.php?rest_route=\/wp\/v2\/users\/2"}],"replies":[{"embeddable":true,"href":"https:\/\/arantv.az\/index.php?rest_route=%2Fwp%2Fv2%2Fcomments&post=406928"}],"version-history":[{"count":0,"href":"https:\/\/arantv.az\/index.php?rest_route=\/wp\/v2\/posts\/406928\/revisions"}],"wp:featuredmedia":[{"embeddable":true,"href":"https:\/\/arantv.az\/index.php?rest_route=\/wp\/v2\/media\/406929"}],"wp:attachment":[{"href":"https:\/\/arantv.az\/index.php?rest_route=%2Fwp%2Fv2%2Fmedia&parent=406928"}],"wp:term":[{"taxonomy":"category","embeddable":true,"href":"https:\/\/arantv.az\/index.php?rest_route=%2Fwp%2Fv2%2Fcategories&post=406928"},{"taxonomy":"post_tag","embeddable":true,"href":"https:\/\/arantv.az\/index.php?rest_route=%2Fwp%2Fv2%2Ftags&post=406928"}],"curies":[{"name":"wp","href":"https:\/\/api.w.org\/{rel}","templated":true}]}}