{"id":406931,"date":"2021-11-22T15:29:48","date_gmt":"2021-11-22T12:29:48","guid":{"rendered":"http:\/\/arantv.az\/?p=406931"},"modified":"2021-11-22T15:29:48","modified_gmt":"2021-11-22T12:29:48","slug":"15-d%c9%99qiq%c9%99lik-yolu-gorusa-1-saata-gedirik","status":"publish","type":"post","link":"https:\/\/arantv.az\/?p=406931","title":{"rendered":"15 d\u0259qiq\u0259lik yolu Gorusa 1 saata gedirik"},"content":{"rendered":"<p><em>&#8220;Haz\u0131rda biz Az\u0259rbaycan t\u0259r\u0259finin post qurdu\u011fu \u015eahverdil\u0259r-\u015eurnux yolundan istifad\u0259 etmirik. Alternativ yolla h\u0259r\u0259k\u0259t etm\u0259k \u00e7ox \u00e7\u0259tindir. \u0130ndi 15 d\u0259qiq\u0259lik yolu Gorusa 1 saata gedirik&#8221;.<\/em><\/p>\n<p><strong>ARANTV.AZ x\u0259b\u0259r verir ki,<\/strong>\u00a0bunu \u015eurnux k\u0259ndinin icma r\u0259hb\u0259ri\u00a0<strong>Seyran Ohancanyan\u00a0<\/strong>deyib. O bildirib ki, haz\u0131rda k\u0259ndin \u0259rzaq t\u0259minat\u0131 v\u0259 dig\u0259r yerl\u0259rl\u0259 \u0259laq\u0259si daha uzun, daha b\u0259rbad olan alternativ yollarla t\u0259min edilir:<\/p>\n<p><em>&#8220;Qar\u015f\u0131dan q\u0131\u015f g\u0259lir. B\u0259zi hiss\u0259l\u0259rd\u0259 dem\u0259k olar ki, yol yoxdur. Deyirl\u0259r ki, yenid\u0259nqurma i\u015fl\u0259rin\u0259 ba\u015flam\u0131\u015f\u0131q, amma n\u0259tic\u0259ni g\u00f6r\u0259 bilmirik. Q\u0131sa yoldan istifad\u0259 \u00fc\u00e7\u00fcn g\u0259r\u0259k Az\u0259rbaycan t\u0259r\u0259fin\u0259 g\u00f6mr\u00fck haqq\u0131 \u00f6d\u0259y\u0259k. Ona da imkan\u0131m\u0131z \u00e7atm\u0131r&#8221;.<\/em><\/p>\n","protected":false},"excerpt":{"rendered":"<p>&#8220;Haz\u0131rda biz Az\u0259rbaycan t\u0259r\u0259finin post qurdu\u011fu \u015eahverdil\u0259r-\u015eurnux yolundan istifad\u0259 etmirik. Alternativ yolla h\u0259r\u0259k\u0259t etm\u0259k \u00e7ox \u00e7\u0259tindir. \u0130ndi 15 d\u0259qiq\u0259lik yolu Gorusa 1 saata gedirik&#8221;. ARANTV.AZ x\u0259b\u0259r verir ki,\u00a0bunu \u015eurnux k\u0259ndinin icma r\u0259hb\u0259ri\u00a0Seyran Ohancanyan\u00a0deyib. O bildirib ki, haz\u0131rda k\u0259ndin \u0259rzaq t\u0259minat\u0131 v\u0259 dig\u0259r yerl\u0259rl\u0259 \u0259laq\u0259si daha uzun, daha b\u0259rbad olan alternativ yollarla t\u0259min edilir: &#8220;Qar\u015f\u0131dan q\u0131\u015f g\u0259lir. B\u0259zi hiss\u0259l\u0259rd\u0259 dem\u0259k olar ki, yol yoxdur. Deyirl\u0259r ki, yenid\u0259nqurma i\u015fl\u0259rin\u0259 ba\u015flam\u0131\u015f\u0131q, amma n\u0259tic\u0259ni g\u00f6r\u0259 bilmirik. Q\u0131sa yoldan istifad\u0259 \u00fc\u00e7\u00fcn g\u0259r\u0259k Az\u0259rbaycan t\u0259r\u0259fin\u0259 g\u00f6mr\u00fck haqq\u0131 \u00f6d\u0259y\u0259k. Ona da imkan\u0131m\u0131z \u00e7atm\u0131r&#8221;.<\/p>\n","protected":false},"author":2,"featured_media":406932,"comment_status":"closed","ping_status":"closed","sticky":false,"template":"","format":"standard","meta":{"om_disable_all_campaigns":false,"_monsterinsights_skip_tracking":false,"_monsterinsights_sitenote_active":false,"_monsterinsights_sitenote_note":"","_monsterinsights_sitenote_category":0},"categories":[4],"tags":[],"aioseo_notices":[],"gutentor_comment":0,"rttpg_featured_image_url":{"full":["https:\/\/arantv.az\/wp-content\/uploads\/2021\/11\/3a09a524163758349294307298010036517.jpg",975,540,false],"landscape":["https:\/\/arantv.az\/wp-content\/uploads\/2021\/11\/3a09a524163758349294307298010036517.jpg",975,540,false],"portraits":["https:\/\/arantv.az\/wp-content\/uploads\/2021\/11\/3a09a524163758349294307298010036517.jpg",975,540,false],"thumbnail":["https:\/\/arantv.az\/wp-content\/uploads\/2021\/11\/3a09a524163758349294307298010036517-500x280.jpg",500,280,true],"medium":["https:\/\/arantv.az\/wp-content\/uploads\/2021\/11\/3a09a524163758349294307298010036517-660x365.jpg",660,365,true],"large":["https:\/\/arantv.az\/wp-content\/uploads\/2021\/11\/3a09a524163758349294307298010036517-840x465.jpg",640,354,true],"1536x1536":["https:\/\/arantv.az\/wp-content\/uploads\/2021\/11\/3a09a524163758349294307298010036517.jpg",975,540,false],"2048x2048":["https:\/\/arantv.az\/wp-content\/uploads\/2021\/11\/3a09a524163758349294307298010036517.jpg",975,540,false],"post-thumbnail":["https:\/\/arantv.az\/wp-content\/uploads\/2021\/11\/3a09a524163758349294307298010036517-240x172.jpg",240,172,true],"advps-thumb-one":["https:\/\/arantv.az\/wp-content\/uploads\/2021\/11\/3a09a524163758349294307298010036517.jpg",975,540,false]},"rttpg_author":{"display_name":"V\u00fcsal Rafiqo\u011flu","author_link":"https:\/\/arantv.az\/?author=2"},"rttpg_comment":0,"rttpg_category":"<a href=\"https:\/\/arantv.az\/?cat=4\" rel=\"category\">Siyas\u0259t<\/a>","rttpg_excerpt":"&#8220;Haz\u0131rda biz Az\u0259rbaycan t\u0259r\u0259finin post qurdu\u011fu \u015eahverdil\u0259r-\u015eurnux yolundan istifad\u0259 etmirik. Alternativ yolla h\u0259r\u0259k\u0259t etm\u0259k \u00e7ox \u00e7\u0259tindir. \u0130ndi 15 d\u0259qiq\u0259lik yolu Gorusa 1 saata gedirik&#8221;. ARANTV.AZ x\u0259b\u0259r verir ki,\u00a0bunu \u015eurnux k\u0259ndinin icma r\u0259hb\u0259ri\u00a0Seyran Ohancanyan\u00a0deyib. O bildirib ki, haz\u0131rda k\u0259ndin \u0259rzaq t\u0259minat\u0131 v\u0259 dig\u0259r yerl\u0259rl\u0259 \u0259laq\u0259si daha uzun, daha b\u0259rbad olan alternativ yollarla t\u0259min edilir: &#8220;Qar\u015f\u0131dan q\u0131\u015f&hellip;","_links":{"self":[{"href":"https:\/\/arantv.az\/index.php?rest_route=\/wp\/v2\/posts\/406931"}],"collection":[{"href":"https:\/\/arantv.az\/index.php?rest_route=\/wp\/v2\/posts"}],"about":[{"href":"https:\/\/arantv.az\/index.php?rest_route=\/wp\/v2\/types\/post"}],"author":[{"embeddable":true,"href":"https:\/\/arantv.az\/index.php?rest_route=\/wp\/v2\/users\/2"}],"replies":[{"embeddable":true,"href":"https:\/\/arantv.az\/index.php?rest_route=%2Fwp%2Fv2%2Fcomments&post=406931"}],"version-history":[{"count":0,"href":"https:\/\/arantv.az\/index.php?rest_route=\/wp\/v2\/posts\/406931\/revisions"}],"wp:featuredmedia":[{"embeddable":true,"href":"https:\/\/arantv.az\/index.php?rest_route=\/wp\/v2\/media\/406932"}],"wp:attachment":[{"href":"https:\/\/arantv.az\/index.php?rest_route=%2Fwp%2Fv2%2Fmedia&parent=406931"}],"wp:term":[{"taxonomy":"category","embeddable":true,"href":"https:\/\/arantv.az\/index.php?rest_route=%2Fwp%2Fv2%2Fcategories&post=406931"},{"taxonomy":"post_tag","embeddable":true,"href":"https:\/\/arantv.az\/index.php?rest_route=%2Fwp%2Fv2%2Ftags&post=406931"}],"curies":[{"name":"wp","href":"https:\/\/api.w.org\/{rel}","templated":true}]}}