{"id":408506,"date":"2021-11-25T18:23:40","date_gmt":"2021-11-25T15:23:40","guid":{"rendered":"http:\/\/arantv.az\/?p=408506"},"modified":"2021-11-25T18:23:40","modified_gmt":"2021-11-25T15:23:40","slug":"t%c9%99hsil-idar%c9%99sind%c9%99n-b%c9%99zi-m%c9%99kt%c9%99bl%c9%99r%c9%99-h%c9%99l%c9%99-d%c9%99-istiliyin-verilm%c9%99m%c9%99si-il%c9%99-bagli-aciqlama","status":"publish","type":"post","link":"https:\/\/arantv.az\/?p=408506","title":{"rendered":"T\u0259hsil \u0130dar\u0259sind\u0259n b\u0259zi m\u0259kt\u0259bl\u0259r\u0259 h\u0259l\u0259 d\u0259 istiliyin verilm\u0259m\u0259si il\u0259 ba\u011fl\u0131 A\u00c7IQLAMA"},"content":{"rendered":"<p>Bak\u0131da bir ne\u00e7\u0259 m\u0259kt\u0259bd\u0259 istilik yoxdur.<\/p>\n<p>Bu bar\u0259d\u0259 Oxu.Az-a daxil olan \u015fikay\u0259td\u0259 qeyd edilib. Valideynl\u0259r bildirir ki, Bak\u0131n\u0131n Qarada\u011f rayonu, S\u0259ng\u0259\u00e7al q\u0259s\u0259b\u0259si \u015e\u0259hid F\u0259zail Q\u0259dimov ad\u0131na 222 n\u00f6mr\u0259li tam orta m\u0259kt\u0259bd\u0259 h\u0259l\u0259 d\u0259 istilik yoxdur. Eyni zamanda Nizami rayonu, Ke\u015fl\u0259 q\u0259s\u0259b\u0259sind\u0259 yerl\u0259\u015f\u0259n 201 sayl\u0131 tam orta m\u0259kt\u0259bd\u0259 d\u0259 istilik yoxdur.<\/p>\n<p>Noyabr ay\u0131n\u0131n 15-d\u0259n istilik t\u0259minat\u0131n\u0131n ba\u015flamas\u0131 bar\u0259d\u0259 m\u0259lumat verils\u0259 d\u0259, t\u0259hsil m\u00fc\u0259ssis\u0259l\u0259rind\u0259n b\u0259zil\u0259rind\u0259 h\u0259l\u0259 d\u0259 \u015fagird v\u0259 m\u00fc\u0259llim hey\u0259ti soyuq otaqlarda d\u0259rs ke\u00e7m\u0259k m\u0259cburiyy\u0259tind\u0259 qal\u0131b.<\/p>\n<p>M\u0259s\u0259l\u0259 il\u0259 ba\u011fl\u0131 Bak\u0131 \u015e\u0259h\u0259ri \u00fczr\u0259 T\u0259hsil \u0130dar\u0259sind\u0259n\u00a0(B\u015eT\u0130)\u00a0<strong>Oxu.Az<\/strong>-a bildirilib\u00a0ki, Bak\u0131 \u015f\u0259h\u0259ri 222 n\u00f6mr\u0259li tam orta m\u0259kt\u0259b \u201cAz\u0259ristilikt\u0259chizat\u201d A\u00e7\u0131q S\u0259hmdar C\u0259miyy\u0259ti t\u0259r\u0259find\u0259n m\u0259rk\u0259zl\u0259\u015fdirilmi\u015f qaydada istilikl\u0259 t\u0259min edilir.<\/p>\n<p>\u201cM\u00fcvafiq m\u0259s\u0259l\u0259 il\u0259 \u0259laq\u0259dar t\u0259r\u0259fimizd\u0259n aidiyy\u0259ti quruma edilmi\u015f m\u00fcraci\u0259t n\u0259tic\u0259sind\u0259 x\u0259tl\u0259rd\u0259 t\u0259mir i\u015fl\u0259ri apar\u0131lm\u0131\u015f v\u0259 m\u0259kt\u0259bin istilik t\u0259minat\u0131 bu g\u00fcnd\u0259n b\u0259rpa edilib.<\/p>\n<p>Qeyd ed\u0259k ki, m\u0259kt\u0259bl\u0259rin istilikl\u0259 t\u0259minat\u0131 m\u0259s\u0259l\u0259si tam n\u0259zar\u0259t\u0259 g\u00f6t\u00fcr\u00fcl\u00fcb. \u018fm\u0259kda\u015flar t\u0259r\u0259find\u0259n monitorinql\u0259r davam edir. M\u0259kt\u0259bl\u0259rin istilikl\u0259 t\u0259min olunmas\u0131nda h\u0259r hans\u0131 problem a\u015fkarland\u0131\u011f\u0131 t\u0259qdird\u0259, s\u0259b\u0259bi m\u00fc\u0259yy\u0259nl\u0259\u015fdiril\u0259r\u0259k aradan qald\u0131r\u0131lmas\u0131 \u00fc\u00e7\u00fcn m\u00fcvafiq t\u0259dbirl\u0259r g\u00f6r\u00fcl\u00fcr, aidiyy\u0259ti qurumlara m\u00fcraci\u0259tl\u0259r olunur\u201d.<\/p>\n<p>Qeyd ed\u0259k ki, B\u015eT\u0130-nin tabeliyind\u0259 f\u0259aliyy\u0259t g\u00f6st\u0259r\u0259n \u00fcmumi t\u0259hsil m\u00fc\u0259ssis\u0259l\u0259rind\u0259n 133-\u00fc \u201cAz\u0259ristilik\u201d ASC t\u0259r\u0259find\u0259n m\u0259rk\u0259zl\u0259\u015fdirilmi\u015f qaydada, 179-u f\u0259rdi qazanxana vasit\u0259sil\u0259, 7-si is\u0259 f\u0259rdi v\u0259 m\u0259rk\u0259zl\u0259\u015fdirilmi\u015f qaydada istilikl\u0259 t\u0259chiz edilib.<\/p>\n","protected":false},"excerpt":{"rendered":"<p>Bak\u0131da bir ne\u00e7\u0259 m\u0259kt\u0259bd\u0259 istilik yoxdur. Bu bar\u0259d\u0259 Oxu.Az-a daxil olan \u015fikay\u0259td\u0259 qeyd edilib. Valideynl\u0259r bildirir ki, Bak\u0131n\u0131n Qarada\u011f rayonu, S\u0259ng\u0259\u00e7al q\u0259s\u0259b\u0259si \u015e\u0259hid F\u0259zail Q\u0259dimov ad\u0131na 222 n\u00f6mr\u0259li tam orta m\u0259kt\u0259bd\u0259 h\u0259l\u0259 d\u0259 istilik yoxdur. Eyni zamanda Nizami rayonu, Ke\u015fl\u0259 q\u0259s\u0259b\u0259sind\u0259 yerl\u0259\u015f\u0259n 201 sayl\u0131 tam orta m\u0259kt\u0259bd\u0259 d\u0259 istilik yoxdur. Noyabr ay\u0131n\u0131n 15-d\u0259n istilik t\u0259minat\u0131n\u0131n ba\u015flamas\u0131 bar\u0259d\u0259 m\u0259lumat verils\u0259 d\u0259, t\u0259hsil m\u00fc\u0259ssis\u0259l\u0259rind\u0259n b\u0259zil\u0259rind\u0259 h\u0259l\u0259 d\u0259 \u015fagird v\u0259 m\u00fc\u0259llim hey\u0259ti soyuq otaqlarda d\u0259rs ke\u00e7m\u0259k m\u0259cburiyy\u0259tind\u0259 qal\u0131b. M\u0259s\u0259l\u0259 il\u0259 ba\u011fl\u0131 Bak\u0131 \u015e\u0259h\u0259ri \u00fczr\u0259 T\u0259hsil \u0130dar\u0259sind\u0259n\u00a0(B\u015eT\u0130)\u00a0Oxu.Az-a bildirilib\u00a0ki, Bak\u0131 \u015f\u0259h\u0259ri 222 n\u00f6mr\u0259li tam orta&hellip;<\/p>\n","protected":false},"author":2,"featured_media":408507,"comment_status":"closed","ping_status":"closed","sticky":false,"template":"","format":"standard","meta":{"om_disable_all_campaigns":false,"_monsterinsights_skip_tracking":false,"_monsterinsights_sitenote_active":false,"_monsterinsights_sitenote_note":"","_monsterinsights_sitenote_category":0},"categories":[26],"tags":[],"aioseo_notices":[],"gutentor_comment":0,"rttpg_featured_image_url":{"full":["https:\/\/arantv.az\/wp-content\/uploads\/2021\/11\/FotoJet-64-3.jpg",620,435,false],"landscape":["https:\/\/arantv.az\/wp-content\/uploads\/2021\/11\/FotoJet-64-3.jpg",620,435,false],"portraits":["https:\/\/arantv.az\/wp-content\/uploads\/2021\/11\/FotoJet-64-3.jpg",620,435,false],"thumbnail":["https:\/\/arantv.az\/wp-content\/uploads\/2021\/11\/FotoJet-64-3-500x280.jpg",500,280,true],"medium":["https:\/\/arantv.az\/wp-content\/uploads\/2021\/11\/FotoJet-64-3-520x365.jpg",520,365,true],"large":["https:\/\/arantv.az\/wp-content\/uploads\/2021\/11\/FotoJet-64-3.jpg",620,435,false],"1536x1536":["https:\/\/arantv.az\/wp-content\/uploads\/2021\/11\/FotoJet-64-3.jpg",620,435,false],"2048x2048":["https:\/\/arantv.az\/wp-content\/uploads\/2021\/11\/FotoJet-64-3.jpg",620,435,false],"post-thumbnail":["https:\/\/arantv.az\/wp-content\/uploads\/2021\/11\/FotoJet-64-3-240x172.jpg",240,172,true],"advps-thumb-one":["https:\/\/arantv.az\/wp-content\/uploads\/2021\/11\/FotoJet-64-3.jpg",620,435,false]},"rttpg_author":{"display_name":"V\u00fcsal Rafiqo\u011flu","author_link":"https:\/\/arantv.az\/?author=2"},"rttpg_comment":0,"rttpg_category":"<a href=\"https:\/\/arantv.az\/?cat=26\" rel=\"category\">Sosial<\/a>","rttpg_excerpt":"Bak\u0131da bir ne\u00e7\u0259 m\u0259kt\u0259bd\u0259 istilik yoxdur. Bu bar\u0259d\u0259 Oxu.Az-a daxil olan \u015fikay\u0259td\u0259 qeyd edilib. Valideynl\u0259r bildirir ki, Bak\u0131n\u0131n Qarada\u011f rayonu, S\u0259ng\u0259\u00e7al q\u0259s\u0259b\u0259si \u015e\u0259hid F\u0259zail Q\u0259dimov ad\u0131na 222 n\u00f6mr\u0259li tam orta m\u0259kt\u0259bd\u0259 h\u0259l\u0259 d\u0259 istilik yoxdur. Eyni zamanda Nizami rayonu, Ke\u015fl\u0259 q\u0259s\u0259b\u0259sind\u0259 yerl\u0259\u015f\u0259n 201 sayl\u0131 tam orta m\u0259kt\u0259bd\u0259 d\u0259 istilik yoxdur. Noyabr ay\u0131n\u0131n 15-d\u0259n istilik t\u0259minat\u0131n\u0131n&hellip;","_links":{"self":[{"href":"https:\/\/arantv.az\/index.php?rest_route=\/wp\/v2\/posts\/408506"}],"collection":[{"href":"https:\/\/arantv.az\/index.php?rest_route=\/wp\/v2\/posts"}],"about":[{"href":"https:\/\/arantv.az\/index.php?rest_route=\/wp\/v2\/types\/post"}],"author":[{"embeddable":true,"href":"https:\/\/arantv.az\/index.php?rest_route=\/wp\/v2\/users\/2"}],"replies":[{"embeddable":true,"href":"https:\/\/arantv.az\/index.php?rest_route=%2Fwp%2Fv2%2Fcomments&post=408506"}],"version-history":[{"count":0,"href":"https:\/\/arantv.az\/index.php?rest_route=\/wp\/v2\/posts\/408506\/revisions"}],"wp:featuredmedia":[{"embeddable":true,"href":"https:\/\/arantv.az\/index.php?rest_route=\/wp\/v2\/media\/408507"}],"wp:attachment":[{"href":"https:\/\/arantv.az\/index.php?rest_route=%2Fwp%2Fv2%2Fmedia&parent=408506"}],"wp:term":[{"taxonomy":"category","embeddable":true,"href":"https:\/\/arantv.az\/index.php?rest_route=%2Fwp%2Fv2%2Fcategories&post=408506"},{"taxonomy":"post_tag","embeddable":true,"href":"https:\/\/arantv.az\/index.php?rest_route=%2Fwp%2Fv2%2Ftags&post=408506"}],"curies":[{"name":"wp","href":"https:\/\/api.w.org\/{rel}","templated":true}]}}