{"id":408512,"date":"2021-11-25T18:27:45","date_gmt":"2021-11-25T15:27:45","guid":{"rendered":"http:\/\/arantv.az\/?p=408512"},"modified":"2021-11-25T18:27:45","modified_gmt":"2021-11-25T15:27:45","slug":"az%c9%99rbaycanda-bas-h%c9%99kim-marketd%c9%99n-ogurluq-edib-video","status":"publish","type":"post","link":"https:\/\/arantv.az\/?p=408512","title":{"rendered":"Az\u0259rbaycanda ba\u015f h\u0259kim marketd\u0259n o\u011furluq edib? &#8211; V\u0130DEO"},"content":{"rendered":"<p>Sosial \u015f\u0259b\u0259k\u0259l\u0259rd\u0259 Masall\u0131 rayonunda ma\u011fazadan o\u011furluq ed\u0259n \u015f\u0259xsin videog\u00f6r\u00fcnt\u00fcl\u0259ri yay\u0131l\u0131b.<\/p>\n<p>Bel\u0259 ki, videoda ki\u015finin marketd\u0259ki r\u0259fl\u0259rd\u0259n birind\u0259n m\u0259hsulu g\u00f6t\u00fcr\u00fcb cibin\u0259 qoydu\u011fu ayd\u0131n g\u00f6r\u00fcn\u00fcr. Sosial \u015f\u0259b\u0259k\u0259l\u0259rd\u0259 h\u0259min \u015f\u0259xsin Masall\u0131 Rayon M\u0259rk\u0259zi X\u0259st\u0259xanas\u0131n\u0131n ba\u015f h\u0259kimi Rasim \u018fzizov oldu\u011fu iddia edilir.<\/p>\n<article class=\"news\">\n<div class=\"news-inner\">\n<p>Rasim \u018fzizov Baku\u00a0TV-y\u0259 a\u00e7\u0131qlamas\u0131nda s\u00f6z\u00fcged\u0259n iddialara m\u00fcnasib\u0259t bildirib v\u0259 haqq\u0131nda yay\u0131lan m\u0259lumatlar\u0131n t\u0259xribat oldu\u011funu deyib.<\/p>\n<p>S\u00f6z\u00fcged\u0259n videog\u00f6r\u00fcnt\u00fcl\u0259rl\u0259 ba\u011fl\u0131 Daxili \u0130\u015fl\u0259r Nazirliyinin (D\u0130N) M\u0259tbuat Xidm\u0259tinin \u015f\u00f6b\u0259 r\u0259isi, polis mayoru El\u015fad Hac\u0131yev\u00a0<strong>Oxu.Az<\/strong>-a a\u00e7\u0131qlamas\u0131nda bildirib ki, h\u0259min ma\u011fazadan Masall\u0131 Rayon Polis \u015e\u00f6b\u0259sin\u0259\u00a0\u015fikay\u0259t xarakterli m\u00fcraci\u0259t daxil olmay\u0131b:<\/p>\n<p>\u201cSosial \u015f\u0259b\u0259k\u0259l\u0259rd\u0259 yay\u0131lan h\u0259min g\u00f6r\u00fcnt\u00fcl\u0259rd\u0259n d\u0259 m\u0259lumatl\u0131y\u0131q. Ara\u015fd\u0131rma apar\u0131l\u0131r\u201d.<\/p>\n<div><iframe loading=\"lazy\" src=\"https:\/\/player.baku.tv\/embed\/47016\" width=\"640\" height=\"360\" frameborder=\"0\" seamless=\"\" allowfullscreen=\"allowfullscreen\" data-mce-fragment=\"1\"><\/iframe><\/div>\n<\/div>\n<\/article>\n<h2 class=\"news-share-title\"><\/h2>\n","protected":false},"excerpt":{"rendered":"<p>Sosial \u015f\u0259b\u0259k\u0259l\u0259rd\u0259 Masall\u0131 rayonunda ma\u011fazadan o\u011furluq ed\u0259n \u015f\u0259xsin videog\u00f6r\u00fcnt\u00fcl\u0259ri yay\u0131l\u0131b. Bel\u0259 ki, videoda ki\u015finin marketd\u0259ki r\u0259fl\u0259rd\u0259n birind\u0259n m\u0259hsulu g\u00f6t\u00fcr\u00fcb cibin\u0259 qoydu\u011fu ayd\u0131n g\u00f6r\u00fcn\u00fcr. Sosial \u015f\u0259b\u0259k\u0259l\u0259rd\u0259 h\u0259min \u015f\u0259xsin Masall\u0131 Rayon M\u0259rk\u0259zi X\u0259st\u0259xanas\u0131n\u0131n ba\u015f h\u0259kimi Rasim \u018fzizov oldu\u011fu iddia edilir. Rasim \u018fzizov Baku\u00a0TV-y\u0259 a\u00e7\u0131qlamas\u0131nda s\u00f6z\u00fcged\u0259n iddialara m\u00fcnasib\u0259t bildirib v\u0259 haqq\u0131nda yay\u0131lan m\u0259lumatlar\u0131n t\u0259xribat oldu\u011funu deyib. S\u00f6z\u00fcged\u0259n videog\u00f6r\u00fcnt\u00fcl\u0259rl\u0259 ba\u011fl\u0131 Daxili \u0130\u015fl\u0259r Nazirliyinin (D\u0130N) M\u0259tbuat Xidm\u0259tinin \u015f\u00f6b\u0259 r\u0259isi, polis mayoru El\u015fad Hac\u0131yev\u00a0Oxu.Az-a a\u00e7\u0131qlamas\u0131nda bildirib ki, h\u0259min ma\u011fazadan Masall\u0131 Rayon Polis \u015e\u00f6b\u0259sin\u0259\u00a0\u015fikay\u0259t xarakterli m\u00fcraci\u0259t daxil olmay\u0131b: \u201cSosial \u015f\u0259b\u0259k\u0259l\u0259rd\u0259 yay\u0131lan h\u0259min g\u00f6r\u00fcnt\u00fcl\u0259rd\u0259n d\u0259 m\u0259lumatl\u0131y\u0131q. Ara\u015fd\u0131rma apar\u0131l\u0131r\u201d.<\/p>\n","protected":false},"author":2,"featured_media":408513,"comment_status":"closed","ping_status":"closed","sticky":false,"template":"","format":"standard","meta":{"om_disable_all_campaigns":false,"_monsterinsights_skip_tracking":false,"_monsterinsights_sitenote_active":false,"_monsterinsights_sitenote_note":"","_monsterinsights_sitenote_category":0},"categories":[26],"tags":[],"aioseo_notices":[],"gutentor_comment":0,"rttpg_featured_image_url":{"full":["https:\/\/arantv.az\/wp-content\/uploads\/2021\/11\/FotoJet-5-11.jpg",620,416,false],"landscape":["https:\/\/arantv.az\/wp-content\/uploads\/2021\/11\/FotoJet-5-11.jpg",620,416,false],"portraits":["https:\/\/arantv.az\/wp-content\/uploads\/2021\/11\/FotoJet-5-11.jpg",620,416,false],"thumbnail":["https:\/\/arantv.az\/wp-content\/uploads\/2021\/11\/FotoJet-5-11-500x280.jpg",500,280,true],"medium":["https:\/\/arantv.az\/wp-content\/uploads\/2021\/11\/FotoJet-5-11-544x365.jpg",544,365,true],"large":["https:\/\/arantv.az\/wp-content\/uploads\/2021\/11\/FotoJet-5-11.jpg",620,416,false],"1536x1536":["https:\/\/arantv.az\/wp-content\/uploads\/2021\/11\/FotoJet-5-11.jpg",620,416,false],"2048x2048":["https:\/\/arantv.az\/wp-content\/uploads\/2021\/11\/FotoJet-5-11.jpg",620,416,false],"post-thumbnail":["https:\/\/arantv.az\/wp-content\/uploads\/2021\/11\/FotoJet-5-11-240x172.jpg",240,172,true],"advps-thumb-one":["https:\/\/arantv.az\/wp-content\/uploads\/2021\/11\/FotoJet-5-11.jpg",620,416,false]},"rttpg_author":{"display_name":"V\u00fcsal Rafiqo\u011flu","author_link":"https:\/\/arantv.az\/?author=2"},"rttpg_comment":0,"rttpg_category":"<a href=\"https:\/\/arantv.az\/?cat=26\" rel=\"category\">Sosial<\/a>","rttpg_excerpt":"Sosial \u015f\u0259b\u0259k\u0259l\u0259rd\u0259 Masall\u0131 rayonunda ma\u011fazadan o\u011furluq ed\u0259n \u015f\u0259xsin videog\u00f6r\u00fcnt\u00fcl\u0259ri yay\u0131l\u0131b. Bel\u0259 ki, videoda ki\u015finin marketd\u0259ki r\u0259fl\u0259rd\u0259n birind\u0259n m\u0259hsulu g\u00f6t\u00fcr\u00fcb cibin\u0259 qoydu\u011fu ayd\u0131n g\u00f6r\u00fcn\u00fcr. Sosial \u015f\u0259b\u0259k\u0259l\u0259rd\u0259 h\u0259min \u015f\u0259xsin Masall\u0131 Rayon M\u0259rk\u0259zi X\u0259st\u0259xanas\u0131n\u0131n ba\u015f h\u0259kimi Rasim \u018fzizov oldu\u011fu iddia edilir. Rasim \u018fzizov Baku\u00a0TV-y\u0259 a\u00e7\u0131qlamas\u0131nda s\u00f6z\u00fcged\u0259n iddialara m\u00fcnasib\u0259t bildirib v\u0259 haqq\u0131nda yay\u0131lan m\u0259lumatlar\u0131n t\u0259xribat oldu\u011funu deyib. S\u00f6z\u00fcged\u0259n videog\u00f6r\u00fcnt\u00fcl\u0259rl\u0259&hellip;","_links":{"self":[{"href":"https:\/\/arantv.az\/index.php?rest_route=\/wp\/v2\/posts\/408512"}],"collection":[{"href":"https:\/\/arantv.az\/index.php?rest_route=\/wp\/v2\/posts"}],"about":[{"href":"https:\/\/arantv.az\/index.php?rest_route=\/wp\/v2\/types\/post"}],"author":[{"embeddable":true,"href":"https:\/\/arantv.az\/index.php?rest_route=\/wp\/v2\/users\/2"}],"replies":[{"embeddable":true,"href":"https:\/\/arantv.az\/index.php?rest_route=%2Fwp%2Fv2%2Fcomments&post=408512"}],"version-history":[{"count":0,"href":"https:\/\/arantv.az\/index.php?rest_route=\/wp\/v2\/posts\/408512\/revisions"}],"wp:featuredmedia":[{"embeddable":true,"href":"https:\/\/arantv.az\/index.php?rest_route=\/wp\/v2\/media\/408513"}],"wp:attachment":[{"href":"https:\/\/arantv.az\/index.php?rest_route=%2Fwp%2Fv2%2Fmedia&parent=408512"}],"wp:term":[{"taxonomy":"category","embeddable":true,"href":"https:\/\/arantv.az\/index.php?rest_route=%2Fwp%2Fv2%2Fcategories&post=408512"},{"taxonomy":"post_tag","embeddable":true,"href":"https:\/\/arantv.az\/index.php?rest_route=%2Fwp%2Fv2%2Ftags&post=408512"}],"curies":[{"name":"wp","href":"https:\/\/api.w.org\/{rel}","templated":true}]}}