{"id":408516,"date":"2021-11-25T18:30:11","date_gmt":"2021-11-25T15:30:11","guid":{"rendered":"http:\/\/arantv.az\/?p=408516"},"modified":"2021-11-25T18:30:11","modified_gmt":"2021-11-25T15:30:11","slug":"turkiy%c9%99d%c9%99-t%c9%99cili-toplanti-%c9%99rdogan-t%c9%99hluk%c9%99sizlik-surasinin-iclasini-kecirir","status":"publish","type":"post","link":"https:\/\/arantv.az\/?p=408516","title":{"rendered":"T\u00fcrkiy\u0259d\u0259 t\u0259cili toplant\u0131: \u018frdo\u011fan T\u0259hl\u00fck\u0259sizlik \u015euras\u0131n\u0131n iclas\u0131n\u0131 ke\u00e7irir"},"content":{"rendered":"<p>T\u00fcrkiy\u0259 Prezidenti R\u0259c\u0259b Tayyib \u018frdo\u011fan\u0131n s\u0259drliyi il\u0259 Milli T\u0259hl\u00fck\u0259sizlik \u015euras\u0131 toplan\u0131b.<\/p>\n<p><strong>ARANTV.AZ\u00a0 Anadolu Agentliyin\u0259 <\/strong>istinadla x\u0259b\u0259r verir ki, iclasda \u015e\u0259rqi Aral\u0131q d\u0259nizi, \u018ffqan\u0131stan, Suriya v\u0259 Qaraba\u011fdak\u0131 v\u0259ziyy\u0259t m\u00fczakir\u0259 olunur.<\/p>\n<p>Regional hadis\u0259l\u0259r ba\u015fl\u0131\u011f\u0131 alt\u0131nda Suriyan\u0131n \u015fimal\u0131ndak\u0131 terror t\u0259\u015fkilatlar\u0131 ba\u015fda olmaqla son v\u0259ziyy\u0259t m\u00fczakir\u0259 edilir.<\/p>\n<p><img src=\"https:\/\/ikisahil.az\/upload\/\/2021\/11\/25\/\/-b5200c61163784942959909065711002903.jpg\" alt=\"\" \/><\/p>\n<p>H\u0259m\u00e7inin, bildirilib ki, Yunan\u0131stan\u0131n v\u0259 \u015e\u0259rqi Aral\u0131q d\u0259nizinin yunan t\u0259r\u0259finin t\u0259xribat\u00e7\u0131 add\u0131mlar\u0131 qar\u015f\u0131s\u0131nda at\u0131lacaq add\u0131mlar m\u00fczakir\u0259 olunur.<\/p>\n<p>\u018ffqan\u0131stan, Liviya v\u0259 Qaraba\u011fdak\u0131 son v\u0259ziyy\u0259t d\u0259y\u0259rl\u0259ndiril\u0259c\u0259k.<\/p>\n","protected":false},"excerpt":{"rendered":"<p>T\u00fcrkiy\u0259 Prezidenti R\u0259c\u0259b Tayyib \u018frdo\u011fan\u0131n s\u0259drliyi il\u0259 Milli T\u0259hl\u00fck\u0259sizlik \u015euras\u0131 toplan\u0131b. ARANTV.AZ\u00a0 Anadolu Agentliyin\u0259 istinadla x\u0259b\u0259r verir ki, iclasda \u015e\u0259rqi Aral\u0131q d\u0259nizi, \u018ffqan\u0131stan, Suriya v\u0259 Qaraba\u011fdak\u0131 v\u0259ziyy\u0259t m\u00fczakir\u0259 olunur. Regional hadis\u0259l\u0259r ba\u015fl\u0131\u011f\u0131 alt\u0131nda Suriyan\u0131n \u015fimal\u0131ndak\u0131 terror t\u0259\u015fkilatlar\u0131 ba\u015fda olmaqla son v\u0259ziyy\u0259t m\u00fczakir\u0259 edilir. H\u0259m\u00e7inin, bildirilib ki, Yunan\u0131stan\u0131n v\u0259 \u015e\u0259rqi Aral\u0131q d\u0259nizinin yunan t\u0259r\u0259finin t\u0259xribat\u00e7\u0131 add\u0131mlar\u0131 qar\u015f\u0131s\u0131nda at\u0131lacaq add\u0131mlar m\u00fczakir\u0259 olunur. \u018ffqan\u0131stan, Liviya v\u0259 Qaraba\u011fdak\u0131 son v\u0259ziyy\u0259t d\u0259y\u0259rl\u0259ndiril\u0259c\u0259k.<\/p>\n","protected":false},"author":2,"featured_media":408517,"comment_status":"closed","ping_status":"closed","sticky":false,"template":"","format":"standard","meta":{"om_disable_all_campaigns":false,"_monsterinsights_skip_tracking":false,"_monsterinsights_sitenote_active":false,"_monsterinsights_sitenote_note":"","_monsterinsights_sitenote_category":0},"categories":[7],"tags":[],"aioseo_notices":[],"gutentor_comment":0,"rttpg_featured_image_url":{"full":["https:\/\/arantv.az\/wp-content\/uploads\/2021\/11\/4a3050ae163784938840776025511114165.jpg",975,540,false],"landscape":["https:\/\/arantv.az\/wp-content\/uploads\/2021\/11\/4a3050ae163784938840776025511114165.jpg",975,540,false],"portraits":["https:\/\/arantv.az\/wp-content\/uploads\/2021\/11\/4a3050ae163784938840776025511114165.jpg",975,540,false],"thumbnail":["https:\/\/arantv.az\/wp-content\/uploads\/2021\/11\/4a3050ae163784938840776025511114165-500x280.jpg",500,280,true],"medium":["https:\/\/arantv.az\/wp-content\/uploads\/2021\/11\/4a3050ae163784938840776025511114165-660x365.jpg",660,365,true],"large":["https:\/\/arantv.az\/wp-content\/uploads\/2021\/11\/4a3050ae163784938840776025511114165-840x465.jpg",640,354,true],"1536x1536":["https:\/\/arantv.az\/wp-content\/uploads\/2021\/11\/4a3050ae163784938840776025511114165.jpg",975,540,false],"2048x2048":["https:\/\/arantv.az\/wp-content\/uploads\/2021\/11\/4a3050ae163784938840776025511114165.jpg",975,540,false],"post-thumbnail":["https:\/\/arantv.az\/wp-content\/uploads\/2021\/11\/4a3050ae163784938840776025511114165-240x172.jpg",240,172,true],"advps-thumb-one":["https:\/\/arantv.az\/wp-content\/uploads\/2021\/11\/4a3050ae163784938840776025511114165.jpg",975,540,false]},"rttpg_author":{"display_name":"V\u00fcsal Rafiqo\u011flu","author_link":"https:\/\/arantv.az\/?author=2"},"rttpg_comment":0,"rttpg_category":"<a href=\"https:\/\/arantv.az\/?cat=7\" rel=\"category\">D\u00fcnya<\/a>","rttpg_excerpt":"T\u00fcrkiy\u0259 Prezidenti R\u0259c\u0259b Tayyib \u018frdo\u011fan\u0131n s\u0259drliyi il\u0259 Milli T\u0259hl\u00fck\u0259sizlik \u015euras\u0131 toplan\u0131b. ARANTV.AZ\u00a0 Anadolu Agentliyin\u0259 istinadla x\u0259b\u0259r verir ki, iclasda \u015e\u0259rqi Aral\u0131q d\u0259nizi, \u018ffqan\u0131stan, Suriya v\u0259 Qaraba\u011fdak\u0131 v\u0259ziyy\u0259t m\u00fczakir\u0259 olunur. Regional hadis\u0259l\u0259r ba\u015fl\u0131\u011f\u0131 alt\u0131nda Suriyan\u0131n \u015fimal\u0131ndak\u0131 terror t\u0259\u015fkilatlar\u0131 ba\u015fda olmaqla son v\u0259ziyy\u0259t m\u00fczakir\u0259 edilir. H\u0259m\u00e7inin, bildirilib ki, Yunan\u0131stan\u0131n v\u0259 \u015e\u0259rqi Aral\u0131q d\u0259nizinin yunan t\u0259r\u0259finin t\u0259xribat\u00e7\u0131 add\u0131mlar\u0131&hellip;","_links":{"self":[{"href":"https:\/\/arantv.az\/index.php?rest_route=\/wp\/v2\/posts\/408516"}],"collection":[{"href":"https:\/\/arantv.az\/index.php?rest_route=\/wp\/v2\/posts"}],"about":[{"href":"https:\/\/arantv.az\/index.php?rest_route=\/wp\/v2\/types\/post"}],"author":[{"embeddable":true,"href":"https:\/\/arantv.az\/index.php?rest_route=\/wp\/v2\/users\/2"}],"replies":[{"embeddable":true,"href":"https:\/\/arantv.az\/index.php?rest_route=%2Fwp%2Fv2%2Fcomments&post=408516"}],"version-history":[{"count":0,"href":"https:\/\/arantv.az\/index.php?rest_route=\/wp\/v2\/posts\/408516\/revisions"}],"wp:featuredmedia":[{"embeddable":true,"href":"https:\/\/arantv.az\/index.php?rest_route=\/wp\/v2\/media\/408517"}],"wp:attachment":[{"href":"https:\/\/arantv.az\/index.php?rest_route=%2Fwp%2Fv2%2Fmedia&parent=408516"}],"wp:term":[{"taxonomy":"category","embeddable":true,"href":"https:\/\/arantv.az\/index.php?rest_route=%2Fwp%2Fv2%2Fcategories&post=408516"},{"taxonomy":"post_tag","embeddable":true,"href":"https:\/\/arantv.az\/index.php?rest_route=%2Fwp%2Fv2%2Ftags&post=408516"}],"curies":[{"name":"wp","href":"https:\/\/api.w.org\/{rel}","templated":true}]}}