{"id":408519,"date":"2021-11-25T18:31:00","date_gmt":"2021-11-25T15:31:00","guid":{"rendered":"http:\/\/arantv.az\/?p=408519"},"modified":"2021-11-25T18:31:00","modified_gmt":"2021-11-25T15:31:00","slug":"f%c9%99rqli-olk%c9%99l%c9%99r-haqqinda-maraqli-faktlar","status":"publish","type":"post","link":"https:\/\/arantv.az\/?p=408519","title":{"rendered":"F\u0259rqli \u00f6lk\u0259l\u0259r haqq\u0131nda maraql\u0131 faktlar"},"content":{"rendered":"<p><strong>Avropa \u00f6lk\u0259l\u0259rind\u0259 tullant\u0131lar \u00e7e\u015fidl\u0259rin\u0259 g\u00f6r\u0259 ayr\u0131l\u0131r<\/strong><\/p>\n<p>He\u00e7 bilirdinizmi ki, Avropal\u0131lar he\u00e7 vaxt \u015f\u00fc\u015f\u0259, plastik v\u0259 batareyalar\u0131 \u00a0zibil torbas\u0131na qoymazlar. Avropa \u00f6lk\u0259l\u0259rinin \u0259ks\u0259riyy\u0259tind\u0259 h\u0259r tullant\u0131 n\u00f6v\u00fc \u00fc\u00e7\u00fcn ayr\u0131ca \u00a0zibil paketl\u0259ri var. Burada insanlar \u0259traf m\u00fchitin t\u0259mizliyin\u0259 \u00e7ox riay\u0259t edirl\u0259r. M\u0259s\u0259l\u0259n, \u0130sve\u00e7d\u0259 plastik torbalar ka\u011f\u0131z torbalardan iki qat bahad\u0131r v\u0259 plastik \u015f\u00fc\u015f\u0259 su 10 krona al\u0131rsan\u0131zsa, onda bir kron \u0259lav\u0259 \u00f6d\u0259m\u0259lisiniz. \u00a0\u0130sve\u00e7d\u0259, h\u0259m\u00e7inin bir n\u00f6v motivasiya sistemi var. Burada bir insan plastik qabda su i\u00e7\u0259rs\u0259 v\u0259 h\u0259min qab\u0131 plastik q\u0259buledici ma\u015f\u0131na t\u0259hvil ver\u0259rs\u0259, onun \u00f6d\u0259diyi bir kron ona geri qaytar\u0131lacaqd\u0131r.<\/p>\n<p><strong>L\u00fcksemburqda ictimai n\u0259qliyyat pulsuzdur<\/strong><\/p>\n<p>L\u00fcksemburqda 2020-ci ild\u0259n b\u0259ri \u00a0ictimai n\u0259qliyyat b\u00fct\u00fcn sakinl\u0259r v\u0259 qonaqlar \u00fc\u00e7\u00fcn pulsuz oldu.<\/p>\n<p><strong>Taylandda bir binaya daxil olmadan \u00a0\u0259vv\u0259l insanlar ayaqqab\u0131lar\u0131n\u0131 \u00e7\u0131xar\u0131rlar<\/strong><\/p>\n<p>Taylandda \u00e7ox maraql\u0131&#8221; ayaq etiketi&#8221;var. Bel\u0259 ki, bu \u00f6lk\u0259d\u0259 ya\u015fayan insanlar h\u0259r hans\u0131 bir binaya daxil olmadan m\u00fctl\u0259q ayaqqab\u0131lar\u0131n\u0131 \u00e7\u0131xar\u0131rlar v\u0259 bel\u0259likl\u0259 t\u0259mizliy\u0259 riay\u0259t etmi\u015f olurlar.<\/p>\n<p><strong>Kosta-Rikada k\u00fc\u00e7\u0259l\u0259rin ad\u0131 yoxdur<\/strong><\/p>\n<p>Bu \u015f\u0259h\u0259rd\u0259 b\u0259zi k\u00fc\u00e7\u0259l\u0259rin adlar\u0131 olsa da, lakin onlar n\u0259d\u0259ns\u0259 x\u0259rit\u0259d\u0259 i\u015far\u0259 olunmurlar. \u00c7\u00fcnki Kosta Rikadak\u0131 k\u00fc\u00e7\u0259l\u0259r \u00f6z\u00fcn\u0259m\u0259xsus m\u0259\u015fhur m\u0259kanlar\u0131na g\u00f6r\u0259 tan\u0131nmaqdad\u0131r.<\/p>\n<p><strong>Nigeriyada qad\u0131nlar\u0131n iki \u0259ri olur<\/strong><\/p>\n<p>Nigeriya v\u0259 Kamerunda \u00e7ox maraql\u0131 bir ad\u0259t var. Orada \u00a0b\u0259zi qad\u0131n sakinl\u0259rinin \u00a0iki \u0259ri olur. Bu \u00f6lk\u0259l\u0259rd\u0259 bu ad\u0259t normal say\u0131l\u0131r. Qad\u0131nlar \u0259r\u0259 gedib, u\u015faq d\u00fcnyaya g\u0259tirdikd\u0259n sonra yenid\u0259n \u0259r\u0259 ged\u0259 bil\u0259rl\u0259r.<\/p>\n<p><strong>Dubayda avtobus dayanacaqlar\u0131nda bel\u0259 \u00a0kondisioner var<\/strong><\/p>\n<p>Dubay sakinl\u0259ri \u00f6z \u00a0rahatl\u0131qlar\u0131na \u00e7ox d\u00fc\u015fk\u00fcnd\u00fcrl\u0259r. Burada olan d\u00f6z\u00fclm\u0259z istil\u0259r is\u0259 k\u00fc\u00e7\u0259d\u0259\u00a0 h\u0259r\u0259k\u0259t etm\u0259yi \u00e7ox \u00e7\u0259tinl\u0259\u015fdirir.\u00a0 Buna g\u00f6r\u0259 d\u0259 Dudayda bir \u00e7ox yerl\u0259rd\u0259 kondisionerl\u0259r qura\u015fd\u0131r\u0131l\u0131r, h\u0259tta dayanacaqlarda da.<\/p>\n<p>H\u0259m\u00e7inin Dubayda \u00a0s\u00fcni adalar da yarad\u0131l\u0131r. S\u00fcni adalar\u0131n tikintisi torpaq \u00e7at\u0131\u015fmazl\u0131\u011f\u0131 bax\u0131m\u0131ndan m\u00fckk\u0259mm\u0259l bir ideyad\u0131r. \u00c7\u00fcnki \u00a0Dubayda torpaq sah\u0259si \u00e7ox bahad\u0131r, x\u00fcsusil\u0259 d\u0259 sahill\u0259rd\u0259. Varl\u0131 i\u015f adamlar\u0131 s\u00fcni adalar yaradaraq bahal\u0131 evl\u0259r v\u0259 otell\u0259r tikirl\u0259r.<\/p>\n<p><strong>\u0130talyan v\u0259 Yapon \u00a0restoranlar\u0131nda ofisiantlara b\u0259x\u015fi\u015f qoymaq qada\u011fand\u0131r<\/strong><\/p>\n<p>\u00c7\u00fcnki burada m\u00fc\u015ft\u0259rin \u00f6d\u0259diyi \u00a0hesaba\u00a0 ofisiant\u0131n \u00a0xidm\u0259t haqq\u0131 da \u00a0\u0259lav\u0259 edir. Bu \u00f6lk\u0259l\u0259rd\u0259 ofisianta v\u0259 ya bir taksi s\u00fcr\u00fcc\u00fcs\u00fcn\u0259 b\u0259x\u015fi\u015f t\u0259klif ets\u0259niz,onlar\u00a0 d\u0259rhal art\u0131q pulu g\u00f6t\u00fcrm\u0259yinizi xahi\u015f ed\u0259c\u0259kl\u0259r.<\/p>\n<p><strong>Sinqapurda insanlar \u00a0ictimai ia\u015f\u0259 m\u00fc\u0259ssis\u0259l\u0259rind\u0259 \u00f6zl\u0259rin\u0259 m\u00fctl\u0259q yer tuturlar<\/strong><\/p>\n<p>Sinqapurlular yem\u0259k sifari\u015f etdikd\u0259n sonra ayaq\u00fcst\u00fcnd\u0259 qalmamaq \u00fc\u00e7\u00fcn \u0259vv\u0259lc\u0259d\u0259n \u00f6zl\u0259rin\u0259 yer tuturlar. Onlar bo\u015f masalara yax\u0131nla\u015faraq, \u00e7\u0259tirl\u0259rd\u0259n tutmu\u015f salfet paketl\u0259rin\u0259 q\u0259d\u0259r h\u0259r \u015feyi masan\u0131n \u00fcst\u00fcn\u0259 qoyurlar. Bel\u0259likl\u0259, h\u0259min insanlar \u00f6zl\u0259rin\u0259 yer ay\u0131rm\u0131\u015f olurlar.<\/p>\n<p><strong>B\u0259zi \u015e\u0259rqi Asiya \u00f6lk\u0259l\u0259rind\u0259 insanlar pandemiya ba\u015flamazdan \u0259vv\u0259l d\u0259 \u00a0maska tax\u0131rd\u0131lar<\/strong><\/p>\n<p>C\u0259nubi Koreya kimi \u00f6lk\u0259l\u0259rd\u0259 insanlar soyuqd\u0259ym\u0259 zaman\u0131 bel\u0259 \u00a0\u0259trafdak\u0131lar\u0131n t\u0259hl\u00fck\u0259sizliyi \u00fc\u00e7\u00fcn maska tax\u0131rd\u0131lar.<\/p>\n<p><strong>Yaponiyada qad\u0131nlar \u00fc\u00e7\u00fcn n\u0259qliyyat<\/strong><\/p>\n<p>Yaponiyada ictimai n\u0259qliyyatda qad\u0131nlar\u0131n ki\u015fil\u0259r t\u0259r\u0259find\u0259n zorak\u0131l\u0131\u011fa m\u0259ruz qalmas\u0131 nadir hal deyil. Bu tip hallar\u0131 yaponlar &#8220;chikan&#8221; adland\u0131r\u0131rlar. Ki\u015fil\u0259r\u0259 qar\u015f\u0131 qad\u0131nlar t\u0259r\u0259find\u0259n \u015fikay\u0259tl\u0259rin say\u0131 artma\u011fa ba\u015flad\u0131\u011f\u0131 \u00fc\u00e7\u00fcn h\u00f6kum\u0259t h\u0259r\u0259k\u0259t\u0259 ke\u00e7\u0259r\u0259k, Yaponiya metrosunda yaln\u0131z qad\u0131nlar \u00fc\u00e7\u00fcn x\u00fcsusi vaqonlar ay\u0131r\u0131b. Qeyd ed\u0259k ki, bu c\u00fcr vaqonlar ad\u0259t\u0259n \u00a0qatar\u0131n sonunda yerl\u0259\u015fir v\u0259 ki\u015fil\u0259rin ora girm\u0259si q\u0259ti qada\u011fand\u0131r. Qada\u011falar\u0131 pozan ki\u015fil\u0259r c\u0259rim\u0259l\u0259nir.<\/p>\n<p>H\u00f6kum\u0259t gec\u0259 i\u015fl\u0259y\u0259n v\u0259 bu s\u0259b\u0259bd\u0259n ev\u0259 gec qay\u0131dan qad\u0131nlara da qay\u011f\u0131 g\u00f6st\u0259rir. Bel\u0259 \u00e7\u0259tin v\u0259ziyy\u0259t\u0259 d\u00fc\u015f\u0259n qad\u0131nlar \u00fc\u00e7\u00fcn x\u00fcsusi taksil\u0259r \u00e7al\u0131\u015fmaqdad\u0131r. H\u0259min taksil\u0259rin s\u00fcr\u00fcc\u00fcl\u0259ri d\u0259 m\u0259hz qad\u0131nlar olur.<\/p>\n","protected":false},"excerpt":{"rendered":"<p>Avropa \u00f6lk\u0259l\u0259rind\u0259 tullant\u0131lar \u00e7e\u015fidl\u0259rin\u0259 g\u00f6r\u0259 ayr\u0131l\u0131r He\u00e7 bilirdinizmi ki, Avropal\u0131lar he\u00e7 vaxt \u015f\u00fc\u015f\u0259, plastik v\u0259 batareyalar\u0131 \u00a0zibil torbas\u0131na qoymazlar. Avropa \u00f6lk\u0259l\u0259rinin \u0259ks\u0259riyy\u0259tind\u0259 h\u0259r tullant\u0131 n\u00f6v\u00fc \u00fc\u00e7\u00fcn ayr\u0131ca \u00a0zibil paketl\u0259ri var. Burada insanlar \u0259traf m\u00fchitin t\u0259mizliyin\u0259 \u00e7ox riay\u0259t edirl\u0259r. M\u0259s\u0259l\u0259n, \u0130sve\u00e7d\u0259 plastik torbalar ka\u011f\u0131z torbalardan iki qat bahad\u0131r v\u0259 plastik \u015f\u00fc\u015f\u0259 su 10 krona al\u0131rsan\u0131zsa, onda bir kron \u0259lav\u0259 \u00f6d\u0259m\u0259lisiniz. \u00a0\u0130sve\u00e7d\u0259, h\u0259m\u00e7inin bir n\u00f6v motivasiya sistemi var. Burada bir insan plastik qabda su i\u00e7\u0259rs\u0259 v\u0259 h\u0259min qab\u0131 plastik q\u0259buledici ma\u015f\u0131na t\u0259hvil ver\u0259rs\u0259, onun \u00f6d\u0259diyi bir kron ona geri qaytar\u0131lacaqd\u0131r. L\u00fcksemburqda ictimai&hellip;<\/p>\n","protected":false},"author":2,"featured_media":408520,"comment_status":"closed","ping_status":"closed","sticky":false,"template":"","format":"standard","meta":{"om_disable_all_campaigns":false,"_monsterinsights_skip_tracking":false,"_monsterinsights_sitenote_active":false,"_monsterinsights_sitenote_note":"","_monsterinsights_sitenote_category":0},"categories":[24],"tags":[],"aioseo_notices":[],"gutentor_comment":0,"rttpg_featured_image_url":{"full":["https:\/\/arantv.az\/wp-content\/uploads\/2021\/11\/d51b4167163784403229084556610922666.jpg",975,540,false],"landscape":["https:\/\/arantv.az\/wp-content\/uploads\/2021\/11\/d51b4167163784403229084556610922666.jpg",975,540,false],"portraits":["https:\/\/arantv.az\/wp-content\/uploads\/2021\/11\/d51b4167163784403229084556610922666.jpg",975,540,false],"thumbnail":["https:\/\/arantv.az\/wp-content\/uploads\/2021\/11\/d51b4167163784403229084556610922666-500x280.jpg",500,280,true],"medium":["https:\/\/arantv.az\/wp-content\/uploads\/2021\/11\/d51b4167163784403229084556610922666-660x365.jpg",660,365,true],"large":["https:\/\/arantv.az\/wp-content\/uploads\/2021\/11\/d51b4167163784403229084556610922666-840x465.jpg",640,354,true],"1536x1536":["https:\/\/arantv.az\/wp-content\/uploads\/2021\/11\/d51b4167163784403229084556610922666.jpg",975,540,false],"2048x2048":["https:\/\/arantv.az\/wp-content\/uploads\/2021\/11\/d51b4167163784403229084556610922666.jpg",975,540,false],"post-thumbnail":["https:\/\/arantv.az\/wp-content\/uploads\/2021\/11\/d51b4167163784403229084556610922666-240x172.jpg",240,172,true],"advps-thumb-one":["https:\/\/arantv.az\/wp-content\/uploads\/2021\/11\/d51b4167163784403229084556610922666.jpg",975,540,false]},"rttpg_author":{"display_name":"V\u00fcsal Rafiqo\u011flu","author_link":"https:\/\/arantv.az\/?author=2"},"rttpg_comment":0,"rttpg_category":"<a href=\"https:\/\/arantv.az\/?cat=24\" rel=\"category\">Maraql\u0131<\/a>","rttpg_excerpt":"Avropa \u00f6lk\u0259l\u0259rind\u0259 tullant\u0131lar \u00e7e\u015fidl\u0259rin\u0259 g\u00f6r\u0259 ayr\u0131l\u0131r He\u00e7 bilirdinizmi ki, Avropal\u0131lar he\u00e7 vaxt \u015f\u00fc\u015f\u0259, plastik v\u0259 batareyalar\u0131 \u00a0zibil torbas\u0131na qoymazlar. Avropa \u00f6lk\u0259l\u0259rinin \u0259ks\u0259riyy\u0259tind\u0259 h\u0259r tullant\u0131 n\u00f6v\u00fc \u00fc\u00e7\u00fcn ayr\u0131ca \u00a0zibil paketl\u0259ri var. Burada insanlar \u0259traf m\u00fchitin t\u0259mizliyin\u0259 \u00e7ox riay\u0259t edirl\u0259r. M\u0259s\u0259l\u0259n, \u0130sve\u00e7d\u0259 plastik torbalar ka\u011f\u0131z torbalardan iki qat bahad\u0131r v\u0259 plastik \u015f\u00fc\u015f\u0259 su 10 krona al\u0131rsan\u0131zsa, onda&hellip;","_links":{"self":[{"href":"https:\/\/arantv.az\/index.php?rest_route=\/wp\/v2\/posts\/408519"}],"collection":[{"href":"https:\/\/arantv.az\/index.php?rest_route=\/wp\/v2\/posts"}],"about":[{"href":"https:\/\/arantv.az\/index.php?rest_route=\/wp\/v2\/types\/post"}],"author":[{"embeddable":true,"href":"https:\/\/arantv.az\/index.php?rest_route=\/wp\/v2\/users\/2"}],"replies":[{"embeddable":true,"href":"https:\/\/arantv.az\/index.php?rest_route=%2Fwp%2Fv2%2Fcomments&post=408519"}],"version-history":[{"count":0,"href":"https:\/\/arantv.az\/index.php?rest_route=\/wp\/v2\/posts\/408519\/revisions"}],"wp:featuredmedia":[{"embeddable":true,"href":"https:\/\/arantv.az\/index.php?rest_route=\/wp\/v2\/media\/408520"}],"wp:attachment":[{"href":"https:\/\/arantv.az\/index.php?rest_route=%2Fwp%2Fv2%2Fmedia&parent=408519"}],"wp:term":[{"taxonomy":"category","embeddable":true,"href":"https:\/\/arantv.az\/index.php?rest_route=%2Fwp%2Fv2%2Fcategories&post=408519"},{"taxonomy":"post_tag","embeddable":true,"href":"https:\/\/arantv.az\/index.php?rest_route=%2Fwp%2Fv2%2Ftags&post=408519"}],"curies":[{"name":"wp","href":"https:\/\/api.w.org\/{rel}","templated":true}]}}