{"id":408602,"date":"2021-11-26T08:18:46","date_gmt":"2021-11-26T05:18:46","guid":{"rendered":"http:\/\/arantv.az\/?p=408602"},"modified":"2021-11-26T08:18:46","modified_gmt":"2021-11-26T05:18:46","slug":"erm%c9%99nistanin-siyasi-gund%c9%99liyini-az%c9%99rbaycan-formalasdirir","status":"publish","type":"post","link":"https:\/\/arantv.az\/?p=408602","title":{"rendered":"Erm\u0259nistan\u0131n siyasi g\u00fcnd\u0259liyini Az\u0259rbaycan formala\u015fd\u0131r\u0131r"},"content":{"rendered":"<p><em><strong>Noyabr\u0131n 26-da So\u00e7id\u0259 Rusiyan\u0131n vasit\u0259\u00e7iliyi il\u0259 Prezident \u0130lham \u018fliyevl\u0259 Erm\u0259nistan\u0131n ba\u015f naziri Nikol Pa\u015finyan aras\u0131nda ke\u00e7iril\u0259c\u0259k g\u00f6r\u00fc\u015f i\u015f\u011fal\u00e7\u0131 d\u00f6vl\u0259tin reall\u0131qlarla bar\u0131\u015fmas\u0131n\u0131n, \u00f6lk\u0259mizin dikt\u0259 ed\u0259n t\u0259r\u0259f olmas\u0131n\u0131n t\u0259sdiqidir<\/strong><\/em><\/p>\n<p>Bu g\u00fcn Az\u0259rbaycan regional inki\u015faf\u0131n apar\u0131c\u0131 q\u00fcvv\u0259sin\u0259, d\u00fcnya birliyinin f\u0259al \u00fczv\u00fcn\u0259 \u00e7evrilib. Az\u0259rbaycan\u0131n i\u015ftirak\u0131 olmadan b\u00f6lg\u0259d\u0259 hans\u0131sa iqtisadi v\u0259 siyasi layih\u0259nin h\u0259yata ke\u00e7irilm\u0259si m\u00fcmk\u00fcns\u00fczd\u00fcr. \u0130qtisadi m\u00fcst\u0259qillik Az\u0259rbaycan\u0131n siyasi m\u00fcst\u0259qilliyini \u015f\u0259rtl\u0259ndirdi. D\u00f6vl\u0259t ba\u015f\u00e7\u0131s\u0131 \u0130lham \u018fliyev Q\u0259l\u0259b\u0259mizd\u0259 iqtisadi v\u0259 siyasi m\u00fcst\u0259qilliyin rolunu x\u00fcsusi qeyd edir. Az\u0259rbaycan\u0131n beyn\u0259lxalq m\u00fcnasib\u0259tl\u0259r sistemind\u0259 m\u00f6hk\u0259ml\u0259n\u0259n m\u00f6vqeyi, \u0259n \u0259sas\u0131 Da\u011fl\u0131q Qaraba\u011f m\u00fcnaqi\u015f\u0259sinin h\u0259lli \u00fc\u00e7\u00fcn m\u00f6hk\u0259m h\u00fcquqi bazan\u0131n m\u00f6vcudlu\u011fu Az\u0259rbaycan Ordusunun d\u00f6y\u00fc\u015f meydan\u0131nda q\u0259l\u0259b\u0259sin\u0259 yol a\u00e7d\u0131. Az\u0259rbaycan d\u00fcnyaya s\u00fcbut etdi ki, beyn\u0259lxalq h\u00fcququn norma v\u0259 prinsipl\u0259ri m\u00f6vcuddur v\u0259 onlar\u0131n icras\u0131 \u00fc\u00e7\u00fcn vahid mexanizm olmal\u0131d\u0131r. Bu Q\u0259l\u0259b\u0259 d\u00fcnyan\u0131n yeni xarici siyas\u0259tinin formala\u015fmas\u0131nda, yeni reall\u0131qlar\u0131n yarad\u0131lmas\u0131nda \u0259h\u0259miyy\u0259tli rol oynad\u0131.<\/p>\n<p>\u00d6lk\u0259 Prezidenti \u0130lham \u018fliyevin b\u00fct\u00fcn \u00e7\u0131x\u0131\u015flar\u0131n\u0131n mahiyy\u0259tind\u0259 bu m\u0259s\u0259l\u0259 dayan\u0131rd\u0131 ki, \u0259razi b\u00fct\u00f6vl\u00fcy\u00fcm\u00fcz\u00fcn b\u0259rpas\u0131 bizim \u00fc\u00e7\u00fcn bir n\u00f6mr\u0259li v\u0259zif\u0259dir. Buna nail olmaq \u00fc\u00e7\u00fcn b\u00f6y\u00fck s\u0259yl\u0259r g\u00f6st\u0259rildi. Torpaqlar\u0131m\u0131z\u0131n i\u015f\u011faldan azad edilm\u0259sin\u0259 haz\u0131rl\u0131q d\u00f6vr\u00fc kimi xarakteriz\u0259 olunan 2003-2020-ci ill\u0259rd\u0259 g\u00f6r\u00fcl\u0259n i\u015fl\u0259r 30 ilin i\u015f\u011fal\u0131na 44 g\u00fcnd\u0259 son qoyulmas\u0131 il\u0259 n\u0259tic\u0259l\u0259ndi. \u0130nki\u015faf etmi\u015f b\u0259zi \u00f6lk\u0259l\u0259rin h\u0259rbi m\u00fct\u0259x\u0259ssisl\u0259ri d\u0259 bizim t\u0259cr\u00fcb\u0259mizi \u00f6yr\u0259nirl\u0259r. Bu t\u0259cr\u00fcb\u0259 kitablarda da, t\u0259dqiqatlarda da \u0259ksini tapacaq.<\/p>\n<p>C\u0259nab \u0130lham \u018fliyev daim bildirirdi ki, m\u0259n n\u0259yi n\u0259 zaman etm\u0259k laz\u0131m oldu\u011funu bilir\u0259m. \u00d6lk\u0259 Prezidenti b\u00fct\u00fcn t\u0259zyiql\u0259r\u0259 baxmayaraq q\u0259tiyy\u0259tli m\u00f6vqeyind\u0259n bir add\u0131m da bel\u0259 geri \u00e7\u0259kilm\u0259di, i\u015f\u011fal\u00e7\u0131 Erm\u0259nistan\u0131n ba\u015f nazirinin ir\u0259li s\u00fcrd\u00fcy\u00fc 7 \u015f\u0259rt\u0259 cavab olaraq yaln\u0131z bir \u015f\u0259rti qoydu ki, o da torpaqlar\u0131m\u0131zdan \u00e7\u0131xmalar\u0131 idi. 300-\u0259 q\u0259d\u0259r ya\u015fay\u0131\u015f m\u0259nt\u0259q\u0259si, 5 \u015f\u0259h\u0259r, 4 q\u0259s\u0259b\u0259, xeyli sayda strateji y\u00fcks\u0259klikl\u0259r i\u015f\u011faldan azad edildikd\u0259n sonra diz \u00e7\u00f6k\u0259n Erm\u0259nistan \u00e7\u0131x\u0131lmaz v\u0259ziyy\u0259td\u0259 qald\u0131. Ya tamamil\u0259 m\u0259hv olmal\u0131 idi, ya da B\u0259yanata imza at\u0131b m\u0259\u011flubiyy\u0259tini etiraf etm\u0259li idi. Noyabr\u0131n 10-da imzalanan B\u0259yanat Az\u0259rbaycan\u0131n 30 il\u0259 yax\u0131n d\u00f6vrd\u0259 g\u00f6zl\u0259diyi an\u0131n d\u00fcnyaya t\u0259qdimat\u0131 oldu.<\/p>\n<p>M\u00fcharib\u0259d\u0259 asan q\u0259l\u0259b\u0259 olmur. Bu Q\u0259l\u0259b\u0259ni 3 min\u0259 yax\u0131n \u015f\u0259hidimizin qan\u0131 il\u0259, h\u0259rb\u00e7il\u0259rimizin \u015f\u00fcca\u0259tl\u0259ri il\u0259 qazand\u0131q. \u015eu\u015fan\u0131n i\u015f\u011faldan azad olundu\u011fu g\u00fcn\u00fcn Z\u0259f\u0259r G\u00fcn\u00fc, \u0130kinci Qaraba\u011f m\u00fcharib\u0259sinin ba\u015fland\u0131\u011f\u0131 27 sentyabr tarixinin An\u0131m G\u00fcn\u00fc kimi t\u0259sis edilm\u0259si t\u0259sad\u00fcfi deyil. Xalq\u0131m\u0131z Q\u0259l\u0259b\u0259y\u0259 ged\u0259n yolu h\u0259r zaman xat\u0131rlamal\u0131, bu Q\u0259l\u0259b\u0259ni biz\u0259 ya\u015fadan \u015f\u0259hidl\u0259rimizi he\u00e7 zaman unutmamal\u0131d\u0131r. Bu Z\u0259f\u0259rin S\u0259rk\u0259rd\u0259si is\u0259 Ali Ba\u015f Komandan \u0130lham \u018fliyevdir. D\u00f6vl\u0259t ba\u015f\u00e7\u0131s\u0131 \u0130lham \u018fliyevin q\u0259tiyy\u0259ti say\u0259sind\u0259 xalq\u0131m\u0131z\u0131n nisgilin\u0259 son qoyuldu. Az\u0259rbaycan tarixinin yeni \u015f\u0259r\u0259fli s\u0259hif\u0259si yaz\u0131ld\u0131. Ali Ba\u015f Komandan \u0130lham \u018fliyev tariximiz\u0259 Qaraba\u011f\u0131n xilaskar\u0131 kimi daxil oldu. Erm\u0259nistan uzun ill\u0259r \u0259rzind\u0259 \u00f6z ordusu haqq\u0131nda mifl\u0259r yara\u00add\u0131rd\u0131. Aprel d\u00f6y\u00fc\u015fl\u0259ri bu mifl\u0259ri darmada\u011f\u0131n etdi. 2016-c\u0131 il aprelin \u0259vv\u0259lind\u0259 t\u0259mas x\u0259ttind\u0259 i\u015f\u011fal\u00e7\u0131 Erm\u0259nistan\u0131n Az\u0259rbaycana qar\u015f\u0131 n\u00f6vb\u0259ti silahl\u0131 t\u0259xribat\u0131na qar\u015f\u0131 h\u0259yata ke\u00e7iril\u0259n h\u0259rbi \u0259m\u0259liyyatlar bir daha g\u00f6st\u0259rdi ki, Az\u0259rbaycan d\u00f6vl\u0259ti v\u0259 xalq\u0131 i\u015f\u011falla he\u00e7 bir za\u00adman bar\u0131\u015fmayacaq v\u0259 torpaqlar\u0131n\u0131 n\u0259yin bahas\u0131na olursa-olsun azad ed\u0259c\u0259k. N\u0259tic\u0259d\u0259 30 ilin i\u015f\u011fal\u0131na 44 g\u00fcnd\u0259 son qoyuldu. Erm\u0259ni vandallar\u0131 layiq olduqlar\u0131 c\u0259zan\u0131 ald\u0131lar.<\/p>\n<p>T\u0259bii ki, bu \u015fanl\u0131 Q\u0259l\u0259b\u0259y\u0259 ged\u0259n yolun m\u00f6hk\u0259m t\u0259m\u0259li ulu \u00f6nd\u0259r Heyd\u0259r \u018fliyev t\u0259r\u0259find\u0259n qoyulmu\u015fdu. O, b\u00fct\u00fcn \u00e7\u0131x\u0131\u015flar\u0131nda qa\u00e7q\u0131n v\u0259 m\u0259cburi k\u00f6\u00e7k\u00fcnl\u0259rin m\u00fctl\u0259q \u00f6z torpaqlar\u0131na qay\u0131daca\u011f\u0131\u00adn\u0131, erm\u0259ni q\u0259sbkarl\u0131\u011f\u0131n\u0131n uzun s\u00fcrm\u0259y\u0259c\u0259yini h\u0259r zaman bildi\u00adrir, h\u0259r \u015feyin zamana ehtiyac\u0131 oldu\u011funu vur\u011fulay\u0131rd\u0131. Bu g\u00fcn bu fikir b\u00f6y\u00fck q\u00fcrur hissi il\u0259 qeyd olunur ki, Ulu \u00d6nd\u0259r Az\u0259rbaycan\u0131 m\u00fcst\u0259qilliyini itirm\u0259k t\u0259hl\u00fck\u0259sind\u0259n xilas etdis\u0259, Prezident \u0130lham \u018fliyev torpaqlar\u0131m\u0131z\u0131n xilaskar\u0131, \u0259razi b\u00fct\u00f6vl\u00fcy\u00fcm\u00fcz\u00fc b\u0259rpa edib, yenilm\u0259z xalq ad\u0131n\u0131 \u00f6z\u00fcm\u00fcz\u0259 qaytaran Lider kimi tarix\u0259 yaz\u0131ld\u0131. C\u0259nab \u0130lham \u018fliyevin postm\u00fcnaqi\u015f\u0259 d\u00f6vr\u00fcnd\u0259 Rusiyan\u0131n n\u00fcfuzlu \u201cNasionalnaya oborona\u201d jurnal\u0131na m\u00fcsahib\u0259si jurnalistin \u00abM\u00fcharib\u0259 d\u00f6vr\u00fcnd\u0259 liderl\u0259r, ali ba\u015f komandanlar h\u0259mi\u015f\u0259 diqq\u0259t m\u0259rk\u0259zind\u0259 olurlar. Sizin n\u0259 d\u0259r\u0259c\u0259d\u0259 sakit, t\u0259mkinli v\u0259 eyni zamanda, inaml\u0131 olma\u011f\u0131n\u0131z\u0131 ham\u0131 g\u00f6r\u00fcrd\u00fc. Sizin, m\u0259n bel\u0259 dey\u0259rdim, q\u0259tiyy\u0259tiniz, inam\u0131n\u0131z v\u0259 t\u0259mkinliyiniz n\u0259y\u0259 \u0259saslan\u0131rd\u0131? Bu m\u00fcharib\u0259nin tarix\u0259n \u0259dal\u0259tli olmas\u0131n\u0131 ba\u015fa d\u00fc\u015fm\u0259yiniz\u0259? Sizin Ali Ba\u015f Komandan kimi regionda \u0259n yax\u015f\u0131 ordulardan birin\u0259 malik olma\u011f\u0131n\u0131z\u0131 ba\u015fa d\u00fc\u015fm\u0259yiniz\u0259? Qar\u015f\u0131 t\u0259r\u0259fin, y\u0259ni, erm\u0259ni t\u0259r\u0259fin \u201c\u0259l-qol atmas\u0131\u201d fonunda Sizin bu c\u00fcr m\u00fcst\u0259sna d\u0259r\u0259c\u0259d\u0259 l\u0259yaq\u0259tli, sakit, inaml\u0131 davranma\u011f\u0131n\u0131z\u0131n \u0259sas\u0131 bu idimi\u00bb sual\u0131na cavab\u0131 d\u00f6vl\u0259t ba\u015f\u00e7\u0131s\u0131n\u0131n ist\u0259r 44 g\u00fcnl\u00fck V\u0259t\u0259n m\u00fcharib\u0259si, ist\u0259rs\u0259 d\u0259 postm\u00fcnaqi\u015f\u0259 d\u00f6vr\u00fcnd\u0259 n\u00fcmayi\u015f etdirdiyi q\u0259tiyy\u0259tin, t\u0259mkinin ayd\u0131n ifad\u0259sini yaratd\u0131. \u00abBu suala d\u0259rhal cavab verm\u0259k m\u0259nim \u00fc\u00e7\u00fcn \u00e7\u0259tindir. D\u00fc\u015f\u00fcn\u00fcr\u0259m ki, burada y\u0259qin, hans\u0131sa xarakteroloji x\u00fcsusiyy\u0259tl\u0259r rol oynay\u0131r. Prinsip etibaril\u0259 m\u0259n t\u0259mkinli, sakit insanam. M\u00fcsahib\u0259l\u0259rimd\u0259 d\u0259f\u0259l\u0259rl\u0259 demi\u015f\u0259m ki, h\u0259r bir d\u00f6vl\u0259t xadimi, x\u00fcsus\u0259n d\u00f6vl\u0259td\u0259 birinci \u015f\u0259xs m\u00f6vqeyini tutan insan emosiyalar\u0131n\u0131 \u00f6z\u00fcn\u00fcn g\u00fcnd\u0259lik v\u0259zif\u0259l\u0259rind\u0259n k\u0259narda saxlamal\u0131d\u0131r\u00bb s\u00f6yl\u0259y\u0259n c\u0259nab \u0130lham \u018fliyev bildirmi\u015fdir ki, h\u0259r bir insan\u0131n emosiyalar\u0131 var v\u0259 t\u0259bii ki, biz onlar\u0131 g\u00f6st\u0259ririk. Lakin g\u00f6r\u00fcn\u00fcr, uzun ill\u0259r \u0259rzind\u0259 m\u0259n \u00f6z\u00fcmd\u0259 bu emosiyalar\u0131 \u00fcst\u0259l\u0259m\u0259y\u0259 imkan ver\u0259n m\u00fc\u0259yy\u0259n keyfiyy\u0259tl\u0259r yaratm\u0131\u015fam. H\u0259rbi \u0259m\u0259liyyatlar apar\u0131lan d\u00f6vrd\u0259 bir d\u0259f\u0259 d\u0259 provokasiyalara uymad\u0131q: \u00abH\u0259tta erm\u0259nil\u0259r \u015f\u0259h\u0259rl\u0259rimizi bombalayanda, u\u015faqlar\u0131m\u0131z\u0131 v\u0259 qad\u0131nlar\u0131m\u0131z\u0131 \u00f6ld\u00fcr\u0259nd\u0259 d\u0259 biz Erm\u0259nistana eyni \u015f\u0259kild\u0259 cavab verm\u0259dik, biz onlar\u0131n \u015f\u0259h\u0259rl\u0259rini bombalamad\u0131q. H\u0259r\u00e7\u0259nd, bizi co\u015fduran emosiyalar\u0131 ba\u015fa d\u00fc\u015fm\u0259k olard\u0131. Biz h\u0259rbi cinay\u0259tl\u0259r t\u00f6r\u0259tm\u0259mi\u015fik. H\u0259rbi \u0259m\u0259liyyat\u0131n el\u0259 ilk g\u00fcn\u00fcnd\u0259 m\u0259n h\u0259rbi qulluq\u00e7ulara \u00e7ox s\u0259rt g\u00f6st\u0259ri\u015fl\u0259r vermi\u015fdim ki, h\u0259rbi cinay\u0259tl\u0259r t\u00f6r\u0259tm\u0259yi \u00f6z\u00fcn\u0259 r\u0259va g\u00f6r\u0259nl\u0259r ciddi c\u0259zaland\u0131r\u0131lacaqlar. D\u00fc\u015f\u00fcn\u00fcr\u0259m ki, sizin s\u00f6yl\u0259diyinizi s\u0259ciyy\u0259l\u0259ndir\u0259n m\u0259nim dediyim bu amill\u0259r v\u0259 bir d\u0259, \u0259lb\u0259tt\u0259, \u00f6z\u00fcm\u00fcn haql\u0131 olma\u011f\u0131ma inam\u0131md\u0131r.\u00bb C\u0259nab \u0130lham \u018fliyev \u0259sl f\u0259dakarl\u0131q n\u00fcmun\u0259si n\u00fcmayi\u015f etdirm\u0259kl\u0259 uzaqg\u00f6r\u0259nlik, v\u0259t\u0259np\u0259rv\u0259rlik, q\u0259tiyy\u0259t, \u0259zm, prinsipiall\u0131q, d\u00f6nm\u0259zlik r\u0259mzin\u0259 \u00e7evrildi. N\u0259tic\u0259d\u0259 qazan\u0131lan Q\u0259l\u0259b\u0259 Az\u0259rbaycan\u0131n h\u0259m h\u0259rbi, h\u0259m diplomatik, h\u0259m d\u0259 siyasi m\u00fcst\u0259vid\u0259 Z\u0259f\u0259rinin t\u0259nt\u0259n\u0259sidir.\u00a0D\u00fcnya bu g\u00fcn, eyni zamanda, m\u00fcasir inki\u015faf\u0131n Az\u0259rbaycan modeli il\u0259 maraqlan\u0131r. Bu modelin m\u00fc\u0259llifi d\u00f6vl\u0259t ba\u015f\u00e7\u0131s\u0131 \u0130lham \u018fliyevdir. Do\u011fma xalq\u0131n\u0131n parlaq g\u0259l\u0259c\u0259yin\u0259 hesablanm\u0131\u015f islahatlar kursunu u\u011furla h\u0259yata ke\u00e7ir\u0259n \u00f6lk\u0259 Prezidentinin inki\u015faf\u0131n b\u00fct\u00fcn sah\u0259l\u0259rini \u0259hat\u0259 ed\u0259n Z\u0259f\u0259r y\u00fcr\u00fc\u015f\u00fc u\u011furla davam edir. \u00d6lk\u0259mizin h\u0259yat\u0131nda ba\u015flayan yeni m\u0259rh\u0259l\u0259- i\u015f\u011faldan azad edilmi\u015f \u0259razil\u0259rimizd\u0259 b\u0259rpa v\u0259 quruculuq i\u015fl\u0259ri geni\u015f miqyas al\u0131b. Oktyabr\u0131n 25-d\u0259 Qaraba\u011f\u0131n d\u00fcnyaya a\u00e7\u0131lan hava qap\u0131s\u0131 kimi d\u0259y\u0259rl\u0259ndiril\u0259n F\u00fczuli Beyn\u0259lxalq Hava Liman\u0131n\u0131n a\u00e7\u0131l\u0131\u015f\u0131ndan sonra Z\u0259ngilanda \u201ca\u011f\u0131ll\u0131 k\u0259nd\u201d layih\u0259si \u00e7\u0259r\u00e7iv\u0259sind\u0259 g\u00f6r\u00fcl\u0259n i\u015fl\u0259rl\u0259 tan\u0131\u015f olan v\u0259 \u201cDost Aqropark\u201d\u0131n t\u0259m\u0259lqoyma m\u0259rasimind\u0259 i\u015ftirak ed\u0259n qarda\u015f T\u00fcrkiy\u0259nin Prezidenti R\u0259c\u0259b Tayyib \u018frdo\u011fan m\u0259tbuata b\u0259yanat\u0131nda bu fikri x\u00fcsusi qeyd etmi\u015fdir ki, Az\u0259rbaycan\u0131n i\u015f\u011faldan azad edil\u0259n bu b\u00f6lg\u0259l\u0259rinin q\u0131sa m\u00fcdd\u0259t \u0259rzind\u0259 h\u0259qiq\u0259t\u0259n nec\u0259 dir\u00e7\u0259ldiyini, nec\u0259 s\u00fcr\u0259tl\u0259 inki\u015faf etdiyini g\u00f6rd\u00fck: \u201cBu, h\u0259r igidin, h\u0259r siyas\u0259t\u00e7inin i\u015fi deyil. Bu q\u0259d\u0259r q\u0131sa m\u00fcdd\u0259td\u0259 bu investisiyalar\u0131 yat\u0131rmaq, bu i\u015fl\u0259ri h\u0259yata ke\u00e7irm\u0259k, inan\u0131ram ki, do\u011fma yurdundan ayr\u0131lma\u011fa m\u0259cbur qalm\u0131\u015f az\u0259rbaycanl\u0131 qarda\u015flar\u0131m \u00fc\u00e7\u00fcn buradan bir m\u00fcjd\u0259 verm\u0259k imkan\u0131 yarad\u0131r. \u00c7\u00fcnki az\u0259rbaycanl\u0131 qarda\u015flar\u0131m ayr\u0131ld\u0131qlar\u0131 torpaqlara, inan\u0131ram ki, \u0259n q\u0131sa vaxtda son d\u0259r\u0259c\u0259 g\u00f6z\u0259l \u015f\u0259kild\u0259 in\u015fa edil\u0259n, canland\u0131r\u0131lan bu yerl\u0259r\u0259 qay\u0131tmaq imkan\u0131 \u0259ld\u0259 ed\u0259c\u0259kl\u0259r.\u201d<\/p>\n<p>Tarixi Z\u0259f\u0259rimiz\u0259, postm\u00fcnaqi\u015f\u0259 d\u00f6vr\u00fcn\u00fcn reall\u0131qlar\u0131na n\u0259z\u0259r salma\u011f\u0131m\u0131z t\u0259bii ki, s\u0259b\u0259bsiz deyil. Az\u0259rbaycan ist\u0259r V\u0259t\u0259n m\u00fcharib\u0259si, ist\u0259rs\u0259 d\u0259 postm\u00fcnaqi\u015f\u0259 d\u00f6vr\u00fcnd\u0259 i\u015f\u011fal\u00e7\u0131 Erm\u0259nistana t\u0259kmil s\u00fclh modelini t\u0259klif edib. Bu ilin yanvar\u0131n 11-d\u0259 Moskvada Az\u0259rbaycan, Rusiya prezidentl\u0259rinin v\u0259 Erm\u0259nistan\u0131n ba\u015f naziri Nikol Pa\u015finyan\u0131n birg\u0259 g\u00f6r\u00fc\u015f\u00fcnd\u0259 d\u0259 iqtisadi \u0259laq\u0259l\u0259rin qurulmas\u0131, yeni \u0259m\u0259kda\u015fl\u0131q formatlar\u0131n\u0131n yarad\u0131lmas\u0131 m\u0259s\u0259l\u0259l\u0259ri m\u00fczakir\u0259 olunaraq \u0259sas m\u0259s\u0259l\u0259- s\u00fclh m\u00fcqavil\u0259sinin imzalanmas\u0131 diqq\u0259t\u0259 \u00e7atd\u0131r\u0131lm\u0131\u015fd\u0131r. Erm\u0259nistan bu t\u0259klifin qar\u015f\u0131l\u0131\u011f\u0131nda t\u0259xribatlar\u0131n\u0131, s\u0259rs\u0259m b\u0259yanatlar\u0131n\u0131 davam etdirm\u0259kl\u0259 n\u0259y\u0259s\u0259 nail olaca\u011f\u0131n\u0131 d\u00fc\u015f\u00fcns\u0259 d\u0259, h\u0259r halda 44 g\u00fcn\u00fcn \u201cD\u0259mir yumruq\u201d \u0259m\u0259liyyat\u0131ndan ald\u0131\u011f\u0131 d\u0259rsi unutmamal\u0131d\u0131r. Az\u0259rbaycan d\u00f6vl\u0259ti \u00fc\u00e7t\u0259r\u0259fli B\u0259yanat\u0131n imzaland\u0131\u011f\u0131 g\u00fcnd\u0259n bu b\u0259yanatla \u00e7\u0131x\u0131\u015f etdi ki, h\u0259r k\u0259s yeni reall\u0131qlarla bar\u0131\u015fmal\u0131d\u0131r.<\/p>\n<p>Az\u0259rbaycan Xarici \u0130\u015fl\u0259r Nazirliyinin m\u0259lumat\u0131nda da qeyd edildiyi kimi, Az\u0259rbaycan t\u0259r\u0259fi h\u0259r zaman siyasi dialoqa a\u00e7\u0131qd\u0131r v\u0259 bu kimi t\u0259maslar\u0131 m\u00fcsb\u0259t qar\u015f\u0131lay\u0131r. Bu x\u00fcsusda Avropa \u0130ttifaq\u0131 \u015euras\u0131n\u0131n Prezidentinin Br\u00fcssel Zirv\u0259si \u00e7\u0259r\u00e7iv\u0259sind\u0259 A\u0130-nin vasit\u0259\u00e7iliyi il\u0259 iki \u00f6lk\u0259 liderinin g\u00f6r\u00fc\u015f\u00fcn\u00fcn t\u0259\u015fkili t\u0259klifin\u0259 Az\u0259rbaycan t\u0259r\u0259find\u0259n raz\u0131l\u0131q verilib. M\u0259lumatda o da bildirilir ki, Avropa \u0130ttifaq\u0131 \u015euras\u0131n\u0131n Prezidenti \u015earl Mi\u015felin Az\u0259rbaycan Respublikas\u0131n\u0131n Prezidenti \u0130lham \u018fliyev v\u0259 Erm\u0259nistan Respublikas\u0131n\u0131n Ba\u015f naziri Nikol Pa\u015finyan il\u0259 19 noyabr 2021-ci il tarixind\u0259 telefon dan\u0131\u015f\u0131qlar\u0131 ba\u015f tutub v\u0259 A\u0130 \u015euras\u0131n\u0131n Prezidenti bu ilin 15 dekabr tarixind\u0259 Br\u00fcsseld\u0259 ke\u00e7iril\u0259c\u0259k \u015e\u0259rq T\u0259r\u0259fda\u015fl\u0131\u011f\u0131n\u0131n Zirv\u0259 g\u00f6r\u00fc\u015f\u00fc \u00e7\u0259r\u00e7iv\u0259sind\u0259 h\u0259r iki \u00f6lk\u0259 liderinin g\u00f6r\u00fc\u015f\u00fcn\u00fcn t\u0259\u015fkil edilm\u0259si t\u0259klifi il\u0259 \u00e7\u0131x\u0131\u015f edib. Postm\u00fcnaqi\u015f\u0259 d\u00f6vr\u00fcn\u00fcn reall\u0131qlar\u0131 m\u00fcst\u0259visind\u0259 Az\u0259rbaycan\u0131n m\u00f6vqeyi d\u0259f\u0259l\u0259rl\u0259 d\u00f6vl\u0259t ba\u015f\u00e7\u0131m\u0131z t\u0259r\u0259find\u0259n, o c\u00fcml\u0259d\u0259n beyn\u0259lxalq platformalada s\u0259sl\u0259ndirilib. Bu x\u00fcsusda, Br\u00fcssel Zirv\u0259sinin v\u0259 bu \u00e7\u0259r\u00e7iv\u0259d\u0259 ke\u00e7irilm\u0259si n\u0259z\u0259rd\u0259 tutulan g\u00f6r\u00fc\u015f\u00fcn \u0259lav\u0259 imkanlar yaradaca\u011f\u0131 bildirilir.<\/p>\n<p>Onu da qeyd ed\u0259k ki, noyabr\u0131n 26-da Prezident \u0130lham \u018fliyevl\u0259 Erm\u0259nistan\u0131n ba\u015f naziri Nikol Pa\u015finyan aras\u0131nda So\u00e7id\u0259 g\u00f6r\u00fc\u015f ke\u00e7iril\u0259c\u0259k. Bu g\u00f6r\u00fc\u015f siyas\u0259t\u00e7il\u0259r, politoloqlar t\u0259r\u0259find\u0259n 10 noyabr 2020-ci ild\u0259 imzalanm\u0131\u015f kapitulyasiya akt\u0131n\u0131n davam\u0131, m\u0259\u011flub Erm\u0259nistan\u0131n qalib Az\u0259rbaycan\u0131n ir\u0259li s\u00fcrd\u00fcy\u00fc \u015f\u0259rtl\u0259r\u0259 uy\u011fun davranma\u011fa m\u0259cbur olmas\u0131, m\u00fcz\u0259ff\u0259r Ordumuzun Z\u0259f\u0259ri n\u0259tic\u0259sind\u0259 yaranm\u0131\u015f reall\u0131qlar\u0131n q\u0259bul edilm\u0259si kimi d\u0259y\u0259rl\u0259ndirilir. Bu bax\u0131mdan ki, son bir ild\u0259 Erm\u0259nistan\u0131n ona havadarl\u0131q ed\u0259n d\u00f6vl\u0259tl\u0259rin d\u0259st\u0259yin\u0259 arxalanaraq t\u0259xribatlar t\u00f6r\u0259tm\u0259si, Da\u011fl\u0131q Qaraba\u011f m\u00fcnaqi\u015f\u0259sinin guya h\u0259ll olunmamas\u0131 il\u0259 ba\u011fl\u0131 s\u0259rs\u0259m b\u0259yanatlar s\u0259sl\u0259ndirm\u0259si m\u0259lum olaylardand\u0131r. Hadis\u0259l\u0259rin gedi\u015fi g\u00f6st\u0259rir ki, Erm\u0259nistan n\u0259 q\u0259d\u0259r bel\u0259 c\u0259hdl\u0259rl\u0259 diqq\u0259td\u0259 olsa da bu m\u0259qam\u0131 da unutmur ki, art\u0131q qalib \u00f6lk\u0259 kimi dikt\u0259 ed\u0259n t\u0259r\u0259f Az\u0259rbaycand\u0131r. \u0130\u015f\u011fal\u00e7\u0131 d\u00f6vl\u0259t ist\u0259r 10 noyabr B\u0259yanat\u0131nda, ist\u0259rs\u0259 d\u0259 11 yanvar \u00fc\u00e7t\u0259r\u0259fli g\u00f6r\u00fc\u015fd\u0259 qar\u015f\u0131ya qoyulan v\u0259zif\u0259l\u0259ri, g\u00f6t\u00fcrd\u00fcy\u00fc \u00f6hd\u0259likl\u0259ri yerin\u0259 yetirm\u0259k m\u0259cburiyy\u0259tind\u0259dir. So\u00e7i g\u00f6r\u00fc\u015f\u00fc bu kimi m\u0259qamlara bir daha i\u015f\u0131q salacaq. 44 g\u00fcnl\u00fck V\u0259t\u0259n m\u00fcharib\u0259sind\u0259 Az\u0259rbaycan\u0131n ist\u0259r d\u00f6y\u00fc\u015f, ist\u0259rs\u0259 d\u0259 informasiya c\u0259bh\u0259sind\u0259 \u00fcst\u00fcnl\u00fcy\u00fc nec\u0259 Erm\u0259nistan\u0131 10 noyabr \u00fc\u00e7t\u0259r\u0259fli B\u0259yanat\u0131 imzalay\u0131b kapitulyasiyas\u0131n\u0131 etiraf etm\u0259k m\u0259cburiyy\u0259tind\u0259 qoydusa, Erm\u0259nistan\u0131n ba\u015f naziri Nikol Pa\u015finyan\u0131n 26 noyabrda dan\u0131\u015f\u0131qlar masas\u0131na g\u0259tirilm\u0259si d\u0259 bir illik t\u0259xribatlar\u0131n\u0131n, s\u0259rs\u0259m b\u0259yanatlar\u0131n\u0131n Az\u0259rbaycan d\u00f6vl\u0259tinin q\u0259tiyy\u0259tli v\u0259 prinsipial siyas\u0259ti n\u0259tic\u0259sind\u0259 laz\u0131mi s\u0259viyy\u0259d\u0259 cavabland\u0131r\u0131lmas\u0131 fonunda geri \u00e7\u0259kilm\u0259si kimi q\u0259bul edilm\u0259lidir. Pa\u015finyan\u0131n dan\u0131\u015f\u0131qlar masas\u0131nda oturma\u011fa m\u0259cbur olmas\u0131, eyni zamanda, bu g\u00fcnl\u0259rd\u0259 sosial \u015f\u0259b\u0259k\u0259d\u0259 m\u0259tbu orqanlar\u0131n suallar\u0131n\u0131 cavabland\u0131rark\u0259n etiraflar\u0131 regiondak\u0131 reall\u0131qlar\u0131 q\u0259bul etdiyinin t\u0259sdiqidir. So\u00e7i g\u00f6r\u00fc\u015f\u00fcn\u00fcn Rusiyan\u0131n vasit\u0259\u00e7iliyi il\u0259 ba\u015f tutaca\u011f\u0131 da \u00f6z\u00fcnd\u0259 bir \u00e7ox m\u0259qamlar\u0131 ehtiva etm\u0259kl\u0259 yana\u015f\u0131, bug\u00fcn\u0259d\u0259k yaranan suallara da cavab olacaq. Bug\u00fcn\u00fcm\u00fcz\u00fcn reall\u0131qlar\u0131na s\u00f6yk\u0259n\u0259r\u0259k d\u00f6vl\u0259t ba\u015f\u00e7\u0131s\u0131, M\u00fcz\u0259ff\u0259r Ali Ba\u015f Komandan \u0130lham \u018fliyevin bu fikirl\u0259rini bir daha xat\u0131rlatmaq ist\u0259rdik: \u201cErm\u0259nistan bizim g\u00fcnd\u0259liyimizin 0,1 faizini d\u0259 formala\u015fd\u0131ra bilm\u0259z, amma biz Erm\u0259nistan\u0131n m\u00fc\u0259yy\u0259n siyasi g\u00fcnd\u0259liyini formala\u015fd\u0131r\u0131r\u0131q v\u0259 getdikc\u0259 bizim imkanlar\u0131m\u0131z daha da geni\u015fl\u0259n\u0259c\u0259k. Biz siyasi leksikona \u201cZ\u0259ng\u0259zur d\u0259hlizi\u201d s\u00f6z\u00fcn\u00fc daxil etmi\u015fik. N\u0259inki regionun, d\u00fcnyan\u0131n apar\u0131c\u0131 k\u00fctl\u0259vi informasiya vasit\u0259l\u0259ri Z\u0259ng\u0259zur d\u0259hlizi haqq\u0131nda dan\u0131\u015f\u0131rlar, yaz\u0131rlar. N\u0259 \u00fc\u00e7\u00fcn? Biz bunu daxil etmi\u015fik, m\u00fcnt\u0259z\u0259m s\u0259yl\u0259rl\u0259, art\u0131q bu reall\u0131qd\u0131r. Biz Erm\u0259nistana g\u00fcnd\u0259lik g\u00f6nd\u0259rmi\u015fik &#8211; s\u00fclh m\u00fcqavil\u0259si. Qoy desin ki, ist\u0259mir, qoy desin ki, imtina edir. M\u0259n bunu d\u0259f\u0259l\u0259rl\u0259 demi\u015f\u0259m, deyir\u0259m: Biz haz\u0131r\u0131q, dan\u0131\u015f\u0131qlara ba\u015flayaq. M\u00fcharib\u0259 qurtar\u0131b? Qurtar\u0131b\u2026 Biz \u00f6z torpa\u011f\u0131m\u0131zday\u0131q. Biz yeni reall\u0131q yaratm\u0131\u015f\u0131q, t\u0259kc\u0259 Qaraba\u011f zonas\u0131nda yox. Yeni g\u00fcnd\u0259liyi formala\u015fd\u0131raraq art\u0131q status m\u0259s\u0259l\u0259si d\u0259 qald\u0131 k\u0259narda, Da\u011fl\u0131q Qaraba\u011f s\u00f6z\u00fc d\u0259 i\u015fl\u0259dilmir. Buna nail olmaq laz\u0131m idi. \u00d6z\u00fc-\u00f6z\u00fcn\u0259 yaranan m\u0259s\u0259l\u0259l\u0259r deyil, g\u00f6yd\u0259nd\u00fc\u015fm\u0259 deyil. N\u0259y\u0259 g\u00f6r\u0259? C\u0259sar\u0259t, q\u0259tiyy\u0259t, d\u00fczg\u00fcn add\u0131mlar, h\u00fccum siyas\u0259timiz. \u018fvv\u0259ll\u0259r m\u0259n deyirdim h\u00fccum diplomatiyas\u0131, o yerind\u0259dir, amma indi b\u00fct\u00fcnl\u00fckd\u0259 h\u00fccum siyas\u0259timiz. Budur v\u0259 Erm\u0259nistan bununla hesabla\u015fmal\u0131d\u0131r, yeni reall\u0131qlar\u0131 q\u0259bul etm\u0259lidir &#8211; ist\u0259s\u0259 d\u0259, ist\u0259m\u0259s\u0259 d\u0259. He\u00e7 vaxt unutmamal\u0131d\u0131r ki, d\u0259mir yumruq yerind\u0259dir&#8221;.<\/p>\n","protected":false},"excerpt":{"rendered":"<p>Noyabr\u0131n 26-da So\u00e7id\u0259 Rusiyan\u0131n vasit\u0259\u00e7iliyi il\u0259 Prezident \u0130lham \u018fliyevl\u0259 Erm\u0259nistan\u0131n ba\u015f naziri Nikol Pa\u015finyan aras\u0131nda ke\u00e7iril\u0259c\u0259k g\u00f6r\u00fc\u015f i\u015f\u011fal\u00e7\u0131 d\u00f6vl\u0259tin reall\u0131qlarla bar\u0131\u015fmas\u0131n\u0131n, \u00f6lk\u0259mizin dikt\u0259 ed\u0259n t\u0259r\u0259f olmas\u0131n\u0131n t\u0259sdiqidir Bu g\u00fcn Az\u0259rbaycan regional inki\u015faf\u0131n apar\u0131c\u0131 q\u00fcvv\u0259sin\u0259, d\u00fcnya birliyinin f\u0259al \u00fczv\u00fcn\u0259 \u00e7evrilib. Az\u0259rbaycan\u0131n i\u015ftirak\u0131 olmadan b\u00f6lg\u0259d\u0259 hans\u0131sa iqtisadi v\u0259 siyasi layih\u0259nin h\u0259yata ke\u00e7irilm\u0259si m\u00fcmk\u00fcns\u00fczd\u00fcr. \u0130qtisadi m\u00fcst\u0259qillik Az\u0259rbaycan\u0131n siyasi m\u00fcst\u0259qilliyini \u015f\u0259rtl\u0259ndirdi. D\u00f6vl\u0259t ba\u015f\u00e7\u0131s\u0131 \u0130lham \u018fliyev Q\u0259l\u0259b\u0259mizd\u0259 iqtisadi v\u0259 siyasi m\u00fcst\u0259qilliyin rolunu x\u00fcsusi qeyd edir. Az\u0259rbaycan\u0131n beyn\u0259lxalq m\u00fcnasib\u0259tl\u0259r sistemind\u0259 m\u00f6hk\u0259ml\u0259n\u0259n m\u00f6vqeyi, \u0259n \u0259sas\u0131 Da\u011fl\u0131q Qaraba\u011f m\u00fcnaqi\u015f\u0259sinin h\u0259lli \u00fc\u00e7\u00fcn m\u00f6hk\u0259m h\u00fcquqi bazan\u0131n m\u00f6vcudlu\u011fu Az\u0259rbaycan Ordusunun d\u00f6y\u00fc\u015f&hellip;<\/p>\n","protected":false},"author":2,"featured_media":408603,"comment_status":"closed","ping_status":"closed","sticky":false,"template":"","format":"standard","meta":{"om_disable_all_campaigns":false,"_monsterinsights_skip_tracking":false,"_monsterinsights_sitenote_active":false,"_monsterinsights_sitenote_note":"","_monsterinsights_sitenote_category":0},"categories":[4],"tags":[],"aioseo_notices":[],"gutentor_comment":0,"rttpg_featured_image_url":{"full":["https:\/\/arantv.az\/wp-content\/uploads\/2021\/11\/92fde850163784787725409653810788313.jpg",975,540,false],"landscape":["https:\/\/arantv.az\/wp-content\/uploads\/2021\/11\/92fde850163784787725409653810788313.jpg",975,540,false],"portraits":["https:\/\/arantv.az\/wp-content\/uploads\/2021\/11\/92fde850163784787725409653810788313.jpg",975,540,false],"thumbnail":["https:\/\/arantv.az\/wp-content\/uploads\/2021\/11\/92fde850163784787725409653810788313-500x280.jpg",500,280,true],"medium":["https:\/\/arantv.az\/wp-content\/uploads\/2021\/11\/92fde850163784787725409653810788313-660x365.jpg",660,365,true],"large":["https:\/\/arantv.az\/wp-content\/uploads\/2021\/11\/92fde850163784787725409653810788313-840x465.jpg",640,354,true],"1536x1536":["https:\/\/arantv.az\/wp-content\/uploads\/2021\/11\/92fde850163784787725409653810788313.jpg",975,540,false],"2048x2048":["https:\/\/arantv.az\/wp-content\/uploads\/2021\/11\/92fde850163784787725409653810788313.jpg",975,540,false],"post-thumbnail":["https:\/\/arantv.az\/wp-content\/uploads\/2021\/11\/92fde850163784787725409653810788313-240x172.jpg",240,172,true],"advps-thumb-one":["https:\/\/arantv.az\/wp-content\/uploads\/2021\/11\/92fde850163784787725409653810788313.jpg",975,540,false]},"rttpg_author":{"display_name":"V\u00fcsal Rafiqo\u011flu","author_link":"https:\/\/arantv.az\/?author=2"},"rttpg_comment":0,"rttpg_category":"<a href=\"https:\/\/arantv.az\/?cat=4\" rel=\"category\">Siyas\u0259t<\/a>","rttpg_excerpt":"Noyabr\u0131n 26-da So\u00e7id\u0259 Rusiyan\u0131n vasit\u0259\u00e7iliyi il\u0259 Prezident \u0130lham \u018fliyevl\u0259 Erm\u0259nistan\u0131n ba\u015f naziri Nikol Pa\u015finyan aras\u0131nda ke\u00e7iril\u0259c\u0259k g\u00f6r\u00fc\u015f i\u015f\u011fal\u00e7\u0131 d\u00f6vl\u0259tin reall\u0131qlarla bar\u0131\u015fmas\u0131n\u0131n, \u00f6lk\u0259mizin dikt\u0259 ed\u0259n t\u0259r\u0259f olmas\u0131n\u0131n t\u0259sdiqidir Bu g\u00fcn Az\u0259rbaycan regional inki\u015faf\u0131n apar\u0131c\u0131 q\u00fcvv\u0259sin\u0259, d\u00fcnya birliyinin f\u0259al \u00fczv\u00fcn\u0259 \u00e7evrilib. Az\u0259rbaycan\u0131n i\u015ftirak\u0131 olmadan b\u00f6lg\u0259d\u0259 hans\u0131sa iqtisadi v\u0259 siyasi layih\u0259nin h\u0259yata ke\u00e7irilm\u0259si m\u00fcmk\u00fcns\u00fczd\u00fcr. \u0130qtisadi m\u00fcst\u0259qillik Az\u0259rbaycan\u0131n siyasi&hellip;","_links":{"self":[{"href":"https:\/\/arantv.az\/index.php?rest_route=\/wp\/v2\/posts\/408602"}],"collection":[{"href":"https:\/\/arantv.az\/index.php?rest_route=\/wp\/v2\/posts"}],"about":[{"href":"https:\/\/arantv.az\/index.php?rest_route=\/wp\/v2\/types\/post"}],"author":[{"embeddable":true,"href":"https:\/\/arantv.az\/index.php?rest_route=\/wp\/v2\/users\/2"}],"replies":[{"embeddable":true,"href":"https:\/\/arantv.az\/index.php?rest_route=%2Fwp%2Fv2%2Fcomments&post=408602"}],"version-history":[{"count":0,"href":"https:\/\/arantv.az\/index.php?rest_route=\/wp\/v2\/posts\/408602\/revisions"}],"wp:featuredmedia":[{"embeddable":true,"href":"https:\/\/arantv.az\/index.php?rest_route=\/wp\/v2\/media\/408603"}],"wp:attachment":[{"href":"https:\/\/arantv.az\/index.php?rest_route=%2Fwp%2Fv2%2Fmedia&parent=408602"}],"wp:term":[{"taxonomy":"category","embeddable":true,"href":"https:\/\/arantv.az\/index.php?rest_route=%2Fwp%2Fv2%2Fcategories&post=408602"},{"taxonomy":"post_tag","embeddable":true,"href":"https:\/\/arantv.az\/index.php?rest_route=%2Fwp%2Fv2%2Ftags&post=408602"}],"curies":[{"name":"wp","href":"https:\/\/api.w.org\/{rel}","templated":true}]}}