{"id":408605,"date":"2021-11-26T08:19:34","date_gmt":"2021-11-26T05:19:34","guid":{"rendered":"http:\/\/arantv.az\/?p=408605"},"modified":"2021-11-26T08:19:34","modified_gmt":"2021-11-26T05:19:34","slug":"musyo-makron-alma-m%c9%99zlumun-ahini-cixar-ah%c9%99st%c9%99-ah%c9%99st%c9%99","status":"publish","type":"post","link":"https:\/\/arantv.az\/?p=408605","title":{"rendered":"M\u00fcsyo Makron, alma m\u0259zlumun ah\u0131n\u0131, \u00e7\u0131xar ah\u0259st\u0259-ah\u0259st\u0259"},"content":{"rendered":"<p><em><strong>\u0130ll\u0259rd\u0259n b\u0259ri Rusiyaya \u00abprivet\u00bb dey\u0259n satq\u0131n erm\u0259nil\u0259r indi Fransaya \u00abbonjur\u00bb deyirl\u0259r<\/strong><\/em><\/p>\n<p>T\u00fcrkiy\u0259y\u0259 v\u0259 Az\u0259rbaycana qar\u015f\u0131 \u00e7irkin siyas\u0259tini davam etdir\u0259n, son g\u00fcnl\u0259rd\u0259 is\u0259 h\u0259ddini daha da a\u015faraq Erm\u0259nistana d\u0259st\u0259yini g\u00fccl\u0259ndir\u0259n Fransan\u0131n Prezidenti Emmanuel Makron d\u00fcnyada ba\u015f ver\u0259n siyasi hadis\u0259l\u0259rd\u0259n, \u0259dal\u0259t prinsipl\u0259rind\u0259n, insanl\u0131q amilind\u0259n x\u0259b\u0259rsizdir. T\u00fcrkiy\u0259nin Prezidenti R\u0259c\u0259b Tayyib \u018frdo\u011fan Makronun siyas\u0259td\u0259 piyada oldu\u011funu \u00e7\u0131x\u0131\u015flar\u0131nda d\u0259f\u0259l\u0259rl\u0259 qeyd edib. Fransa rrezidentinin \u00f6z\u00fc kimi i\u015f\u011fal\u00e7\u0131 Erm\u0259nistana d\u0259st\u0259k g\u00f6st\u0259rm\u0259sini t\u0259nqid edib. Ba\u015f\u00e7\u0131l\u0131q etdiyi d\u00f6vl\u0259tin \u0259sg\u0259rl\u0259rinin \u0259srl\u0259rd\u0259n b\u0259ri Afrika \u00f6lk\u0259l\u0259rind\u0259 t\u00f6r\u0259tdiyi faci\u0259l\u0259ri, k\u00fctl\u0259vi q\u0131r\u011f\u0131nlar\u0131 qanuni hesab ed\u0259n, erm\u0259ni terror\u00e7ular\u0131n\u0131 d\u0259st\u0259kl\u0259y\u0259n Makrona Fransan\u0131n tarixini \u00f6yr\u0259nm\u0259yi t\u00f6vsiy\u0259 ed\u0259n R\u0259c\u0259b Tayyib \u018frdo\u011fan\u0131n \u00abC\u0259nab Makron, s\u0259nin \u015f\u0259xs\u0259n m\u0259niml\u0259 h\u0259l\u0259 \u00e7ox s\u0131x\u0131nt\u0131n olacaq. D\u0259f\u0259l\u0259rl\u0259 bunu s\u0259n\u0259 s\u00f6yl\u0259mi\u015f\u0259m, amma qulaq asm\u0131rsan&#8230; Tarixd\u0259n bilgin yoxdur, t\u00fcrk mill\u0259tiyl\u0259 m\u0259\u015f\u011ful olma. \u018flc\u0259zaird\u0259, Ruandada minl\u0259rl\u0259 insan\u0131 \u00f6ld\u00fcr\u0259n sizl\u0259rsiz. Biz\u0259 insanl\u0131q d\u0259rsi ke\u00e7\u0259 bilm\u0259zsiz\u00bb s\u00f6zl\u0259ri m\u00fcst\u0259ml\u0259k\u0259\u00e7i d\u00f6vl\u0259tin ba\u015f\u00e7\u0131s\u0131na siyas\u0259t d\u0259rsidir. Makron \u00f6z \u00f6lk\u0259sinin tarixind\u0259n, frans\u0131z yazarlar\u0131n, tan\u0131nm\u0131\u015f siyasi xadiml\u0259rin, jurnalistl\u0259rin erm\u0259nil\u0259r bar\u0259d\u0259 a\u00e7\u0131qlamalar\u0131ndan x\u0259b\u0259rdar olsayd\u0131 ba\u015fa d\u00fc\u015f\u0259rdi ki, \u0259slini danan, yeri-yurdu, zat\u0131-s\u00fcd\u00fc b\u0259lli olmayan da\u015fnaklar\u0131n formala\u015fd\u0131rd\u0131qlar\u0131 v\u0259 Fransan\u0131n d\u0259st\u0259kl\u0259diyi \u00aberm\u0259ni soyq\u0131r\u0131m\u0131\u00bb timsah\u0131n ax\u0131td\u0131\u011f\u0131 g\u00f6z ya\u015flar\u0131d\u0131r.<\/p>\n<p>Qani\u00e7\u0259nliyi milli xarakterl\u0259ri kimi ya\u015fadan da\u015fnaklar haqq\u0131nda yaz\u0131lan \u00abErm\u0259nil\u0259r fikirl\u0259rini, niyy\u0259t v\u0259 duy\u011fular\u0131n\u0131 gizli saxlayan,<br \/>\nhiyl\u0259g\u0259r, k\u0259l\u0259kbazd\u0131rlar. D\u00fcn\u0259n onlara h\u0259yan olan, yard\u0131m ed\u0259n insanlara b\u0259d ayaqda k\u00f6m\u0259klik g\u00f6st\u0259rm\u0259z, nankorluq ed\u0259rl\u0259r\u201d\u00bb (Frans\u0131z yaz\u0131\u00e7\u0131s\u0131 Aleksandr D\u00fcma (Ata), \u00ab&#8230;G\u0259lm\u0259 erm\u0259nil\u0259r yerli \u0259halinin \u015fir\u0259sini sorma\u011fa ba\u015flad\u0131lar. Bununla kifay\u0259tl\u0259nm\u0259d\u0259n yerli m\u00fcs\u0259lman \u0259halisini n\u00fcfuzdan salmaq siyas\u0259ti yeritm\u0259y\u0259 ba\u015flad\u0131lar ki, g\u0259l\u0259c\u0259kd\u0259 onlar\u0131 bu \u0259razil\u0259rd\u0259n qovub torpaqlar\u0131na sahib ola bilsinl\u0259r. Zaqafqaziyada ya\u015fayan 1 milyon 300 min erm\u0259ninin 1 milyonu yerli deyil. Onlar bu \u0259razil\u0259r\u0259 bizim t\u0259r\u0259fimizd\u0259n k\u00f6\u00e7\u00fcr\u00fcl\u00fcbl\u0259r. Erm\u0259ni kils\u0259si bir m\u00fcdd\u0259t saxta pul d\u00fcz\u0259ld\u0259nl\u0259rin yuvas\u0131 olmu\u015fdu. Bu monast\u0131r h\u0259mi\u015f\u0259 m\u0259nd\u0259 dini m\u0259rk\u0259zd\u0259n \u00e7ox, siyasi m\u0259rk\u0259z t\u0259\u0259ss\u00fcrat\u0131 yarad\u0131rd\u0131. S\u0131ravi erm\u0259ninin yoxsullu\u011funu v\u0259 iztirablar\u0131n\u0131 g\u00f6r\u0259nd\u0259 q\u0259lbimd\u0259 b\u00f6y\u00fck m\u0259rh\u0259m\u0259t hissi oyansa da, onlara he\u00e7 vaxt qan\u0131m qaynam\u0131rd\u0131. \u00c7\u00fcnki bu mill\u0259tin xisl\u0259tind\u0259 m\u0259nfur biclik, biab\u0131r\u00e7\u0131 \u0259clafl\u0131q v\u0259 r\u00fcsvay\u00e7\u0131 bir al\u00e7aql\u0131q hiss etmi\u015fdim\u201d\u00bb (XIX \u0259srin Frans\u0131z s\u0259yyah\u0131 qraf Arman Pyer de \u015e\u00f6lye), \u00ab\u2026H\u0259rbi \u0259m\u0259liyyatlara g\u0259linc\u0259, Erm\u0259nistandan yenic\u0259 qay\u0131tm\u0131\u015f \u015fahidl\u0259rd\u0259n \u0259m\u0259liyyatlar\u0131n nec\u0259 apar\u0131ld\u0131\u011f\u0131na dair bir s\u0131ra m\u0259lumatlar \u0259ld\u0259 etmi\u015f\u0259m. \u0130yun ay\u0131n\u0131n ax\u0131rlar\u0131nda erm\u0259ni qo\u015funlar\u0131 40 000-d\u0259n \u00e7ox az\u0259rbaycanl\u0131n\u0131n ya\u015fad\u0131\u011f\u0131 \u0130r\u0259van\u0131n c\u0259nubundak\u0131 25 k\u0259ndi m\u00fchasir\u0259y\u0259 al\u0131blar. Paytaxta yax\u0131n \u0259razid\u0259 ya\u015fayan v\u0259 hans\u0131sa m\u00fcst\u0259qillik iddias\u0131nda olmayan bu s\u00fclhp\u0259rv\u0259r \u0259hali h\u0259mi\u015f\u0259 sakit h\u0259yat t\u0259rzi s\u00fcr\u00fcb. Onlar\u0131 top at\u0259\u015fl\u0259ri il\u0259 ya\u015fad\u0131qlar\u0131 k\u0259ndl\u0259rd\u0259n qovaraq Araz \u00e7ay\u0131na t\u00f6k\u00fcbl\u0259r. Bo\u015falan k\u0259ndl\u0259ri is\u0259 q\u0131sa m\u00fcdd\u0259td\u0259 g\u0259lm\u0259 erm\u0259nil\u0259r i\u015f\u011fal edib. Bu hadis\u0259 zaman\u0131 erm\u0259ni \u0259sg\u0259rl\u0259r t\u0259r\u0259find\u0259n, qad\u0131n v\u0259 u\u015faqlar da daxil olmaqla 4 000 az\u0259rbaycanl\u0131 Araz \u00e7ay\u0131na at\u0131laraq \u00f6ld\u00fcr\u00fcl\u00fcb\u00bb (1920-ci ilin 20 iyulunda Fransan\u0131n Qafqaz \u00fczr\u0259 ali komissar\u0131 Damien de Martel) kimi n\u00fcmun\u0259l\u0259r Makronun d\u0259st\u0259kl\u0259diyi toplumun nec\u0259 bir qani\u00e7\u0259n oldu\u011funu s\u00fcbut edir. Xocal\u0131 soyq\u0131r\u0131m\u0131n\u0131n \u015fahidi olan frans\u0131z jurnalistl\u0259rin erm\u0259nil\u0259rin az\u0259rbaycanl\u0131lara qar\u015f\u0131 t\u00f6r\u0259tdikl\u0259ri v\u0259h\u015filikl\u0259rl\u0259 ba\u011fl\u0131 qeydl\u0259ri insan\u0131n qan\u0131n\u0131 dondurur. Amma Makrona t\u0259sir etmir\u2026 \u00c7\u00fcnki erm\u0259nil\u0259rin az\u0259rbaycanl\u0131lara qar\u015f\u0131 t\u00f6r\u0259tdikl\u0259ri barbarl\u0131q frans\u0131zlar\u0131n Afrikan\u0131n yerli sakinl\u0259ri olan qarad\u0259rilil\u0259r \u00fcz\u0259rind\u0259 s\u0131naqdan ke\u00e7irdikl\u0259ri \u00abgenosid t\u0259cr\u00fcb\u0259l\u0259ri il\u0259\u00bb eynilik t\u0259\u015fkil edir. Xocal\u0131da q\u0259tl\u0259 yetirdikl\u0259ri 100 n\u0259f\u0259ri yana\u015f\u0131 d\u00fcz\u0259r\u0259k k\u00f6rp\u00fc d\u00fcz\u0259ld\u0259n, 30 ild\u0259 i\u015f\u011fal etdiyi Az\u0259rbaycan torpaqlar\u0131nda h\u0259rbi, ekoloji, m\u0259d\u0259ni terrorlar t\u00f6r\u0259d\u0259n, minl\u0259rl\u0259 g\u00fcnahs\u0131z az\u0259rbaycanl\u0131n\u0131 q\u0259tl\u0259 yetir\u0259n separat\u00e7\u0131lar\u0131 d\u0259st\u0259kl\u0259y\u0259n , Erm\u0259nistan\u0131n i\u015f\u011fal alt\u0131nda saxlad\u0131\u011f\u0131 Az\u0259rbaycan torpaqlar\u0131nda istehkamalar\u0131n qurulmas\u0131nda i\u015ftirak ed\u0259n Makron V\u0259t\u0259n m\u00fcharib\u0259si zaman\u0131 v\u0259 sonrak\u0131 d\u00f6vrd\u0259 AT\u018fT-in Minsk qrupunun h\u0259ms\u0259dr \u00f6lk\u0259si deyil, i\u015f\u011fal\u00e7\u0131n\u0131n hamisi kimi \u00abf\u0259aliyy\u0259t\u00bb g\u00f6st\u0259rmi\u015fdir. \u0130deoloji sah\u0259d\u0259 d\u0259 Erm\u0259nistanla \u0259m\u0259kda\u015fl\u0131q ed\u0259n Fransa separat\u00e7\u0131 rejim\u0259 h\u0259r sah\u0259d\u0259 d\u0259st\u0259k g\u00f6st\u0259rir.<\/p>\n<p>Qondarma rejim \u00abDa\u011fl\u0131q Qaraba\u011f respublikas\u0131\u00bb il\u0259 Fransan\u0131n b\u0259zi \u0259yal\u0259tl\u0259ri aras\u0131nda imzalanm\u0131\u015f s\u0259n\u0259dl\u0259r\u201d, \u00f6t\u0259n ill\u0259rd\u0259 Erm\u0259nistan\u0131n T\u00fcrkiy\u0259y\u0259 qar\u015f\u0131 qald\u0131rd\u0131\u011f\u0131 \u00aberm\u0259ni soyq\u0131r\u0131m\u0131\u00bb iddialar\u0131 Fransan\u0131n Konstitusiya M\u0259hk\u0259m\u0259si t\u0259r\u0259find\u0259n l\u0259\u011fv olundu. Saxta soyq\u0131r\u0131m\u0131n\u0131 tan\u0131mayan frans\u0131zlara qar\u015f\u0131 c\u0259rim\u0259l\u0259rin t\u0259tbiqi \u00f6lk\u0259 v\u0259t\u0259nda\u015flar\u0131 t\u0259r\u0259find\u0259n etirazla qar\u015f\u0131land\u0131. Son ill\u0259rd\u0259 Parisin k\u00fc\u00e7\u0259l\u0259rind\u0259 i\u011fti\u015fa\u015flar t\u00f6r\u0259d\u0259n \u00absar\u0131 jiletlil\u0259r\u00bb\u0259 qar\u015f\u0131 \u00abd\u0259y\u0259n\u0259k c\u0259zas\u0131\u00bb, Avropan\u0131n m\u0259d\u0259niyy\u0259t paytaxt\u0131nda aylarla davam ed\u0259n i\u011fti\u015fa\u015f i\u015ftirak\u00e7\u0131lar\u0131n\u0131n m\u0259ruz qald\u0131qlar\u0131 su \u015f\u0131rnaqlar\u0131 Makronun \u00aberm\u0259nisayaq humanizmi\u00bbnin t\u0259zah\u00fcr\u00fcd\u00fcr.<\/p>\n<p>Separat\u00e7\u0131 rejim t\u0259msil\u00e7il\u0259rinin bu yax\u0131nlarda Fransaya s\u0259f\u0259rinin t\u0259\u015fkilin\u0259 v\u0259 erm\u0259ni lobbisinin quluna \u00e7evril\u0259n senatorlar t\u0259r\u0259find\u0259n h\u0259rar\u0259tl\u0259 qar\u015f\u0131lanmalar\u0131na da Makron cavabdehdir.\u00a0Noyabr ay\u0131n\u0131n 23-d\u0259 Fransada Senat\u0131n prezidentinin himay\u0259si v\u0259 Erm\u0259nistan parlament n\u00fcmay\u0259nd\u0259 hey\u0259tinin i\u015ftirak\u0131 il\u0259 \u00abDa\u011fl\u0131q Qaraba\u011f Respublikas\u0131n\u0131n tan\u0131nmas\u0131n\u0131n z\u0259ruriliyin\u0259 dair\u201d\u00bb q\u0259r\u0259zli q\u0259tnam\u0259nin q\u0259bul edilm\u0259sinin ild\u00f6n\u00fcm\u00fcn\u0259 h\u0259sr olunmu\u015f t\u0259dbirin ke\u00e7irilm\u0259si Fransan\u0131n Az\u0259rbaycana m\u00fcnasib\u0259tinin n\u0259 q\u0259d\u0259r q\u0259r\u0259zli oldu\u011funu v\u0259 Minsk qrupunun h\u0259ms\u0259dri kimi \u00f6z \u00f6hd\u0259likl\u0259rini yerin\u0259 yetir\u0259 bilm\u0259diyini g\u00f6st\u0259rir.<\/p>\n<p>Yeni Kaledoniyada, Korsikada insanlar\u0131n m\u00fcst\u0259qillik ist\u0259kl\u0259rini bo\u011fan, \u0259halinin t\u0259l\u0259bl\u0259rin\u0259 polis d\u0259y\u0259n\u0259yi il\u0259 cavab ver\u0259n Fransan\u0131n \u00abDa\u011fl\u0131q Qaraba\u011fa m\u00fcst\u0259qillik verilm\u0259si\u00bb il\u0259 ba\u011fl\u0131 canf\u0259\u015fanl\u0131\u011f\u0131 Makronun separatizm\u0259 v\u0259 terrora d\u0259st\u0259yidir. Paris aeroportunda insanlar\u0131n \u00f6l\u00fcm\u00fc il\u0259 n\u0259tic\u0259l\u0259n\u0259n terroru t\u00f6r\u0259d\u0259n Monte Melkonyan\u0131n Erm\u0259nistana t\u0259hvil verilm\u0259si, ASALA t\u0259msil\u00e7isinin \u00abmilli q\u0259hr\u0259man\u00bb adland\u0131r\u0131lmas\u0131 ilk n\u00f6vb\u0259d\u0259 sad\u0259 frans\u0131zlara etinas\u0131zl\u0131qd\u0131r. G\u00f6r\u00fcnd\u00fcy\u00fc kimi, Fransa legionunun Afrika qit\u0259sind\u0259 t\u00f6r\u0259tdiyi soyq\u0131r\u0131mlarla erm\u0259ni quldurlar\u0131n\u0131n az\u0259rbaycanl\u0131lara qar\u015f\u0131 v\u0259h\u015filikl\u0259ri mahiyy\u0259t etibaril\u0259 eynilik t\u0259\u015fkil edir.<\/p>\n<p>Bu g\u00fcnl\u0259rd\u0259 d\u0259 Fransa \u0130\u015e\u0130D terror\u00e7u qruplar\u0131 il\u0259 i\u015fbirliyini davam etdirir. Fransan\u0131n m\u0259xfi xidm\u0259t dair\u0259l\u0259ri \u00abLafarge\u00bb\u201d sement \u015firk\u0259ti vasit\u0259sil\u0259 \u0130\u015e\u0130D v\u0259 dig\u0259r terror t\u0259\u015fkilatlar\u0131n\u0131 maliyy\u0259l\u0259\u015fdirir. \u00abTRT World\u00bb kanal\u0131n\u0131n\u201d Fransa \u0130\u015e\u0130D v\u0259 PKK il\u0259 gizli \u0259laq\u0259l\u0259rini if\u015fa ed\u0259n \u00abZavod: Gizli Frans\u0131z \u018fm\u0259liyyat\u0131\u201d adl\u0131\u00bb s\u0259n\u0259dli filmind\u0259 g\u00f6st\u0259ril\u0259n v\u0259 insanlar\u0131n \u00f6l\u00fcm\u00fcn\u0259 s\u0259b\u0259b olan bu \u00abyard\u0131mlar\u00bb Makronun \u00fcz qaras\u0131d\u0131r. Q\u0259rib\u0259dir ki, terror\u00e7ularla \u0259m\u0259kda\u015fl\u0131q Fransan\u0131n indiki Prezidenti Emmanuel Makronun h\u0259min d\u00f6vrd\u0259 bu \u00f6lk\u0259nin xaricd\u0259ki s\u0259rmay\u0259l\u0259rin\u0259 m\u0259sul olan iqtisadiyyat naziri oldu\u011fu d\u00f6vrd\u0259 ba\u015f verib. V\u0259t\u0259n m\u00fcharib\u0259si d\u00f6vr\u00fcnd\u0259 Fransan\u0131n Az\u0259rbaycan\u0131n ya\u015fay\u0131\u015f m\u0259nt\u0259q\u0259l\u0259rini, dinc insanlar\u0131 at\u0259\u015f\u0259 tutan, terror aktlar\u0131 t\u00f6r\u0259d\u0259n Erm\u0259nistan\u0131 a\u00e7\u0131q \u015f\u0259kild\u0259 himay\u0259 etm\u0259si, ona humanitar yard\u0131m ad\u0131 alt\u0131nda t\u0259yyar\u0259l\u0259rl\u0259 silah-sursat da\u015f\u0131mas\u0131, separatizmin d\u0259st\u0259kl\u0259nm\u0259si ill\u0259rd\u0259n b\u0259ri t\u0259kmill\u0259\u015f\u0259n Makronun \u00abterrora d\u0259st\u0259k\u00bb ist\u0259yind\u0259n v\u0259 t\u0259cr\u00fcb\u0259sind\u0259n qaynaqlan\u0131r. Fransan\u0131n \u0130kinci Qaraba\u011f m\u00fcharib\u0259sind\u0259 suriyal\u0131 muzdlu d\u00f6y\u00fc\u015f\u00e7\u00fcl\u0259rd\u0259n Az\u0259rbaycana qar\u015f\u0131 istifad\u0259 etm\u0259sin\u0259 dair d\u0259 faktlar vard\u0131r. Buna baxmayaraq, Fransa Az\u0259rbaycana b\u00f6htan ataraq guya suriyal\u0131 terror\u00e7ular\u0131n Az\u0259rbaycan t\u0259r\u0259find\u0259n d\u00f6y\u00fc\u015fm\u0259si bar\u0259d\u0259 dezinformasiyalar tirajlay\u0131r. Az\u0259rbaycan d\u00f6vl\u0259tinin bu b\u00f6htanlar qar\u015f\u0131l\u0131\u011f\u0131nda s\u00fcbut t\u0259l\u0259bl\u0259rin\u0259 veril\u0259c\u0259k cavab\u0131 olmayan Fransa<br \/>\nr\u00fcsvay oldu. Fransa r\u0259hb\u0259rliyind\u0259 t\u0259msil olunan \u015f\u0259xsl\u0259rin beyn\u0259lxalq terror\u00e7ulu\u011fa d\u0259st\u0259yi d\u0259 t\u0259sdiql\u0259ndi.<\/p>\n<p>Bel\u0259 ki, m\u00fcsyo Makron, g\u00f6z g\u00f6rd\u00fcy\u00fcn\u0259 inanar, qulaq e\u015fitdiyin\u0259. Az\u0259rbaycan Ordusu s\u0259nin d\u0259st\u0259yinl\u0259 sal\u0131nan, al\u0131nmaz qala adland\u0131rd\u0131\u011f\u0131n istehkamlar\u0131 da\u011f\u0131td\u0131. \u018fziz, x\u0259l\u0259fl\u0259rin erm\u0259nil\u0259ri el\u0259 o istehkamlarda basd\u0131rd\u0131. Bu yerd\u0259 t\u00fcrkl\u0259rin el m\u0259s\u0259lini xat\u0131rlatmaq yerin\u0259 d\u00fc\u015f\u0259r: Alma m\u0259zlumun ah\u0131n\u0131, \u00e7\u0131xar ah\u0259st\u0259-ah\u0259st\u0259. Vaxt g\u0259l\u0259r, Afrikada , Az\u0259rbaycanda t\u00f6k\u00fcl\u0259n qanlar \u00fc\u00e7\u00fcn d\u0259st\u0259kl\u0259diyin erm\u0259ni terror\u00e7ularla birlikd\u0259 vicdan\u0131n qar\u015f\u0131s\u0131nda cavab verm\u0259li olarsan. Amma, o da var ki, vicdanl\u0131 adam bu q\u0259d\u0259r zal\u0131m, \u0259zazil ola bilm\u0259z. \u0130ll\u0259rd\u0259n b\u0259ri Rusiyan\u0131n k\u00f6l\u0259si olan, indi is\u0259 ona arxa \u00e7evir\u0259n Erm\u0259nistan\u0131n Fransaya da dirs\u0259k g\u00f6st\u0259r\u0259c\u0259yi g\u00fcnl\u0259r g\u0259l\u0259c\u0259k. M\u00fctl\u0259q g\u0259l\u0259c\u0259k!<\/p>\n","protected":false},"excerpt":{"rendered":"<p>\u0130ll\u0259rd\u0259n b\u0259ri Rusiyaya \u00abprivet\u00bb dey\u0259n satq\u0131n erm\u0259nil\u0259r indi Fransaya \u00abbonjur\u00bb deyirl\u0259r T\u00fcrkiy\u0259y\u0259 v\u0259 Az\u0259rbaycana qar\u015f\u0131 \u00e7irkin siyas\u0259tini davam etdir\u0259n, son g\u00fcnl\u0259rd\u0259 is\u0259 h\u0259ddini daha da a\u015faraq Erm\u0259nistana d\u0259st\u0259yini g\u00fccl\u0259ndir\u0259n Fransan\u0131n Prezidenti Emmanuel Makron d\u00fcnyada ba\u015f ver\u0259n siyasi hadis\u0259l\u0259rd\u0259n, \u0259dal\u0259t prinsipl\u0259rind\u0259n, insanl\u0131q amilind\u0259n x\u0259b\u0259rsizdir. T\u00fcrkiy\u0259nin Prezidenti R\u0259c\u0259b Tayyib \u018frdo\u011fan Makronun siyas\u0259td\u0259 piyada oldu\u011funu \u00e7\u0131x\u0131\u015flar\u0131nda d\u0259f\u0259l\u0259rl\u0259 qeyd edib. Fransa rrezidentinin \u00f6z\u00fc kimi i\u015f\u011fal\u00e7\u0131 Erm\u0259nistana d\u0259st\u0259k g\u00f6st\u0259rm\u0259sini t\u0259nqid edib. Ba\u015f\u00e7\u0131l\u0131q etdiyi d\u00f6vl\u0259tin \u0259sg\u0259rl\u0259rinin \u0259srl\u0259rd\u0259n b\u0259ri Afrika \u00f6lk\u0259l\u0259rind\u0259 t\u00f6r\u0259tdiyi faci\u0259l\u0259ri, k\u00fctl\u0259vi q\u0131r\u011f\u0131nlar\u0131 qanuni hesab ed\u0259n, erm\u0259ni terror\u00e7ular\u0131n\u0131 d\u0259st\u0259kl\u0259y\u0259n Makrona Fransan\u0131n tarixini \u00f6yr\u0259nm\u0259yi t\u00f6vsiy\u0259 ed\u0259n&hellip;<\/p>\n","protected":false},"author":2,"featured_media":408606,"comment_status":"closed","ping_status":"closed","sticky":false,"template":"","format":"standard","meta":{"om_disable_all_campaigns":false,"_monsterinsights_skip_tracking":false,"_monsterinsights_sitenote_active":false,"_monsterinsights_sitenote_note":"","_monsterinsights_sitenote_category":0},"categories":[19],"tags":[],"aioseo_notices":[],"gutentor_comment":0,"rttpg_featured_image_url":{"full":["https:\/\/arantv.az\/wp-content\/uploads\/2021\/11\/c4c455df160915506117228237610021554.jpg",975,540,false],"landscape":["https:\/\/arantv.az\/wp-content\/uploads\/2021\/11\/c4c455df160915506117228237610021554.jpg",975,540,false],"portraits":["https:\/\/arantv.az\/wp-content\/uploads\/2021\/11\/c4c455df160915506117228237610021554.jpg",975,540,false],"thumbnail":["https:\/\/arantv.az\/wp-content\/uploads\/2021\/11\/c4c455df160915506117228237610021554-500x280.jpg",500,280,true],"medium":["https:\/\/arantv.az\/wp-content\/uploads\/2021\/11\/c4c455df160915506117228237610021554-660x365.jpg",660,365,true],"large":["https:\/\/arantv.az\/wp-content\/uploads\/2021\/11\/c4c455df160915506117228237610021554-840x465.jpg",640,354,true],"1536x1536":["https:\/\/arantv.az\/wp-content\/uploads\/2021\/11\/c4c455df160915506117228237610021554.jpg",975,540,false],"2048x2048":["https:\/\/arantv.az\/wp-content\/uploads\/2021\/11\/c4c455df160915506117228237610021554.jpg",975,540,false],"post-thumbnail":["https:\/\/arantv.az\/wp-content\/uploads\/2021\/11\/c4c455df160915506117228237610021554-240x172.jpg",240,172,true],"advps-thumb-one":["https:\/\/arantv.az\/wp-content\/uploads\/2021\/11\/c4c455df160915506117228237610021554.jpg",975,540,false]},"rttpg_author":{"display_name":"V\u00fcsal Rafiqo\u011flu","author_link":"https:\/\/arantv.az\/?author=2"},"rttpg_comment":0,"rttpg_category":"<a href=\"https:\/\/arantv.az\/?cat=19\" rel=\"category\">G\u00fcnd\u0259m<\/a>","rttpg_excerpt":"\u0130ll\u0259rd\u0259n b\u0259ri Rusiyaya \u00abprivet\u00bb dey\u0259n satq\u0131n erm\u0259nil\u0259r indi Fransaya \u00abbonjur\u00bb deyirl\u0259r T\u00fcrkiy\u0259y\u0259 v\u0259 Az\u0259rbaycana qar\u015f\u0131 \u00e7irkin siyas\u0259tini davam etdir\u0259n, son g\u00fcnl\u0259rd\u0259 is\u0259 h\u0259ddini daha da a\u015faraq Erm\u0259nistana d\u0259st\u0259yini g\u00fccl\u0259ndir\u0259n Fransan\u0131n Prezidenti Emmanuel Makron d\u00fcnyada ba\u015f ver\u0259n siyasi hadis\u0259l\u0259rd\u0259n, \u0259dal\u0259t prinsipl\u0259rind\u0259n, insanl\u0131q amilind\u0259n x\u0259b\u0259rsizdir. T\u00fcrkiy\u0259nin Prezidenti R\u0259c\u0259b Tayyib \u018frdo\u011fan Makronun siyas\u0259td\u0259 piyada oldu\u011funu \u00e7\u0131x\u0131\u015flar\u0131nda d\u0259f\u0259l\u0259rl\u0259 qeyd&hellip;","_links":{"self":[{"href":"https:\/\/arantv.az\/index.php?rest_route=\/wp\/v2\/posts\/408605"}],"collection":[{"href":"https:\/\/arantv.az\/index.php?rest_route=\/wp\/v2\/posts"}],"about":[{"href":"https:\/\/arantv.az\/index.php?rest_route=\/wp\/v2\/types\/post"}],"author":[{"embeddable":true,"href":"https:\/\/arantv.az\/index.php?rest_route=\/wp\/v2\/users\/2"}],"replies":[{"embeddable":true,"href":"https:\/\/arantv.az\/index.php?rest_route=%2Fwp%2Fv2%2Fcomments&post=408605"}],"version-history":[{"count":0,"href":"https:\/\/arantv.az\/index.php?rest_route=\/wp\/v2\/posts\/408605\/revisions"}],"wp:featuredmedia":[{"embeddable":true,"href":"https:\/\/arantv.az\/index.php?rest_route=\/wp\/v2\/media\/408606"}],"wp:attachment":[{"href":"https:\/\/arantv.az\/index.php?rest_route=%2Fwp%2Fv2%2Fmedia&parent=408605"}],"wp:term":[{"taxonomy":"category","embeddable":true,"href":"https:\/\/arantv.az\/index.php?rest_route=%2Fwp%2Fv2%2Fcategories&post=408605"},{"taxonomy":"post_tag","embeddable":true,"href":"https:\/\/arantv.az\/index.php?rest_route=%2Fwp%2Fv2%2Ftags&post=408605"}],"curies":[{"name":"wp","href":"https:\/\/api.w.org\/{rel}","templated":true}]}}