{"id":408611,"date":"2021-11-26T08:28:51","date_gmt":"2021-11-26T05:28:51","guid":{"rendered":"http:\/\/arantv.az\/?p=408611"},"modified":"2021-11-26T08:28:51","modified_gmt":"2021-11-26T05:28:51","slug":"erm%c9%99nistan-ucun-son-sans-yoxsa-son-gozl%c9%99r-socid%c9%99","status":"publish","type":"post","link":"https:\/\/arantv.az\/?p=408611","title":{"rendered":"Erm\u0259nistan \u00fc\u00e7\u00fcn son \u015fans, yoxsa son&#8230; &#8211; g\u00f6zl\u0259r So\u00e7id\u0259"},"content":{"rendered":"<h3><strong>\u00dc\u00e7t\u0259r\u0259fli g\u00f6r\u00fc\u015fd\u0259n \u0259sas g\u00f6zl\u0259nti; \u0130r\u0259van\u0131n vaxt limiti bitib; bu d\u0259f\u0259 kapitulyant \u00f6lk\u0259nin \u00fcz\u0259rin\u0259 daha konkret \u00f6hd\u0259lik qoyulacaq; Putin Pa\u015finyan\u0131 q\u0131sa zamanda \u00fcz\u00fcyola v\u0259 s\u00f6z\u0259baxan ed\u0259 bil\u0259r, ed\u0259c\u0259kmi?..<\/strong><\/h3>\n<p><strong>Bu g\u00fcn Rusiyan\u0131n So\u00e7i \u015f\u0259h\u0259rind\u0259 Az\u0259rbaycan, Rusiya v\u0259 Erm\u0259nistan r\u0259hb\u0259rl\u0259rinin g\u00f6r\u00fc\u015f\u00fc olacaq. Art\u0131q t\u0259xmini g\u00fcnd\u0259lik b\u0259llidir. Tan\u0131nm\u0131\u015f politoloq, Kreml\u0259 yax\u0131nl\u0131\u011f\u0131 il\u0259 tan\u0131nan Sergey Markov deyib ki, \u0259sas m\u0259s\u0259l\u0259l\u0259rd\u0259n biri v\u0259 birincisi t\u0259r\u0259fl\u0259rin 10 noyabr 2020-ci il b\u0259yanat\u0131 v\u0259 bu b\u0259yanat\u0131n b\u00fct\u00fcn b\u0259ndl\u0259rin\u0259 sadiqlikl\u0259rini bir daha t\u0259sdiql\u0259m\u0259si il\u0259 ba\u011fl\u0131 olacaq.<\/strong><\/p>\n<p>\u201cBu m\u0259s\u0259l\u0259 99 faiz ehtimalla h\u0259llini tapacaq v\u0259 olduqca vacibdir. M\u00fczakir\u0259 olunacaq ikinci m\u0259s\u0259l\u0259 s\u0259rh\u0259dl\u0259rin demarkasiyas\u0131, \u00fc\u00e7\u00fcnc\u00fc is\u0259 d\u0259hlizl\u0259rdir\u201d, &#8211; Markov bildirib.<\/p>\n<p>Politoloqa g\u00f6r\u0259, haz\u0131rda problem \u00e7ox oldu\u011fundan, s\u0259rh\u0259din demarkasiyas\u0131 v\u0259 delimitasiyas\u0131 m\u0259s\u0259l\u0259sinin bird\u0259f\u0259lik h\u0259lli m\u00fcmk\u00fcn deyil (Axar.az). \u201c\u00c7ox g\u00fcman ki, g\u00f6r\u00fc\u015f zaman\u0131 s\u0259rh\u0259din delimitasiyas\u0131 \u00fczr\u0259 i\u015f\u00e7i qrupunun yarad\u0131lmas\u0131 il\u0259 ba\u011fl\u0131 q\u0259rar veril\u0259c\u0259k. T\u0259\u0259cc\u00fcbl\u00fcd\u00fcr ki, s\u00fclh sazi\u015finin imzalanmas\u0131ndan bir ild\u0259n \u00e7ox vaxt ke\u00e7ib, ancaq Bel\u0259 bir i\u015f\u00e7i qrupu h\u0259l\u0259 d\u0259 yarad\u0131lmay\u0131b\u201d, &#8211; rusiyal\u0131 ekspert bildirib.<\/p>\n<p><img loading=\"lazy\" src=\"https:\/\/static.azpolitika.info\/storage\/news\/af9a44f2c9d78032bc21fe16f4559536\/ba5b087b-6b9e-49ee-b98d-54f4fb801a34.jpg\" alt=\"BR\u00dcSSELD\u018f \u018fL\u0130YEV-PA\u015e\u0130NYAN G\u00d6R\u00dc\u015e\u00dc OLACAQ - Avropa \u0130ttifaq\u0131n\u0131n t\u0259klifini h\u0259r  iki t\u0259r\u0259f q\u0259bul edib \u00bb Regionxeberleri.com\" width=\"801\" height=\"534\" \/><\/p>\n<p>Maraql\u0131d\u0131r ki, g\u00f6r\u00fc\u015f \u0259r\u0259f\u0259sind\u0259 Rusiya prezidenti Vladimir Putinl\u0259 Avropa \u0130ttifaq\u0131 \u015euras\u0131n\u0131n s\u0259dri, \u018fliyevl\u0259 Pa\u015finyan aras\u0131nda 15 dekabr Br\u00fcssel g\u00f6r\u00fc\u015f\u00fcn\u00fcn t\u0259\u015fkilat\u00e7\u0131s\u0131 \u015earl Mi\u015fel aras\u0131nda telefon dan\u0131\u015f\u0131\u011f\u0131 olub. Kremlin yayd\u0131\u011f\u0131 m\u0259lumata g\u00f6r\u0259, telefon dan\u0131\u015f\u0131\u011f\u0131 zaman\u0131 bir s\u0131ra aktual beyn\u0259lxalq probleml\u0259r m\u00fczakir\u0259 olunub.<\/p>\n<p><img loading=\"lazy\" src=\"https:\/\/static.report.az\/photo\/8676c4f7-4c8f-354b-a7a2-2028c8b47395_850.jpeg\" alt=\"Rusiya Prezidenti Avropa \u0130ttifaq\u0131 \u015euras\u0131n\u0131n prezidenti il\u0259 Qaraba\u011f\u0131  m\u00fczakir\u0259 edib | Report.az\" width=\"694\" height=\"433\" \/><\/p>\n<p>\u201cVladimir Putin \u015earl Mi\u015felin xahi\u015fi il\u0259 Da\u011fl\u0131q Qaraba\u011fa dair 10 noyabr 2020-ci il v\u0259 11 yanvar 2021-ci il tarixli \u00fc\u00e7t\u0259r\u0259fli raz\u0131la\u015fmalar\u0131n m\u00fcdd\u0259alar\u0131n\u0131n h\u0259yata ke\u00e7irilm\u0259si, o c\u00fcml\u0259d\u0259n dinc h\u0259yat\u0131n b\u0259rq\u0259rar edilm\u0259si, iqtisadi m\u00fcnasib\u0259tl\u0259rin b\u0259rpas\u0131, C\u0259nubi Qafqazda n\u0259qliyyat \u0259laq\u0259l\u0259rinin a\u00e7\u0131lmas\u0131 istiqam\u0259tind\u0259 at\u0131lan add\u0131mlar bar\u0259d\u0259 m\u0259lumat verib. M\u0259hz bu m\u0259s\u0259l\u0259l\u0259r\u0259 Rusiya v\u0259 Az\u0259rbaycan prezidentl\u0259rinin v\u0259 Erm\u0259nistan\u0131n ba\u015f nazirinin noyabr\u0131n 26-da So\u00e7id\u0259 ke\u00e7iril\u0259c\u0259k g\u00f6r\u00fc\u015f\u00fcnd\u0259 bax\u0131lmas\u0131 planla\u015fd\u0131r\u0131l\u0131r\u201d, &#8211; m\u0259lumat\u0131nda qeyd olunur.<\/p>\n<p>*****<\/p>\n<p><img loading=\"lazy\" src=\"https:\/\/lh3.googleusercontent.com\/proxy\/yP8_QiCwkV4_7G1Ew2pyxAnlPKZWH_NAYsTah5bS-SarYxpVn7NpwM8l3IfY95g-zsPz7zvx9GBam46SwpujIRwjgBzKsA27CZICUDR7T3kA2U34iTkk\" alt=\"Putin Nikoldan \u015f\u00fcbh\u0259l\u0259nir: \u201cikinci z\u0259ng\u201din m\u0259qs\u0259di\" width=\"716\" height=\"428\" \/><\/p>\n<p><strong>Bel\u0259likl\u0259, g\u00fcnd\u0259m ortada. Qal\u0131r, indi onun konstruktiv m\u0259crada m\u00fczakir\u0259si v\u0259 veril\u0259c\u0259k q\u0259rarlar\u0131n l\u0259ngim\u0259d\u0259n h\u0259yata ke\u00e7irilm\u0259si. \u00c7\u00fcnki yuxar\u0131da ad\u0131 \u00e7\u0259kil\u0259n iki s\u0259n\u0259din m\u00fch\u00fcm b\u0259ndl\u0259rinin realla\u015fmas\u0131 onsuz da yuban\u0131r. \u0130lk n\u00f6vb\u0259d\u0259 d\u0259 Erm\u0259nistan r\u0259hb\u0259rliyinin t\u0259xribatlar\u0131 ucbat\u0131ndan.<\/strong><\/p>\n<p>\u0130kinci yandan, bel\u0259 v\u0259ziyy\u0259t Rusiyan\u0131n, m\u0259xsus\u0259n onun lideri Putinin imici \u0259leyhin\u0259 i\u015fl\u0259m\u0259k\u0259d\u0259dir. H\u0259r nec\u0259 olmasa, h\u0259min s\u0259n\u0259dl\u0259rd\u0259 onun imzas\u0131 durur. Paralel sur\u0259td\u0259 b\u00f6lg\u0259d\u0259 yeni m\u00fcharib\u0259 riski art\u0131r ki, bu da Kreml\u0259 s\u0259rf\u0259li deyil. Odur ki, bu d\u0259f\u0259 r\u0259smi \u0130r\u0259van\u0131n \u00fcz\u0259rin\u0259 daha konkret \u00f6hd\u0259likl\u0259rin qoyulaca\u011f\u0131, daha konkret vaxtlar\u0131n g\u00f6st\u0259ril\u0259c\u0259yi ehtimal\u0131 b\u00f6y\u00fckd\u00fcr. \u018fsas da Z\u0259ng\u0259zur d\u0259hliz il\u0259 ba\u011fl\u0131.<\/p>\n<p>\u0130r\u0259van\u0131n \u0259n \u00e7ox \u00e7\u0259kindiyi is\u0259 m\u0259hz el\u0259 bu m\u00f6vzudur. Lakin ba\u015f nazir Pa\u015finyan\u0131n yeni siyasi oyunlar hesab\u0131na vaxt\u0131 uzatmaq limiti art\u0131q bitib. Biz h\u0259l\u0259 onu demirik ki, h\u0259r m\u0259nada Moskvan\u0131n g\u00fccl\u00fc as\u0131l\u0131l\u0131\u011f\u0131nda olan Erm\u0259nistan\u0131n \u00e7oxdand\u0131r h\u0259r hans\u0131 g\u00fcnd\u0259m formala\u015fd\u0131rmaq, \u015f\u0259rt ir\u0259li s\u00fcrm\u0259k v\u0259 ya \u00e7\u0131xar\u0131lan ortaq q\u0259rarlar\u0131 sabotaj el\u0259m\u0259k kimi resursu, potensial\u0131 yoxdur.<\/p>\n<p>Dem\u0259k ki, yen\u0259 Rusiya amilin\u0259 diqq\u0259t y\u00f6n\u0259lir. Y\u0259ni Kreml ist\u0259s\u0259 Pa\u015finyan\u0131 \u00e7ox q\u0131sa zamanda \u00fcz\u00fcyola v\u0259 s\u00f6z\u0259baxan ed\u0259 bil\u0259r. Edil\u0259c\u0259kmi?..<\/p>\n<p>*****<\/p>\n<p>\u201cSo\u00e7i g\u00f6r\u00fc\u015f\u00fcnd\u0259 aktiv \u015f\u0259kild\u0259 m\u00fczakir\u0259 olunacaq m\u00f6vzulardan biri d\u0259 n\u0259qliyyat d\u0259hlizl\u0259ri m\u0259s\u0259l\u0259sidir. Lakin bu m\u00f6vzuda d\u0259rhal ir\u0259lil\u0259yi\u015fin olub-olmayaca\u011f\u0131 h\u0259l\u0259lik ayd\u0131n deyil\u201d.<\/p>\n<p><img src=\"https:\/\/publika.az\/storage\/2019\/06\/12\/800x450\/markov.jpg\" alt=\"Sergey Markov: Heyd\u0259r \u018fliyev m\u00fcasir Az\u0259rbaycan d\u00f6vl\u0259tini yaratd\u0131\" \/><\/p>\n<p><strong>Sergey Markov<\/strong><\/p>\n<p><strong>Bunu da Sergey Markov g\u00f6zl\u0259ntil\u0259rl\u0259 ba\u011fl\u0131 dan\u0131\u015fark\u0259n s\u00f6yl\u0259yib. Onun s\u00f6zl\u0259rin\u0259 g\u00f6r\u0259, bu d\u0259hlizl\u0259r aras\u0131nda birc\u0259 La\u00e7\u0131n n\u0259qliyyat d\u0259hlizi normal i\u015fl\u0259yir, h\u0259r\u00e7\u0259nd Bak\u0131n\u0131n bu d\u0259hlizl\u0259 ba\u011fl\u0131 iddialar\u0131 var:<\/strong>\u00a0\u201c\u00c7\u00fcnki \u015eu\u015fadak\u0131 terror akt\u0131na b\u0259nz\u0259r hadis\u0259l\u0259r La\u00e7\u0131n d\u0259hlizind\u0259n partlay\u0131c\u0131lar\u0131n ke\u00e7irilm\u0259si il\u0259 ba\u015f tutub. Buna g\u00f6r\u0259 d\u0259 Bak\u0131 sonda Az\u0259rbaycan\u0131n h\u00fcquq-m\u00fchafiz\u0259 strukturlar\u0131n\u0131n La\u00e7\u0131n d\u0259hlizind\u0259 yerl\u0259\u015fdirilm\u0259sini t\u0259l\u0259b ed\u0259 bil\u0259r\u201d.<\/p>\n<p><strong>Ekspertin fikrinc\u0259, \u0259sas m\u00fczakir\u0259 olunacaq m\u0259s\u0259l\u0259 d\u0259 Z\u0259ng\u0259zur d\u0259hlizi il\u0259 ba\u011fl\u0131d\u0131r:<\/strong>\u00a0\u201cErm\u0259nistan qorxur ki, bu n\u0259qliyyat d\u0259hlizi kifay\u0259t q\u0259d\u0259r b\u00f6y\u00fck h\u0259cmd\u0259 yarad\u0131larsa, Az\u0259rbaycan g\u00fccl\u0259ndikc\u0259 h\u0259min n\u0259qliyyat d\u0259hlizind\u0259n istifad\u0259 ed\u0259r\u0259k Erm\u0259nistanda S\u00fcnik vilay\u0259ti adland\u0131r\u0131lan Z\u0259ng\u0259zurdak\u0131 b\u00fct\u00fcn n\u0259zar\u0259ti \u0259l\u0259 ke\u00e7ir\u0259r v\u0259 Erm\u0259nistan \u0130ranla olan s\u0259rh\u0259dl\u0259rini itir\u0259r. Bu, Erm\u0259nistan \u00fc\u00e7\u00fcn olduqca q\u0259liz m\u0259s\u0259l\u0259dir. Ona g\u00f6r\u0259 d\u0259 bu istiqam\u0259td\u0259 dan\u0131\u015f\u0131qlar\u0131n inki\u015faf\u0131na mane olur, t\u0259kidl\u0259 bunun d\u0259hliz deyil, yaln\u0131z n\u0259qliyyat kommunikasiyas\u0131 olmas\u0131n\u0131 ist\u0259yir\u201d.<\/p>\n<p>Ancaq Pa\u015finyan h\u00f6kum\u0259ti ist\u0259s\u0259 d\u0259, ist\u0131m\u0259s\u0259 d\u0259, 10 noyabr s\u0259n\u0259dind\u0259 (9-cu b\u0259nd) Z\u0259ng\u0259zur yolunun m\u0259hz d\u0259hliz f\u0259ls\u0259f\u0259sin\u0259 uy\u011fun mahiyy\u0259ti \u0259ks olunub v\u0259 onun Erm\u0259nistan t\u0259r\u0259find\u0259n n\u0259zar\u0259ti bar\u0259d\u0259 bir k\u0259lm\u0259 d\u0259 deyilmir. Erm\u0259nistan bu yolda yaln\u0131z t\u0259hl\u00fck\u0259sizliyi, mane\u0259siz (!!) h\u0259r\u0259k\u0259ti t\u0259min el\u0259m\u0259lidir, y\u0259ni he\u00e7 bir yoxlan\u0131\u015f apara bilm\u0259z. B\u0259ndd\u0259 deyildiyi kimi, n\u0259zar\u0259t yaln\u0131z Rusiyada olacaq. La\u00e7\u0131n koridorundak\u0131 kimi.<\/p>\n<p>*****<\/p>\n<p><strong>\u018fn \u0259sas\u0131, n\u0259qliyyat yollar\u0131n\u0131n a\u00e7\u0131lmas\u0131 v\u0259 yekun etibaril\u0259 Erm\u0259nistan\u0131n blokadas\u0131n\u0131n g\u00f6t\u00fcr\u00fclm\u0259si ham\u0131dan \u00e7ox \u0130r\u0259vana laz\u0131md\u0131r. \u00c7\u00fcnki qon\u015fularla normal \u0259laq\u0259l\u0259r v\u0259 \u0259m\u0259kda\u015fl\u0131qdan m\u0259hrum olan kapitulyant \u00f6lk\u0259 h\u0259r \u00f6t\u0259n ay daha d\u0259rin sosial-iqtisadi b\u00f6hran bataql\u0131\u011f\u0131na yuvarlan\u0131r.<\/strong><\/p>\n<p>Yerin g\u0259lmi\u015fk\u0259n, bu arada Erm\u0259nistan\u0131n d\u00f6vl\u0259t borcu s\u00fcr\u0259tl\u0259 artmaqdad\u0131r. Erm\u0259ni K\u0130V-l\u0259rin yazd\u0131\u011f\u0131na g\u00f6r\u0259, t\u0259kc\u0259 bu ilin 10 ay\u0131nda d\u00f6vl\u0259t borcu daha 1,2 milyard AB\u015e dollar\u0131 v\u0259 ya 15,6% artaraq 9,2 milyard h\u0259ddini ke\u00e7ib. Bu adamba\u015f\u0131na 3100 dollar (!) borc dem\u0259kdir. \u201cMaraql\u0131d\u0131r ki, bu d\u00f6vrd\u0259 t\u0259kc\u0259 xarici deyil, h\u0259m d\u0259 daxili borclar art\u0131b. Borcun v\u0259 \u00fcmumi daxili m\u0259hsula nisb\u0259td\u0259 dinamika da narahatl\u0131q do\u011furur. Bel\u0259 \u00e7\u0131x\u0131r, iqtisadiyyat 4,4%, d\u00f6vl\u0259t borcu is\u0259 15,6% art\u0131b. Bu g\u00f6st\u0259ricil\u0259rd\u0259n d\u0259 ayd\u0131n olur ki, d\u00f6vl\u0259t borcunun art\u0131m\u0131 iqtisadiyyat\u0131n b\u00f6y\u00fcm\u0259sin\u0259 v\u0259 inki\u015faf\u0131na k\u00f6m\u0259k etm\u0259yib v\u0259 g\u0259l\u0259c\u0259k n\u0259sill\u0259r \u00fc\u00e7\u00fcn \u0259lav\u0259 y\u00fck\u0259 \u00e7evril\u0259c\u0259k\u201d &#8211; erm\u0259ni medias\u0131 yaz\u0131b.<\/p>\n<p>Ayd\u0131nd\u0131r ki, Erm\u0259nistan \u0259traf\u0131nda n\u0259qliyyat yollar\u0131, kommunikasiyalar ba\u011fl\u0131 qald\u0131qca, blokada rejimi davam el\u0259dikc\u0259, onun simvolik d\u00f6vl\u0259t\u00e7iliyinin d\u0259 m\u0259hvi s\u00fcr\u0259tl\u0259n\u0259c\u0259k. \u00d6lk\u0259d\u0259n k\u00fctl\u0259vi k\u00f6\u00e7 daha b\u00f6y\u00fck miqyas alacaq. Se\u00e7im, h\u0259mi\u015f\u0259ki kimi, \u00f6zl\u0259rinin, daha do\u011frusu, Nikol Pa\u015finyan\u0131nd\u0131r. So\u00e7i g\u00f6r\u00fc\u015f\u00fc bu x\u00fcsusda sonuncu f\u00fcrs\u0259t olmaqla yana\u015f\u0131, Erm\u0259nistan\u0131n sonu da ola bil\u0259r&#8230;<\/p>\n","protected":false},"excerpt":{"rendered":"<p>\u00dc\u00e7t\u0259r\u0259fli g\u00f6r\u00fc\u015fd\u0259n \u0259sas g\u00f6zl\u0259nti; \u0130r\u0259van\u0131n vaxt limiti bitib; bu d\u0259f\u0259 kapitulyant \u00f6lk\u0259nin \u00fcz\u0259rin\u0259 daha konkret \u00f6hd\u0259lik qoyulacaq; Putin Pa\u015finyan\u0131 q\u0131sa zamanda \u00fcz\u00fcyola v\u0259 s\u00f6z\u0259baxan ed\u0259 bil\u0259r, ed\u0259c\u0259kmi?.. Bu g\u00fcn Rusiyan\u0131n So\u00e7i \u015f\u0259h\u0259rind\u0259 Az\u0259rbaycan, Rusiya v\u0259 Erm\u0259nistan r\u0259hb\u0259rl\u0259rinin g\u00f6r\u00fc\u015f\u00fc olacaq. Art\u0131q t\u0259xmini g\u00fcnd\u0259lik b\u0259llidir. Tan\u0131nm\u0131\u015f politoloq, Kreml\u0259 yax\u0131nl\u0131\u011f\u0131 il\u0259 tan\u0131nan Sergey Markov deyib ki, \u0259sas m\u0259s\u0259l\u0259l\u0259rd\u0259n biri v\u0259 birincisi t\u0259r\u0259fl\u0259rin 10 noyabr 2020-ci il b\u0259yanat\u0131 v\u0259 bu b\u0259yanat\u0131n b\u00fct\u00fcn b\u0259ndl\u0259rin\u0259 sadiqlikl\u0259rini bir daha t\u0259sdiql\u0259m\u0259si il\u0259 ba\u011fl\u0131 olacaq. \u201cBu m\u0259s\u0259l\u0259 99 faiz ehtimalla h\u0259llini tapacaq v\u0259 olduqca vacibdir. M\u00fczakir\u0259 olunacaq ikinci m\u0259s\u0259l\u0259&hellip;<\/p>\n","protected":false},"author":2,"featured_media":408612,"comment_status":"closed","ping_status":"closed","sticky":false,"template":"","format":"standard","meta":{"om_disable_all_campaigns":false,"_monsterinsights_skip_tracking":false,"_monsterinsights_sitenote_active":false,"_monsterinsights_sitenote_note":"","_monsterinsights_sitenote_category":0},"categories":[4],"tags":[],"aioseo_notices":[],"gutentor_comment":0,"rttpg_featured_image_url":{"full":["https:\/\/arantv.az\/wp-content\/uploads\/2021\/11\/085b5331b1c3165b68bcf1a5eac4037a.jpg",450,300,false],"landscape":["https:\/\/arantv.az\/wp-content\/uploads\/2021\/11\/085b5331b1c3165b68bcf1a5eac4037a.jpg",450,300,false],"portraits":["https:\/\/arantv.az\/wp-content\/uploads\/2021\/11\/085b5331b1c3165b68bcf1a5eac4037a.jpg",450,300,false],"thumbnail":["https:\/\/arantv.az\/wp-content\/uploads\/2021\/11\/085b5331b1c3165b68bcf1a5eac4037a-450x280.jpg",450,280,true],"medium":["https:\/\/arantv.az\/wp-content\/uploads\/2021\/11\/085b5331b1c3165b68bcf1a5eac4037a.jpg",450,300,false],"large":["https:\/\/arantv.az\/wp-content\/uploads\/2021\/11\/085b5331b1c3165b68bcf1a5eac4037a.jpg",450,300,false],"1536x1536":["https:\/\/arantv.az\/wp-content\/uploads\/2021\/11\/085b5331b1c3165b68bcf1a5eac4037a.jpg",450,300,false],"2048x2048":["https:\/\/arantv.az\/wp-content\/uploads\/2021\/11\/085b5331b1c3165b68bcf1a5eac4037a.jpg",450,300,false],"post-thumbnail":["https:\/\/arantv.az\/wp-content\/uploads\/2021\/11\/085b5331b1c3165b68bcf1a5eac4037a-240x172.jpg",240,172,true],"advps-thumb-one":["https:\/\/arantv.az\/wp-content\/uploads\/2021\/11\/085b5331b1c3165b68bcf1a5eac4037a.jpg",450,300,false]},"rttpg_author":{"display_name":"V\u00fcsal Rafiqo\u011flu","author_link":"https:\/\/arantv.az\/?author=2"},"rttpg_comment":0,"rttpg_category":"<a href=\"https:\/\/arantv.az\/?cat=4\" rel=\"category\">Siyas\u0259t<\/a>","rttpg_excerpt":"\u00dc\u00e7t\u0259r\u0259fli g\u00f6r\u00fc\u015fd\u0259n \u0259sas g\u00f6zl\u0259nti; \u0130r\u0259van\u0131n vaxt limiti bitib; bu d\u0259f\u0259 kapitulyant \u00f6lk\u0259nin \u00fcz\u0259rin\u0259 daha konkret \u00f6hd\u0259lik qoyulacaq; Putin Pa\u015finyan\u0131 q\u0131sa zamanda \u00fcz\u00fcyola v\u0259 s\u00f6z\u0259baxan ed\u0259 bil\u0259r, ed\u0259c\u0259kmi?.. Bu g\u00fcn Rusiyan\u0131n So\u00e7i \u015f\u0259h\u0259rind\u0259 Az\u0259rbaycan, Rusiya v\u0259 Erm\u0259nistan r\u0259hb\u0259rl\u0259rinin g\u00f6r\u00fc\u015f\u00fc olacaq. Art\u0131q t\u0259xmini g\u00fcnd\u0259lik b\u0259llidir. Tan\u0131nm\u0131\u015f politoloq, Kreml\u0259 yax\u0131nl\u0131\u011f\u0131 il\u0259 tan\u0131nan Sergey Markov deyib ki, \u0259sas m\u0259s\u0259l\u0259l\u0259rd\u0259n&hellip;","_links":{"self":[{"href":"https:\/\/arantv.az\/index.php?rest_route=\/wp\/v2\/posts\/408611"}],"collection":[{"href":"https:\/\/arantv.az\/index.php?rest_route=\/wp\/v2\/posts"}],"about":[{"href":"https:\/\/arantv.az\/index.php?rest_route=\/wp\/v2\/types\/post"}],"author":[{"embeddable":true,"href":"https:\/\/arantv.az\/index.php?rest_route=\/wp\/v2\/users\/2"}],"replies":[{"embeddable":true,"href":"https:\/\/arantv.az\/index.php?rest_route=%2Fwp%2Fv2%2Fcomments&post=408611"}],"version-history":[{"count":0,"href":"https:\/\/arantv.az\/index.php?rest_route=\/wp\/v2\/posts\/408611\/revisions"}],"wp:featuredmedia":[{"embeddable":true,"href":"https:\/\/arantv.az\/index.php?rest_route=\/wp\/v2\/media\/408612"}],"wp:attachment":[{"href":"https:\/\/arantv.az\/index.php?rest_route=%2Fwp%2Fv2%2Fmedia&parent=408611"}],"wp:term":[{"taxonomy":"category","embeddable":true,"href":"https:\/\/arantv.az\/index.php?rest_route=%2Fwp%2Fv2%2Fcategories&post=408611"},{"taxonomy":"post_tag","embeddable":true,"href":"https:\/\/arantv.az\/index.php?rest_route=%2Fwp%2Fv2%2Ftags&post=408611"}],"curies":[{"name":"wp","href":"https:\/\/api.w.org\/{rel}","templated":true}]}}