{"id":408620,"date":"2021-11-26T08:36:49","date_gmt":"2021-11-26T05:36:49","guid":{"rendered":"http:\/\/arantv.az\/?p=408620"},"modified":"2021-11-26T08:36:49","modified_gmt":"2021-11-26T05:36:49","slug":"q%c9%99bul-imtahanlari-il%c9%99-%c9%99laq%c9%99dar-informatika-kitablari-yenil%c9%99n%c9%99c%c9%99k-nazirlikd%c9%99n-aciqlama","status":"publish","type":"post","link":"https:\/\/arantv.az\/?p=408620","title":{"rendered":"Q\u0259bul imtahanlar\u0131 il\u0259 \u0259laq\u0259dar informatika kitablar\u0131 yenil\u0259n\u0259c\u0259k? &#8211; Nazirlikd\u0259n A\u00c7IQLAMA"},"content":{"rendered":"<p><strong>2023-c\u00fc ild\u0259 I qrup \u00fczr\u0259 q\u0259bul imtahanlar\u0131na informatika se\u00e7m\u0259 f\u0259nninin \u0259lav\u0259 edilm\u0259si il\u0259 \u0259laq\u0259dar olaraq d\u0259rslikl\u0259rin yenil\u0259nm\u0259si m\u0259s\u0259l\u0259sin\u0259 ayd\u0131nl\u0131q g\u0259tirilib.<\/strong><\/p>\n<p>Bu bar\u0259d\u0259\u00a0<a href=\"http:\/\/trend.az\/\" target=\"_blank\" rel=\"noopener\">Trend<\/a>-in sor\u011fusuna cavab olaraq T\u0259hsil Nazirliyind\u0259n m\u0259lumat verilib.<\/p>\n<p>M\u0259lumata g\u00f6r\u0259, 2023-c\u00fc ild\u0259 ali t\u0259hsil m\u00fc\u0259ssis\u0259l\u0259rin\u0259 q\u0259bul imtahan\u0131 proqram\u0131 \u00e7\u0259r\u00e7iv\u0259sind\u0259 ke\u00e7irilm\u0259si n\u0259z\u0259rd\u0259 tutulan I qrup \u00fczr\u0259 \u0130nformatika f\u0259nnin\u0259 dair m\u00f6vzularda d\u00f6vl\u0259t \u00fcmumi t\u0259hsil m\u00fc\u0259ssis\u0259l\u0259rind\u0259 istifad\u0259d\u0259 olan d\u0259rslikl\u0259r\u0259 istinad olunacaq.<\/p>\n<p>&#8220;Bununla yana\u015f\u0131, 2021-2022-ci t\u0259dris ilinin sonunda d\u00f6vl\u0259t \u00fcmumi t\u0259hsil m\u00fc\u0259ssis\u0259l\u0259rind\u0259 istifad\u0259 m\u00fcdd\u0259ti bit\u0259c\u0259k III, VII v\u0259 X sinif d\u0259rslikl\u0259rinin 2022-2023-c\u00fc t\u0259dris ilin\u0259 t\u0259kmill\u0259\u015fdirilm\u0259si planla\u015fd\u0131r\u0131l\u0131r. H\u0259min d\u0259rslikl\u0259r s\u0131ras\u0131nda \u0130nformatika f\u0259nni \u00fczr\u0259 d\u0259rslikl\u0259r d\u0259 yer al\u0131r&#8221; &#8211; dey\u0259, qeyd olunub.<\/p>\n<p>Qeyd ed\u0259k ki, T\u0259hsil Nazirliyi v\u0259 D\u00f6vl\u0259t \u0130mtahan M\u0259rk\u0259zi t\u0259r\u0259find\u0259n haz\u0131rlanm\u0131\u015f q\u0259rar layih\u0259sin\u0259 uy\u011fun olaraq, 2023\/2024-c\u00fc t\u0259dris ili \u00fc\u00e7\u00fcn ke\u00e7iril\u0259c\u0259k q\u0259bul kampaniyas\u0131 \u00e7\u0259r\u00e7iv\u0259sind\u0259 I qrup \u00fczr\u0259 informatika y\u00f6n\u00fcml\u00fc (R\u0130 altqrupuna daxil olan) ixtisaslar\u0131n m\u00fcsabiq\u0259sind\u0259 i\u015ftirak etm\u0259k ist\u0259y\u0259n abituriyentl\u0259r imtahan\u0131n II m\u0259rh\u0259l\u0259sind\u0259 riyaziyyat v\u0259 fizika f\u0259nl\u0259ri il\u0259 yana\u015f\u0131 informatika f\u0259nnind\u0259n, dig\u0259r m\u00fch\u0259ndislik (RK altqrupuna daxil olan) ixtisaslar\u0131n m\u00fcsabiq\u0259sind\u0259 i\u015ftirak etm\u0259k ist\u0259y\u0259n abituriyentl\u0259r kimya f\u0259nnind\u0259n imtahan ver\u0259c\u0259kl\u0259r.Bu qrup daxilind\u0259 b\u00fct\u00fcn ixtisaslar \u00fczr\u0259 m\u00fcsabiq\u0259d\u0259 i\u015ftirak etm\u0259k ist\u0259y\u0259n abituriyentl\u0259r is\u0259 II m\u0259rh\u0259l\u0259d\u0259 riyaziyyat, fizika v\u0259 kimya f\u0259nl\u0259ri \u00fczr\u0259 imtahan verdikd\u0259n sonra \u0259lav\u0259 olaraq informatika f\u0259nnind\u0259n f\u0259rq imtahan\u0131 ver\u0259c\u0259kl\u0259r. Bel\u0259likl\u0259, abituriyentl\u0259r ali t\u0259hsil m\u00fc\u0259ssis\u0259l\u0259rin\u0259 s\u0259n\u0259d q\u0259bulu zaman\u0131 I ixtisas qrupu \u00fczr\u0259 elektron \u0259riz\u0259 doldurark\u0259n, \u00f6z ist\u0259kl\u0259rin\u0259 uy\u011fun olaraq \u0259riz\u0259l\u0259rind\u0259 t\u0259hsil almaq ist\u0259dikl\u0259ri ixtisas v\u0259 yaxud ixtisaslara uy\u011fun olan iki altqrupdan birini, yaxud h\u0259r iki altqrupu se\u00e7m\u0259k imkan\u0131na malik olacaqlar.<\/p>\n","protected":false},"excerpt":{"rendered":"<p>2023-c\u00fc ild\u0259 I qrup \u00fczr\u0259 q\u0259bul imtahanlar\u0131na informatika se\u00e7m\u0259 f\u0259nninin \u0259lav\u0259 edilm\u0259si il\u0259 \u0259laq\u0259dar olaraq d\u0259rslikl\u0259rin yenil\u0259nm\u0259si m\u0259s\u0259l\u0259sin\u0259 ayd\u0131nl\u0131q g\u0259tirilib. Bu bar\u0259d\u0259\u00a0Trend-in sor\u011fusuna cavab olaraq T\u0259hsil Nazirliyind\u0259n m\u0259lumat verilib. M\u0259lumata g\u00f6r\u0259, 2023-c\u00fc ild\u0259 ali t\u0259hsil m\u00fc\u0259ssis\u0259l\u0259rin\u0259 q\u0259bul imtahan\u0131 proqram\u0131 \u00e7\u0259r\u00e7iv\u0259sind\u0259 ke\u00e7irilm\u0259si n\u0259z\u0259rd\u0259 tutulan I qrup \u00fczr\u0259 \u0130nformatika f\u0259nnin\u0259 dair m\u00f6vzularda d\u00f6vl\u0259t \u00fcmumi t\u0259hsil m\u00fc\u0259ssis\u0259l\u0259rind\u0259 istifad\u0259d\u0259 olan d\u0259rslikl\u0259r\u0259 istinad olunacaq. &#8220;Bununla yana\u015f\u0131, 2021-2022-ci t\u0259dris ilinin sonunda d\u00f6vl\u0259t \u00fcmumi t\u0259hsil m\u00fc\u0259ssis\u0259l\u0259rind\u0259 istifad\u0259 m\u00fcdd\u0259ti bit\u0259c\u0259k III, VII v\u0259 X sinif d\u0259rslikl\u0259rinin 2022-2023-c\u00fc t\u0259dris ilin\u0259 t\u0259kmill\u0259\u015fdirilm\u0259si planla\u015fd\u0131r\u0131l\u0131r. H\u0259min d\u0259rslikl\u0259r s\u0131ras\u0131nda \u0130nformatika f\u0259nni \u00fczr\u0259 d\u0259rslikl\u0259r&hellip;<\/p>\n","protected":false},"author":2,"featured_media":408622,"comment_status":"closed","ping_status":"closed","sticky":false,"template":"","format":"standard","meta":{"om_disable_all_campaigns":false,"_monsterinsights_skip_tracking":false,"_monsterinsights_sitenote_active":false,"_monsterinsights_sitenote_note":"","_monsterinsights_sitenote_category":0},"categories":[26],"tags":[],"aioseo_notices":[],"gutentor_comment":0,"rttpg_featured_image_url":{"full":["https:\/\/arantv.az\/wp-content\/uploads\/2021\/11\/imtahan_0142.jpg",800,600,false],"landscape":["https:\/\/arantv.az\/wp-content\/uploads\/2021\/11\/imtahan_0142.jpg",800,600,false],"portraits":["https:\/\/arantv.az\/wp-content\/uploads\/2021\/11\/imtahan_0142.jpg",800,600,false],"thumbnail":["https:\/\/arantv.az\/wp-content\/uploads\/2021\/11\/imtahan_0142-500x280.jpg",500,280,true],"medium":["https:\/\/arantv.az\/wp-content\/uploads\/2021\/11\/imtahan_0142-487x365.jpg",487,365,true],"large":["https:\/\/arantv.az\/wp-content\/uploads\/2021\/11\/imtahan_0142.jpg",640,480,false],"1536x1536":["https:\/\/arantv.az\/wp-content\/uploads\/2021\/11\/imtahan_0142.jpg",800,600,false],"2048x2048":["https:\/\/arantv.az\/wp-content\/uploads\/2021\/11\/imtahan_0142.jpg",800,600,false],"post-thumbnail":["https:\/\/arantv.az\/wp-content\/uploads\/2021\/11\/imtahan_0142-240x172.jpg",240,172,true],"advps-thumb-one":["https:\/\/arantv.az\/wp-content\/uploads\/2021\/11\/imtahan_0142.jpg",800,600,false]},"rttpg_author":{"display_name":"V\u00fcsal Rafiqo\u011flu","author_link":"https:\/\/arantv.az\/?author=2"},"rttpg_comment":0,"rttpg_category":"<a href=\"https:\/\/arantv.az\/?cat=26\" rel=\"category\">Sosial<\/a>","rttpg_excerpt":"2023-c\u00fc ild\u0259 I qrup \u00fczr\u0259 q\u0259bul imtahanlar\u0131na informatika se\u00e7m\u0259 f\u0259nninin \u0259lav\u0259 edilm\u0259si il\u0259 \u0259laq\u0259dar olaraq d\u0259rslikl\u0259rin yenil\u0259nm\u0259si m\u0259s\u0259l\u0259sin\u0259 ayd\u0131nl\u0131q g\u0259tirilib. Bu bar\u0259d\u0259\u00a0Trend-in sor\u011fusuna cavab olaraq T\u0259hsil Nazirliyind\u0259n m\u0259lumat verilib. M\u0259lumata g\u00f6r\u0259, 2023-c\u00fc ild\u0259 ali t\u0259hsil m\u00fc\u0259ssis\u0259l\u0259rin\u0259 q\u0259bul imtahan\u0131 proqram\u0131 \u00e7\u0259r\u00e7iv\u0259sind\u0259 ke\u00e7irilm\u0259si n\u0259z\u0259rd\u0259 tutulan I qrup \u00fczr\u0259 \u0130nformatika f\u0259nnin\u0259 dair m\u00f6vzularda d\u00f6vl\u0259t \u00fcmumi t\u0259hsil m\u00fc\u0259ssis\u0259l\u0259rind\u0259 istifad\u0259d\u0259&hellip;","_links":{"self":[{"href":"https:\/\/arantv.az\/index.php?rest_route=\/wp\/v2\/posts\/408620"}],"collection":[{"href":"https:\/\/arantv.az\/index.php?rest_route=\/wp\/v2\/posts"}],"about":[{"href":"https:\/\/arantv.az\/index.php?rest_route=\/wp\/v2\/types\/post"}],"author":[{"embeddable":true,"href":"https:\/\/arantv.az\/index.php?rest_route=\/wp\/v2\/users\/2"}],"replies":[{"embeddable":true,"href":"https:\/\/arantv.az\/index.php?rest_route=%2Fwp%2Fv2%2Fcomments&post=408620"}],"version-history":[{"count":0,"href":"https:\/\/arantv.az\/index.php?rest_route=\/wp\/v2\/posts\/408620\/revisions"}],"wp:featuredmedia":[{"embeddable":true,"href":"https:\/\/arantv.az\/index.php?rest_route=\/wp\/v2\/media\/408622"}],"wp:attachment":[{"href":"https:\/\/arantv.az\/index.php?rest_route=%2Fwp%2Fv2%2Fmedia&parent=408620"}],"wp:term":[{"taxonomy":"category","embeddable":true,"href":"https:\/\/arantv.az\/index.php?rest_route=%2Fwp%2Fv2%2Fcategories&post=408620"},{"taxonomy":"post_tag","embeddable":true,"href":"https:\/\/arantv.az\/index.php?rest_route=%2Fwp%2Fv2%2Ftags&post=408620"}],"curies":[{"name":"wp","href":"https:\/\/api.w.org\/{rel}","templated":true}]}}