{"id":408627,"date":"2021-11-26T08:46:42","date_gmt":"2021-11-26T05:46:42","guid":{"rendered":"http:\/\/arantv.az\/?p=408627"},"modified":"2021-11-26T08:46:42","modified_gmt":"2021-11-26T05:46:42","slug":"soci-gorusu-erm%c9%99nistanin-uz%c9%99rin%c9%99-m%c9%99cburi-ohd%c9%99lik-qoyulacaq-s%c9%99rh","status":"publish","type":"post","link":"https:\/\/arantv.az\/?p=408627","title":{"rendered":"So\u00e7i g\u00f6r\u00fc\u015f\u00fc: Erm\u0259nistan\u0131n \u00fcz\u0259rin\u0259 m\u0259cburi \u00f6hd\u0259lik qoyulacaq \u2013 \u015e\u018fRH"},"content":{"rendered":"<p>Bu g\u00fcn Rusiya Prezidenti Vladimir Putinin t\u0259\u015f\u0259bb\u00fcs\u00fc il\u0259 Az\u0259rbaycan Prezidenti \u0130lham \u018fliyev\u00a0v\u0259 Erm\u0259nistan ba\u015f naziri Nikol Pa\u015finyan So\u00e7id\u0259 masaya \u0259yl\u0259\u015f\u0259c\u0259k.<\/p>\n<p>Bu, 10 noyabr b\u0259yanat\u0131ndan sonra ikinci g\u00f6r\u00fc\u015fd\u00fcr, xat\u0131rladaq ki, m\u00fcharib\u0259d\u0259n sonra ilk g\u00f6r\u00fc\u015f bu ilin 11 yanvar\u0131nda Moskvada ba\u015f tutmu\u015fdu.<\/p>\n<p>So\u00e7i g\u00f6r\u00fc\u015f\u00fc vacibdir, bu vaciblik liderl\u0259rin dekabr\u0131n 15-d\u0259 Br\u00fcsseld\u0259 ke\u00e7iril\u0259c\u0259k g\u00f6r\u00fc\u015f\u00fcn\u00fc formal hala g\u0259tirir.<\/p>\n<p>Bununla bel\u0259, Br\u00fcssel g\u00f6r\u00fc\u015f\u00fc So\u00e7i g\u00f6r\u00fc\u015f\u00fcn\u00fcn davam\u0131d\u0131r. Y\u0259ni Br\u00fcssel g\u00f6r\u00fc\u015f\u00fcn\u00fcn prel\u00fcdiyas\u0131 So\u00e7id\u0259 haz\u0131rlanacaq.<\/p>\n<p>So\u00e7id\u0259 raz\u0131la\u015fd\u0131r\u0131lacaq m\u0259qamlar Br\u00fcsseld\u0259 Q\u0259rbin maraqlar\u0131 il\u0259 uzla\u015fd\u0131r\u0131lacaq.<\/p>\n<p>So\u00e7i g\u00f6r\u00fc\u015f\u00fc s\u0259rh\u0259d insidentl\u0259rin\u0259 son qoymaq \u00fc\u00e7\u00fcn yeni s\u0259n\u0259di\u00a0\u0259rs\u0259y\u0259 g\u0259tir\u0259c\u0259k v\u0259 ya \u0259n az\u0131ndan \u015fifahi raz\u0131la\u015fma olacaq.<\/p>\n<p>Ehtimal verm\u0259k \u00e7\u0259tin deyil ki, So\u00e7i g\u00f6r\u00fc\u015f\u00fcnd\u0259 d\u0259hliz m\u00fcbahis\u0259sin\u0259 son qoymaq \u00fc\u00e7\u00fcn Erm\u0259nistan\u0131n \u00fcz\u0259rin\u0259 s\u00fclh\u0259m\u0259cburetm\u0259 prosesinin t\u0259rkib hiss\u0259si olan m\u0259cburi \u00f6hd\u0259lik qoyulacaq. S\u00f6hb\u0259t ondan gedir ki, d\u0259hlizin Erm\u0259nistandan ke\u00e7\u0259n hiss\u0259sinin in\u015fas\u0131 i\u015fl\u0259ri s\u00fcr\u0259tl\u0259ndirilm\u0259si m\u0259s\u0259l\u0259si dan\u0131\u015f\u0131qlar\u0131n predmeti olacaq.<\/p>\n<p>Koridorun a\u00e7\u0131lmas\u0131 \u00fc\u00e7\u00fcn qrafik t\u0259rtib edilm\u0259si ehtimallar\u0131 da y\u00fcks\u0259kdir. \u00c7\u00fcnki d\u0259hliz faktoru Rusiya \u00fc\u00e7\u00fcn d\u0259, T\u00fcrkiy\u0259 \u00fc\u00e7\u00fcn d\u0259, Q\u0259rb \u00fc\u00e7\u00fcn d\u0259, h\u0259tta \u00c7in \u00fc\u00e7\u00fcn d\u0259 aktuall\u0131q k\u0259sb edir.<\/p>\n<p>Erm\u0259nistan\u0131n is\u0259 dir\u0259ni\u015f g\u00f6st\u0259rm\u0259k v\u0259 hans\u0131sa formada \u015f\u0259rt ir\u0259li s\u00fcrm\u0259k \u00fc\u00e7\u00fcn n\u0259 h\u0259rbi resursu, n\u0259 siyasi irad\u0259si m\u00f6vcuddur.<\/p>\n","protected":false},"excerpt":{"rendered":"<p>Bu g\u00fcn Rusiya Prezidenti Vladimir Putinin t\u0259\u015f\u0259bb\u00fcs\u00fc il\u0259 Az\u0259rbaycan Prezidenti \u0130lham \u018fliyev\u00a0v\u0259 Erm\u0259nistan ba\u015f naziri Nikol Pa\u015finyan So\u00e7id\u0259 masaya \u0259yl\u0259\u015f\u0259c\u0259k. Bu, 10 noyabr b\u0259yanat\u0131ndan sonra ikinci g\u00f6r\u00fc\u015fd\u00fcr, xat\u0131rladaq ki, m\u00fcharib\u0259d\u0259n sonra ilk g\u00f6r\u00fc\u015f bu ilin 11 yanvar\u0131nda Moskvada ba\u015f tutmu\u015fdu. So\u00e7i g\u00f6r\u00fc\u015f\u00fc vacibdir, bu vaciblik liderl\u0259rin dekabr\u0131n 15-d\u0259 Br\u00fcsseld\u0259 ke\u00e7iril\u0259c\u0259k g\u00f6r\u00fc\u015f\u00fcn\u00fc formal hala g\u0259tirir. Bununla bel\u0259, Br\u00fcssel g\u00f6r\u00fc\u015f\u00fc So\u00e7i g\u00f6r\u00fc\u015f\u00fcn\u00fcn davam\u0131d\u0131r. Y\u0259ni Br\u00fcssel g\u00f6r\u00fc\u015f\u00fcn\u00fcn prel\u00fcdiyas\u0131 So\u00e7id\u0259 haz\u0131rlanacaq. So\u00e7id\u0259 raz\u0131la\u015fd\u0131r\u0131lacaq m\u0259qamlar Br\u00fcsseld\u0259 Q\u0259rbin maraqlar\u0131 il\u0259 uzla\u015fd\u0131r\u0131lacaq. So\u00e7i g\u00f6r\u00fc\u015f\u00fc s\u0259rh\u0259d insidentl\u0259rin\u0259 son qoymaq \u00fc\u00e7\u00fcn yeni s\u0259n\u0259di\u00a0\u0259rs\u0259y\u0259 g\u0259tir\u0259c\u0259k v\u0259 ya \u0259n az\u0131ndan \u015fifahi&hellip;<\/p>\n","protected":false},"author":2,"featured_media":408628,"comment_status":"closed","ping_status":"closed","sticky":false,"template":"","format":"standard","meta":{"om_disable_all_campaigns":false,"_monsterinsights_skip_tracking":false,"_monsterinsights_sitenote_active":false,"_monsterinsights_sitenote_note":"","_monsterinsights_sitenote_category":0},"categories":[4],"tags":[],"aioseo_notices":[],"gutentor_comment":0,"rttpg_featured_image_url":{"full":["https:\/\/arantv.az\/wp-content\/uploads\/2021\/11\/04.jpg",620,384,false],"landscape":["https:\/\/arantv.az\/wp-content\/uploads\/2021\/11\/04.jpg",620,384,false],"portraits":["https:\/\/arantv.az\/wp-content\/uploads\/2021\/11\/04.jpg",620,384,false],"thumbnail":["https:\/\/arantv.az\/wp-content\/uploads\/2021\/11\/04-500x280.jpg",500,280,true],"medium":["https:\/\/arantv.az\/wp-content\/uploads\/2021\/11\/04-589x365.jpg",589,365,true],"large":["https:\/\/arantv.az\/wp-content\/uploads\/2021\/11\/04.jpg",620,384,false],"1536x1536":["https:\/\/arantv.az\/wp-content\/uploads\/2021\/11\/04.jpg",620,384,false],"2048x2048":["https:\/\/arantv.az\/wp-content\/uploads\/2021\/11\/04.jpg",620,384,false],"post-thumbnail":["https:\/\/arantv.az\/wp-content\/uploads\/2021\/11\/04-240x172.jpg",240,172,true],"advps-thumb-one":["https:\/\/arantv.az\/wp-content\/uploads\/2021\/11\/04.jpg",620,384,false]},"rttpg_author":{"display_name":"V\u00fcsal Rafiqo\u011flu","author_link":"https:\/\/arantv.az\/?author=2"},"rttpg_comment":0,"rttpg_category":"<a href=\"https:\/\/arantv.az\/?cat=4\" rel=\"category\">Siyas\u0259t<\/a>","rttpg_excerpt":"Bu g\u00fcn Rusiya Prezidenti Vladimir Putinin t\u0259\u015f\u0259bb\u00fcs\u00fc il\u0259 Az\u0259rbaycan Prezidenti \u0130lham \u018fliyev\u00a0v\u0259 Erm\u0259nistan ba\u015f naziri Nikol Pa\u015finyan So\u00e7id\u0259 masaya \u0259yl\u0259\u015f\u0259c\u0259k. Bu, 10 noyabr b\u0259yanat\u0131ndan sonra ikinci g\u00f6r\u00fc\u015fd\u00fcr, xat\u0131rladaq ki, m\u00fcharib\u0259d\u0259n sonra ilk g\u00f6r\u00fc\u015f bu ilin 11 yanvar\u0131nda Moskvada ba\u015f tutmu\u015fdu. So\u00e7i g\u00f6r\u00fc\u015f\u00fc vacibdir, bu vaciblik liderl\u0259rin dekabr\u0131n 15-d\u0259 Br\u00fcsseld\u0259 ke\u00e7iril\u0259c\u0259k g\u00f6r\u00fc\u015f\u00fcn\u00fc formal hala g\u0259tirir. Bununla&hellip;","_links":{"self":[{"href":"https:\/\/arantv.az\/index.php?rest_route=\/wp\/v2\/posts\/408627"}],"collection":[{"href":"https:\/\/arantv.az\/index.php?rest_route=\/wp\/v2\/posts"}],"about":[{"href":"https:\/\/arantv.az\/index.php?rest_route=\/wp\/v2\/types\/post"}],"author":[{"embeddable":true,"href":"https:\/\/arantv.az\/index.php?rest_route=\/wp\/v2\/users\/2"}],"replies":[{"embeddable":true,"href":"https:\/\/arantv.az\/index.php?rest_route=%2Fwp%2Fv2%2Fcomments&post=408627"}],"version-history":[{"count":0,"href":"https:\/\/arantv.az\/index.php?rest_route=\/wp\/v2\/posts\/408627\/revisions"}],"wp:featuredmedia":[{"embeddable":true,"href":"https:\/\/arantv.az\/index.php?rest_route=\/wp\/v2\/media\/408628"}],"wp:attachment":[{"href":"https:\/\/arantv.az\/index.php?rest_route=%2Fwp%2Fv2%2Fmedia&parent=408627"}],"wp:term":[{"taxonomy":"category","embeddable":true,"href":"https:\/\/arantv.az\/index.php?rest_route=%2Fwp%2Fv2%2Fcategories&post=408627"},{"taxonomy":"post_tag","embeddable":true,"href":"https:\/\/arantv.az\/index.php?rest_route=%2Fwp%2Fv2%2Ftags&post=408627"}],"curies":[{"name":"wp","href":"https:\/\/api.w.org\/{rel}","templated":true}]}}