{"id":408633,"date":"2021-11-26T08:51:48","date_gmt":"2021-11-26T05:51:48","guid":{"rendered":"http:\/\/arantv.az\/?p=408633"},"modified":"2021-11-26T08:51:48","modified_gmt":"2021-11-26T05:51:48","slug":"bacisini-cantasindan-siqaret-cixdigina-gor%c9%99-qayci-il%c9%99-vurdu-azadliqda-qaldi-hokm","status":"publish","type":"post","link":"https:\/\/arantv.az\/?p=408633","title":{"rendered":"Bac\u0131s\u0131n\u0131 \u00e7antas\u0131ndan siqaret \u00e7\u0131xd\u0131\u011f\u0131na g\u00f6r\u0259 qay\u00e7\u0131 il\u0259 vurdu, azadl\u0131qda qald\u0131 &#8211; H\u00d6KM"},"content":{"rendered":"<p>Bak\u0131 A\u011f\u0131r Cinay\u0259tl\u0259r M\u0259hk\u0259m\u0259sind\u0259 q\u0259sd\u0259n sa\u011flaml\u0131\u011fa a\u011f\u0131r z\u0259r\u0259r vurmada t\u0259qsirl\u0259ndiril\u0259n N.\u00c7\u0259l\u0259biyevin cinay\u0259t i\u015fi \u00fczr\u0259 m\u0259hk\u0259m\u0259 iclas\u0131 ba\u015fa \u00e7at\u0131b.<\/p>\n<p><strong>ARANTV.AZ<\/strong>-\u0131n x\u0259b\u0259rin\u0259 g\u00f6r\u0259, hakim S\u0259buhi H\u00fcseynovun s\u0259drliyi il\u0259 ke\u00e7iril\u0259n prosesd\u0259 h\u00f6km oxunub.<\/p>\n<p>M\u0259hk\u0259m\u0259nin h\u00f6km\u00fc il\u0259 o, \u00fc\u00e7\u00a0il m\u00fcdd\u0259tin\u0259 azadl\u0131qdan m\u0259hrum edilib. Cinay\u0259t M\u0259c\u0259ll\u0259sinin (CM)\u00a070-ci (\u015e\u0259rti m\u0259hkum etm\u0259) madd\u0259sinin m\u00fcdd\u0259alar\u0131na \u0259sas\u0259n, t\u0259qsirl\u0259ndiril\u0259n \u015f\u0259xs\u0259 t\u0259yin edil\u0259n azadl\u0131qdan m\u0259hrumetm\u0259 c\u0259zas\u0131 \u015f\u0259rti m\u0259hkum etm\u0259 t\u0259tbiq edilm\u0259kl\u0259 ona iki\u00a0il s\u0131naq m\u00fcdd\u0259ti m\u00fc\u0259yy\u0259n olunub.<\/p>\n<p>\u0130ttiham akt\u0131na \u0259sas\u0259n, hadis\u0259 bu il iyunun 13-\u00fc saat 22:00 rad\u0259l\u0259rind\u0259 Bak\u0131 \u015f\u0259h\u0259ri, X\u0259tai rayonu \u0259razisind\u0259 qeyd\u0259 al\u0131n\u0131b. N.\u00c7\u0259l\u0259biyev evd\u0259 bac\u0131s\u0131n\u0131 \u0259vv\u0259l yumruq v\u0259 t\u0259pikl\u0259 d\u00f6y\u00fcb, daha sonra qay\u00e7\u0131 il\u0259 onun b\u0259d\u0259n nahiy\u0259l\u0259rin\u0259 bir ne\u00e7\u0259 d\u0259f\u0259 q\u0259sd\u0259n z\u0259rb\u0259l\u0259r endirib.<\/p>\n<p>Buna s\u0259b\u0259b is\u0259 bac\u0131s\u0131n\u0131n siqaretd\u0259n istifad\u0259 etm\u0259si, habel\u0259 \u0259l \u00e7antas\u0131ndan bir ne\u00e7\u0259 \u0259d\u0259d siqaret tapmas\u0131 olub.<\/p>\n<p>X\u0259st\u0259xanaya \u00e7atd\u0131r\u0131lan yaral\u0131n\u0131n h\u0259yat\u0131n\u0131 xilas etm\u0259k m\u00fcmk\u00fcn olub.<\/p>\n<p>Daha sonra N.\u00c7\u0259l\u0259biyev polis \u0259m\u0259kda\u015flar\u0131 t\u0259r\u0259find\u0259n saxlan\u0131l\u0131b. Onun bar\u0259sind\u0259 CM-nin 126.1-ci (Q\u0259sd\u0259n sa\u011flaml\u0131\u011fa a\u011f\u0131r z\u0259r\u0259r vurma) madd\u0259si il\u0259 ittiham ir\u0259li s\u00fcr\u00fcl\u00fcb.<\/p>\n<p>\u0130stintaq d\u00f6vr\u00fcnd\u0259 onun bar\u0259sind\u0259 polisin n\u0259zar\u0259ti alt\u0131na verm\u0259 q\u0259timkan t\u0259dbiri se\u00e7ilib.<\/p>\n","protected":false},"excerpt":{"rendered":"<p>Bak\u0131 A\u011f\u0131r Cinay\u0259tl\u0259r M\u0259hk\u0259m\u0259sind\u0259 q\u0259sd\u0259n sa\u011flaml\u0131\u011fa a\u011f\u0131r z\u0259r\u0259r vurmada t\u0259qsirl\u0259ndiril\u0259n N.\u00c7\u0259l\u0259biyevin cinay\u0259t i\u015fi \u00fczr\u0259 m\u0259hk\u0259m\u0259 iclas\u0131 ba\u015fa \u00e7at\u0131b. ARANTV.AZ-\u0131n x\u0259b\u0259rin\u0259 g\u00f6r\u0259, hakim S\u0259buhi H\u00fcseynovun s\u0259drliyi il\u0259 ke\u00e7iril\u0259n prosesd\u0259 h\u00f6km oxunub. M\u0259hk\u0259m\u0259nin h\u00f6km\u00fc il\u0259 o, \u00fc\u00e7\u00a0il m\u00fcdd\u0259tin\u0259 azadl\u0131qdan m\u0259hrum edilib. Cinay\u0259t M\u0259c\u0259ll\u0259sinin (CM)\u00a070-ci (\u015e\u0259rti m\u0259hkum etm\u0259) madd\u0259sinin m\u00fcdd\u0259alar\u0131na \u0259sas\u0259n, t\u0259qsirl\u0259ndiril\u0259n \u015f\u0259xs\u0259 t\u0259yin edil\u0259n azadl\u0131qdan m\u0259hrumetm\u0259 c\u0259zas\u0131 \u015f\u0259rti m\u0259hkum etm\u0259 t\u0259tbiq edilm\u0259kl\u0259 ona iki\u00a0il s\u0131naq m\u00fcdd\u0259ti m\u00fc\u0259yy\u0259n olunub. \u0130ttiham akt\u0131na \u0259sas\u0259n, hadis\u0259 bu il iyunun 13-\u00fc saat 22:00 rad\u0259l\u0259rind\u0259 Bak\u0131 \u015f\u0259h\u0259ri, X\u0259tai rayonu \u0259razisind\u0259 qeyd\u0259 al\u0131n\u0131b. N.\u00c7\u0259l\u0259biyev evd\u0259 bac\u0131s\u0131n\u0131 \u0259vv\u0259l yumruq v\u0259&hellip;<\/p>\n","protected":false},"author":2,"featured_media":307153,"comment_status":"closed","ping_status":"closed","sticky":false,"template":"","format":"standard","meta":{"om_disable_all_campaigns":false,"_monsterinsights_skip_tracking":false,"_monsterinsights_sitenote_active":false,"_monsterinsights_sitenote_note":"","_monsterinsights_sitenote_category":0},"categories":[5],"tags":[],"aioseo_notices":[],"gutentor_comment":0,"rttpg_featured_image_url":{"full":["https:\/\/arantv.az\/wp-content\/uploads\/2021\/03\/berdede-sac-ustasini-is-yerinde-qayci-ile-oldurduler.jpg",620,465,false],"landscape":["https:\/\/arantv.az\/wp-content\/uploads\/2021\/03\/berdede-sac-ustasini-is-yerinde-qayci-ile-oldurduler.jpg",620,465,false],"portraits":["https:\/\/arantv.az\/wp-content\/uploads\/2021\/03\/berdede-sac-ustasini-is-yerinde-qayci-ile-oldurduler.jpg",620,465,false],"thumbnail":["https:\/\/arantv.az\/wp-content\/uploads\/2021\/03\/berdede-sac-ustasini-is-yerinde-qayci-ile-oldurduler-150x150.jpg",150,150,true],"medium":["https:\/\/arantv.az\/wp-content\/uploads\/2021\/03\/berdede-sac-ustasini-is-yerinde-qayci-ile-oldurduler-300x225.jpg",300,225,true],"large":["https:\/\/arantv.az\/wp-content\/uploads\/2021\/03\/berdede-sac-ustasini-is-yerinde-qayci-ile-oldurduler.jpg",620,465,false],"1536x1536":["https:\/\/arantv.az\/wp-content\/uploads\/2021\/03\/berdede-sac-ustasini-is-yerinde-qayci-ile-oldurduler.jpg",620,465,false],"2048x2048":["https:\/\/arantv.az\/wp-content\/uploads\/2021\/03\/berdede-sac-ustasini-is-yerinde-qayci-ile-oldurduler.jpg",620,465,false],"post-thumbnail":["https:\/\/arantv.az\/wp-content\/uploads\/2021\/03\/berdede-sac-ustasini-is-yerinde-qayci-ile-oldurduler-240x172.jpg",240,172,true],"advps-thumb-one":["https:\/\/arantv.az\/wp-content\/uploads\/2021\/03\/berdede-sac-ustasini-is-yerinde-qayci-ile-oldurduler.jpg",620,465,false]},"rttpg_author":{"display_name":"V\u00fcsal Rafiqo\u011flu","author_link":"https:\/\/arantv.az\/?author=2"},"rttpg_comment":0,"rttpg_category":"<a href=\"https:\/\/arantv.az\/?cat=5\" rel=\"category\">Hadis\u0259<\/a>","rttpg_excerpt":"Bak\u0131 A\u011f\u0131r Cinay\u0259tl\u0259r M\u0259hk\u0259m\u0259sind\u0259 q\u0259sd\u0259n sa\u011flaml\u0131\u011fa a\u011f\u0131r z\u0259r\u0259r vurmada t\u0259qsirl\u0259ndiril\u0259n N.\u00c7\u0259l\u0259biyevin cinay\u0259t i\u015fi \u00fczr\u0259 m\u0259hk\u0259m\u0259 iclas\u0131 ba\u015fa \u00e7at\u0131b. ARANTV.AZ-\u0131n x\u0259b\u0259rin\u0259 g\u00f6r\u0259, hakim S\u0259buhi H\u00fcseynovun s\u0259drliyi il\u0259 ke\u00e7iril\u0259n prosesd\u0259 h\u00f6km oxunub. M\u0259hk\u0259m\u0259nin h\u00f6km\u00fc il\u0259 o, \u00fc\u00e7\u00a0il m\u00fcdd\u0259tin\u0259 azadl\u0131qdan m\u0259hrum edilib. Cinay\u0259t M\u0259c\u0259ll\u0259sinin (CM)\u00a070-ci (\u015e\u0259rti m\u0259hkum etm\u0259) madd\u0259sinin m\u00fcdd\u0259alar\u0131na \u0259sas\u0259n, t\u0259qsirl\u0259ndiril\u0259n \u015f\u0259xs\u0259 t\u0259yin edil\u0259n azadl\u0131qdan m\u0259hrumetm\u0259 c\u0259zas\u0131&hellip;","_links":{"self":[{"href":"https:\/\/arantv.az\/index.php?rest_route=\/wp\/v2\/posts\/408633"}],"collection":[{"href":"https:\/\/arantv.az\/index.php?rest_route=\/wp\/v2\/posts"}],"about":[{"href":"https:\/\/arantv.az\/index.php?rest_route=\/wp\/v2\/types\/post"}],"author":[{"embeddable":true,"href":"https:\/\/arantv.az\/index.php?rest_route=\/wp\/v2\/users\/2"}],"replies":[{"embeddable":true,"href":"https:\/\/arantv.az\/index.php?rest_route=%2Fwp%2Fv2%2Fcomments&post=408633"}],"version-history":[{"count":0,"href":"https:\/\/arantv.az\/index.php?rest_route=\/wp\/v2\/posts\/408633\/revisions"}],"wp:featuredmedia":[{"embeddable":true,"href":"https:\/\/arantv.az\/index.php?rest_route=\/wp\/v2\/media\/307153"}],"wp:attachment":[{"href":"https:\/\/arantv.az\/index.php?rest_route=%2Fwp%2Fv2%2Fmedia&parent=408633"}],"wp:term":[{"taxonomy":"category","embeddable":true,"href":"https:\/\/arantv.az\/index.php?rest_route=%2Fwp%2Fv2%2Fcategories&post=408633"},{"taxonomy":"post_tag","embeddable":true,"href":"https:\/\/arantv.az\/index.php?rest_route=%2Fwp%2Fv2%2Ftags&post=408633"}],"curies":[{"name":"wp","href":"https:\/\/api.w.org\/{rel}","templated":true}]}}