{"id":408635,"date":"2021-11-26T09:02:20","date_gmt":"2021-11-26T06:02:20","guid":{"rendered":"http:\/\/arantv.az\/?p=408635"},"modified":"2021-11-26T09:02:20","modified_gmt":"2021-11-26T06:02:20","slug":"fermerl%c9%99r%c9%99-x%c9%99b%c9%99rdarliq-sigortasiz-%c9%99kin-sah%c9%99l%c9%99ri-subsidiya-ala-bilm%c9%99y%c9%99c%c9%99k","status":"publish","type":"post","link":"https:\/\/arantv.az\/?p=408635","title":{"rendered":"Fermerl\u0259r\u0259 x\u0259b\u0259rdarl\u0131q: S\u0131\u011fortas\u0131z \u0259kin sah\u0259l\u0259ri subsidiya ala bilm\u0259y\u0259c\u0259k"},"content":{"rendered":"<p><strong>Az\u0259rbaycanda d\u00f6vl\u0259t d\u0259st\u0259yi il\u0259 g\u00fcz\u0259\u015ftli aqrar s\u0131\u011forta mexanizmini h\u0259yata ke\u00e7ir\u0259n Aqrar S\u0131\u011forta Fondu 10 hektar v\u0259 daha art\u0131q \u0259kin sah\u0259si olan fermerl\u0259r\u0259 m\u00fcraci\u0259t edib.<\/strong><\/p>\n<p><strong>ARANTV.AZ<\/strong> <a href=\"https:\/\/az.trend.az\/\" target=\"_blank\" rel=\"noopener\">Trend<\/a>-\u0259 istinad\u0259n bildirir ki,\u00a0Fond fermerl\u0259r\u0259 xat\u0131rlad\u0131r ki, Az\u0259rbaycan Prezidenti \u0130lham \u018fliyevin 1 sentyabr 2021-ci il tarixli f\u0259rman\u0131 il\u0259 &#8220;K\u0259nd t\u0259s\u0259rr\u00fcfat\u0131 m\u0259hsullar\u0131 istehsal\u0131n\u0131n subsidiyala\u015fd\u0131r\u0131lmas\u0131 Qaydas\u0131&#8221;nda d\u0259yi\u015fiklik edilib.<\/p>\n<p>F\u0259rmana \u0259sas\u0259n, \u00f6lk\u0259nin \u0259rzaq t\u0259hl\u00fck\u0259sizliyinin t\u0259min edilm\u0259sind\u0259 m\u00fch\u00fcm rola malik olan bitkil\u0259r \u00fczr\u0259 10 hektardan art\u0131q \u0259kin sah\u0259l\u0259rin\u0259 \u0259kin subsidiyalar\u0131 3 il \u0259rzind\u0259 aqrar s\u0131\u011forta olunmaqla veril\u0259c\u0259k.<\/p>\n<p>Aqrar Subsidiya \u015euras\u0131 t\u0259r\u0259find\u0259n m\u00fc\u0259yy\u0259n edil\u0259n siyah\u0131ya \u0259sas\u0259n aqrar s\u0131\u011forta t\u0259l\u0259bi 7 bitkiy\u0259 \u015famil edilib, bunlar: bu\u011fda, arpa, \u00e7\u0259ltik, \u00e7ay, limon, f\u0131nd\u0131q v\u0259 qar\u011f\u0131dal\u0131d\u0131r.<\/p>\n<p>Yenilik \u00f6lk\u0259nin \u0259rzaq t\u0259h\u00fck\u0259sizliyinin t\u0259min edilm\u0259si, t\u0259s\u0259rr\u00fcfatlar\u0131n t\u0259bi\u0259t hadis\u0259l\u0259ri v\u0259 dig\u0259r riskl\u0259rd\u0259n s\u0131\u011fortalanmas\u0131, fermerl\u0259rin m\u0259hsullar\u0131n\u0131n v\u0259 g\u0259lirl\u0259rinin qorunmas\u0131 m\u0259qs\u0259di da\u015f\u0131y\u0131r.<\/p>\n<p>D\u00f6vl\u0259t t\u0259r\u0259find\u0259n fermerl\u0259r\u0259 veril\u0259n \u00e7oxsayl\u0131 d\u0259st\u0259k mexanizml\u0259ri aqrar s\u0131\u011fortada da n\u0259z\u0259rd\u0259 tutulub &#8211; aqrar s\u0131\u011forta haqq\u0131n\u0131n 50%-i d\u00f6vl\u0259t t\u0259r\u0259find\u0259n \u00f6d\u0259nilir.<\/p>\n<p>\u00d6lk\u0259 \u00fczr\u0259 orta r\u0259q\u0259ml\u0259ri n\u0259z\u0259r\u0259 alanda, 1 hektar tax\u0131l sah\u0259sinin s\u0131\u011forta haqq\u0131n\u0131n fermerl\u0259r t\u0259r\u0259find\u0259n \u00f6d\u0259nil\u0259n hiss\u0259si regionlar \u00fczr\u0259 \u0259sas\u0259n 6-12 manat aras\u0131nda d\u0259yi\u015fir ki, bu da fermerl\u0259r\u0259 d\u00f6vl\u0259t t\u0259r\u0259find\u0259n veril\u0259n \u0259kin subsidiyas\u0131n\u0131n c\u00fczi hiss\u0259sini t\u0259\u015fkil edir.<\/p>\n<p>Aqrar S\u0131\u011forta Fondu bildirir ki, fermerl\u0259rin subsidiyadan k\u0259narda qalmamas\u0131 \u00fc\u00e7\u00fcn b\u00fct\u00fcn add\u0131mlar at\u0131l\u0131r &#8211; \u0259kin b\u0259yanlar\u0131 ed\u0259n fermerl\u0259rl\u0259 \u0259laq\u0259 saxlan\u0131l\u0131r v\u0259 onlara aqrar s\u0131\u011forta t\u0259l\u0259bi xat\u0131rlad\u0131l\u0131r, s\u0131\u011forta \u015f\u0259rtl\u0259ri v\u0259 dig\u0259r z\u0259ruri m\u0259lumatlar verilir.<\/p>\n<p>\u018fkinl\u0259rin s\u0131\u011fortalanmas\u0131 proseduru el\u0259 sad\u0259l\u0259\u015fdirilib ki, internet v\u0259rdi\u015fl\u0259ri olmayan fermerl\u0259r d\u0259 rahat \u015f\u0259kild\u0259 s\u0131\u011forta m\u00fcqavil\u0259si ba\u011flaya bilirl\u0259r.<\/p>\n<p>Qeyd ed\u0259k ki, dekabr\u0131n 30-da \u0259kin b\u0259yanlar\u0131 ba\u015fa \u00e7atd\u0131qdan sonra h\u0259min vaxtad\u0259k s\u0131\u011forta olunmayan fermerl\u0259r v\u0259 t\u0259s\u0259rr\u00fcfatlar\u0131n \u0259kin subsididiyas\u0131 almas\u0131 m\u00fcmk\u00fcn olmayacaq.<\/p>\n<p>Aqrar S\u0131\u011forta Fondu fermerl\u0259ri h\u0259min d\u00f6vr\u0259 q\u0259d\u0259r \u0259kin sah\u0259l\u0259rini g\u00fcz\u0259\u015ftli \u015f\u0259rtl\u0259rl\u0259 s\u0131\u011fortalama\u011fa, m\u0259hsullar\u0131n\u0131 v\u0259 g\u0259lirl\u0259rini qorunma\u011fa \u00e7a\u011f\u0131r\u0131r.<\/p>\n","protected":false},"excerpt":{"rendered":"<p>Az\u0259rbaycanda d\u00f6vl\u0259t d\u0259st\u0259yi il\u0259 g\u00fcz\u0259\u015ftli aqrar s\u0131\u011forta mexanizmini h\u0259yata ke\u00e7ir\u0259n Aqrar S\u0131\u011forta Fondu 10 hektar v\u0259 daha art\u0131q \u0259kin sah\u0259si olan fermerl\u0259r\u0259 m\u00fcraci\u0259t edib. ARANTV.AZ Trend-\u0259 istinad\u0259n bildirir ki,\u00a0Fond fermerl\u0259r\u0259 xat\u0131rlad\u0131r ki, Az\u0259rbaycan Prezidenti \u0130lham \u018fliyevin 1 sentyabr 2021-ci il tarixli f\u0259rman\u0131 il\u0259 &#8220;K\u0259nd t\u0259s\u0259rr\u00fcfat\u0131 m\u0259hsullar\u0131 istehsal\u0131n\u0131n subsidiyala\u015fd\u0131r\u0131lmas\u0131 Qaydas\u0131&#8221;nda d\u0259yi\u015fiklik edilib. F\u0259rmana \u0259sas\u0259n, \u00f6lk\u0259nin \u0259rzaq t\u0259hl\u00fck\u0259sizliyinin t\u0259min edilm\u0259sind\u0259 m\u00fch\u00fcm rola malik olan bitkil\u0259r \u00fczr\u0259 10 hektardan art\u0131q \u0259kin sah\u0259l\u0259rin\u0259 \u0259kin subsidiyalar\u0131 3 il \u0259rzind\u0259 aqrar s\u0131\u011forta olunmaqla veril\u0259c\u0259k. Aqrar Subsidiya \u015euras\u0131 t\u0259r\u0259find\u0259n m\u00fc\u0259yy\u0259n edil\u0259n siyah\u0131ya \u0259sas\u0259n aqrar s\u0131\u011forta t\u0259l\u0259bi 7&hellip;<\/p>\n","protected":false},"author":2,"featured_media":408636,"comment_status":"closed","ping_status":"closed","sticky":false,"template":"","format":"standard","meta":{"om_disable_all_campaigns":false,"_monsterinsights_skip_tracking":false,"_monsterinsights_sitenote_active":false,"_monsterinsights_sitenote_note":"","_monsterinsights_sitenote_category":0},"categories":[19],"tags":[],"aioseo_notices":[],"gutentor_comment":0,"rttpg_featured_image_url":{"full":["https:\/\/arantv.az\/wp-content\/uploads\/2021\/11\/998911.jpg",800,600,false],"landscape":["https:\/\/arantv.az\/wp-content\/uploads\/2021\/11\/998911.jpg",800,600,false],"portraits":["https:\/\/arantv.az\/wp-content\/uploads\/2021\/11\/998911.jpg",800,600,false],"thumbnail":["https:\/\/arantv.az\/wp-content\/uploads\/2021\/11\/998911-500x280.jpg",500,280,true],"medium":["https:\/\/arantv.az\/wp-content\/uploads\/2021\/11\/998911-487x365.jpg",487,365,true],"large":["https:\/\/arantv.az\/wp-content\/uploads\/2021\/11\/998911.jpg",640,480,false],"1536x1536":["https:\/\/arantv.az\/wp-content\/uploads\/2021\/11\/998911.jpg",800,600,false],"2048x2048":["https:\/\/arantv.az\/wp-content\/uploads\/2021\/11\/998911.jpg",800,600,false],"post-thumbnail":["https:\/\/arantv.az\/wp-content\/uploads\/2021\/11\/998911-240x172.jpg",240,172,true],"advps-thumb-one":["https:\/\/arantv.az\/wp-content\/uploads\/2021\/11\/998911.jpg",800,600,false]},"rttpg_author":{"display_name":"V\u00fcsal Rafiqo\u011flu","author_link":"https:\/\/arantv.az\/?author=2"},"rttpg_comment":0,"rttpg_category":"<a href=\"https:\/\/arantv.az\/?cat=19\" rel=\"category\">G\u00fcnd\u0259m<\/a>","rttpg_excerpt":"Az\u0259rbaycanda d\u00f6vl\u0259t d\u0259st\u0259yi il\u0259 g\u00fcz\u0259\u015ftli aqrar s\u0131\u011forta mexanizmini h\u0259yata ke\u00e7ir\u0259n Aqrar S\u0131\u011forta Fondu 10 hektar v\u0259 daha art\u0131q \u0259kin sah\u0259si olan fermerl\u0259r\u0259 m\u00fcraci\u0259t edib. ARANTV.AZ Trend-\u0259 istinad\u0259n bildirir ki,\u00a0Fond fermerl\u0259r\u0259 xat\u0131rlad\u0131r ki, Az\u0259rbaycan Prezidenti \u0130lham \u018fliyevin 1 sentyabr 2021-ci il tarixli f\u0259rman\u0131 il\u0259 &#8220;K\u0259nd t\u0259s\u0259rr\u00fcfat\u0131 m\u0259hsullar\u0131 istehsal\u0131n\u0131n subsidiyala\u015fd\u0131r\u0131lmas\u0131 Qaydas\u0131&#8221;nda d\u0259yi\u015fiklik edilib. F\u0259rmana \u0259sas\u0259n, \u00f6lk\u0259nin \u0259rzaq&hellip;","_links":{"self":[{"href":"https:\/\/arantv.az\/index.php?rest_route=\/wp\/v2\/posts\/408635"}],"collection":[{"href":"https:\/\/arantv.az\/index.php?rest_route=\/wp\/v2\/posts"}],"about":[{"href":"https:\/\/arantv.az\/index.php?rest_route=\/wp\/v2\/types\/post"}],"author":[{"embeddable":true,"href":"https:\/\/arantv.az\/index.php?rest_route=\/wp\/v2\/users\/2"}],"replies":[{"embeddable":true,"href":"https:\/\/arantv.az\/index.php?rest_route=%2Fwp%2Fv2%2Fcomments&post=408635"}],"version-history":[{"count":0,"href":"https:\/\/arantv.az\/index.php?rest_route=\/wp\/v2\/posts\/408635\/revisions"}],"wp:featuredmedia":[{"embeddable":true,"href":"https:\/\/arantv.az\/index.php?rest_route=\/wp\/v2\/media\/408636"}],"wp:attachment":[{"href":"https:\/\/arantv.az\/index.php?rest_route=%2Fwp%2Fv2%2Fmedia&parent=408635"}],"wp:term":[{"taxonomy":"category","embeddable":true,"href":"https:\/\/arantv.az\/index.php?rest_route=%2Fwp%2Fv2%2Fcategories&post=408635"},{"taxonomy":"post_tag","embeddable":true,"href":"https:\/\/arantv.az\/index.php?rest_route=%2Fwp%2Fv2%2Ftags&post=408635"}],"curies":[{"name":"wp","href":"https:\/\/api.w.org\/{rel}","templated":true}]}}