{"id":408638,"date":"2021-11-26T09:03:10","date_gmt":"2021-11-26T06:03:10","guid":{"rendered":"http:\/\/arantv.az\/?p=408638"},"modified":"2021-11-26T09:03:10","modified_gmt":"2021-11-26T06:03:10","slug":"az%c9%99rbaycan-pandemiyaya-qarsi-addimlar-atan-ilk-olk%c9%99l%c9%99rd%c9%99n-biridir-ust","status":"publish","type":"post","link":"https:\/\/arantv.az\/?p=408638","title":{"rendered":"Az\u0259rbaycan pandemiyaya qar\u015f\u0131 add\u0131mlar atan ilk \u00f6lk\u0259l\u0259rd\u0259n biridir &#8211; \u00dcST"},"content":{"rendered":"<p><strong>Az\u0259rbaycan qlobal pandemiyan\u0131n yay\u0131lmas\u0131n\u0131n qar\u015f\u0131s\u0131n\u0131n al\u0131nmas\u0131 m\u0259qs\u0259dil\u0259 ilk add\u0131mlar atan \u00f6lk\u0259l\u0259rd\u0259n biridir.<\/strong><\/p>\n<p><strong>ARANTV.AZ<\/strong> <a href=\"https:\/\/az.trend.az\/\" target=\"_blank\" rel=\"noopener\">Trend<\/a>-\u0259 istinad\u0259n bildirir ki,\u00a0bunu \u00dcmumd\u00fcnya S\u0259hiyy\u0259 T\u0259\u015fkilat\u0131n\u0131n Avropa regional b\u00fcrosunun direktoru Hans Kl\u00fcqe Rusiyada i\u015fg\u00fczar s\u0259f\u0259rd\u0259 olan Milli M\u0259clisin s\u0259dri Sahib\u0259 Qafarovan il\u0259 g\u00f6r\u00fc\u015fd\u0259 deyib.<\/p>\n<p>Milli M\u0259clisin s\u0259dri Az\u0259rbaycan\u0131n \u00dcST il\u0259 u\u011furlu \u0259m\u0259kda\u015fl\u0131\u011f\u0131ndan dan\u0131\u015faraq, diqq\u0259t\u0259 \u00e7atd\u0131r\u0131b ki, 1994-c\u00fc ild\u0259n \u00f6lk\u0259mizd\u0259 f\u0259aliyy\u0259t g\u00f6st\u0259r\u0259n \u00dcST il\u0259 \u0259laq\u0259l\u0259r m\u00fcxt\u0259lif istiqam\u0259tl\u0259rd\u0259 davam edir.<\/p>\n<p>Spiker g\u00f6r\u00fc\u015fd\u0259 Az\u0259rbaycanda &#8220;COVID-19&#8243;a qar\u015f\u0131 m\u00fcbariz\u0259 t\u0259dbirl\u0259ri haqq\u0131nda m\u0259lumat verib. O, h\u0259m\u00e7inin xat\u0131rlad\u0131b ki, Az\u0259rbaycan COVID-19-a qar\u015f\u0131 vaksinl\u0259r\u0259 b\u0259rab\u0259r v\u0259 \u0259dal\u0259tli \u00e7\u0131x\u0131\u015f \u0259ld\u0259 etm\u0259k \u00fc\u00e7\u00fcn s\u0259y g\u00f6st\u0259r\u0259n \u00f6lk\u0259l\u0259rd\u0259n biridir. \u00dcST t\u0259r\u0259find\u0259n Az\u0259rbaycan\u0131n qlobal miqyasda COVID-19 pandemiyas\u0131na qar\u015f\u0131 m\u00fcbariz\u0259y\u0259 verdiyi y\u00fcks\u0259k qiym\u0259t \u00f6lk\u0259mizin t\u0259\u015f\u0259bb\u00fcsl\u0259rinin b\u00fct\u00fcn d\u00fcnya \u00fc\u00e7\u00fcn \u0259h\u0259miyy\u0259tini bir daha t\u0259sdiql\u0259yir.<\/p>\n<p>Sahib\u0259 Qafarova qeyd edib ki, \u00f6lk\u0259miz q\u0131sa m\u00fcdd\u0259t \u0259rzind\u0259 30-dan \u00e7ox \u00f6lk\u0259y\u0259 v\u0259 beyn\u0259lxalq t\u0259\u015fkilata maliyy\u0259 v\u0259 humanitar yard\u0131m g\u00f6st\u0259rib, o c\u00fcml\u0259d\u0259n \u00dcST-y\u0259 10 milyon dollar m\u0259bl\u0259\u011find\u0259 k\u00f6n\u00fcll\u00fc yard\u0131m edib.<\/p>\n<p>Prezident \u0130lham \u018fliyevin t\u0259\u015f\u0259bb\u00fcs\u00fc il\u0259 2020-ci ilin aprelind\u0259 ke\u00e7iril\u0259n T\u00fcrk \u015euras\u0131n\u0131n sammiti, h\u0259min ilin may\u0131nda Qo\u015fulmama H\u0259r\u0259kat\u0131n\u0131n Zirv\u0259 g\u00f6r\u00fc\u015f\u00fc v\u0259 BMT Ba\u015f Assambleyas\u0131n\u0131n d\u00f6vl\u0259t v\u0259 h\u00f6kum\u0259t ba\u015f\u00e7\u0131lar\u0131 s\u0259viyy\u0259sind\u0259 x\u00fcsusi sessiyas\u0131 t\u0259sdiql\u0259yir ki, Az\u0259rbaycan qlobal probleml\u0259rin h\u0259lli \u00fc\u00e7\u00fcn m\u0259suliyy\u0259t da\u015f\u0131ma\u011fa haz\u0131r olan g\u00fccl\u00fc d\u00f6vl\u0259tdir. Bu t\u0259\u015f\u0259bb\u00fcsl\u0259r \u00f6lk\u0259mizin beyn\u0259lxalq h\u0259mr\u0259yliy\u0259 v\u0259 \u0259m\u0259kda\u015fl\u0131\u011fa sadiqliyini bir daha n\u00fcmayi\u015f etdirir.<\/p>\n<p>\u00dcmumd\u00fcnya S\u0259hiyy\u0259 T\u0259\u015fkilat\u0131n\u0131n Avropa regional b\u00fcrosunun direktoru Hans Kl\u00fcqe Az\u0259rbaycan parlamentinin ba\u015f\u00e7\u0131s\u0131 il\u0259 g\u00f6r\u00fc\u015fm\u0259kd\u0259n m\u0259mnunlu\u011funu bildirib. B\u00fcro direktoru Az\u0259rbaycan\u0131n pandemiya il\u0259 m\u00fcbariz\u0259y\u0259 verdiyi t\u00f6hf\u0259l\u0259ri v\u0259 pandemiyan\u0131n aradan qald\u0131r\u0131lmas\u0131 \u00fc\u00e7\u00fcn g\u00f6st\u0259rdiyi s\u0259yl\u0259ri y\u00fcks\u0259k qiym\u0259tl\u0259ndirib. Hans Kl\u00fcqe bu prosesin indi d\u0259 u\u011furla davam etdirilm\u0259sind\u0259n raz\u0131l\u0131\u011f\u0131n\u0131 bildirib. O, pandemiya d\u00f6vr\u00fcnd\u0259 Az\u0259rbaycan h\u00f6kum\u0259tinin h\u0259yata ke\u00e7irdiyi u\u011furlu t\u0259dbirl\u0259rin v\u0259ziyy\u0259tin Prezident \u0130lham \u018fliyevin tam n\u0259zar\u0259ti alt\u0131nda oldu\u011funu g\u00f6st\u0259rdiyini x\u00fcsusi vur\u011fulay\u0131b. O, Az\u0259rbaycan\u0131n COV\u0130D-19-la qlobal m\u00fcbariz\u0259y\u0259 verdiyi d\u0259st\u0259y\u0259 g\u00f6r\u0259, \u00f6lk\u0259miz\u0259 t\u0259\u015f\u0259kk\u00fcr edib. Qeyd edib ki, Az\u0259rbaycan bu qlobal pandemiyan\u0131n yay\u0131lmas\u0131n\u0131n qar\u015f\u0131s\u0131n\u0131n al\u0131nmas\u0131 m\u0259qs\u0259dil\u0259 ilk add\u0131mlar atan \u00f6lk\u0259l\u0259rd\u0259n biridir.<\/p>\n<p>Sonra g\u00f6r\u00fc\u015fd\u0259 dig\u0259r m\u0259s\u0259l\u0259l\u0259r bar\u0259d\u0259 fikir m\u00fcbadil\u0259si apar\u0131l\u0131b.<\/p>\n","protected":false},"excerpt":{"rendered":"<p>Az\u0259rbaycan qlobal pandemiyan\u0131n yay\u0131lmas\u0131n\u0131n qar\u015f\u0131s\u0131n\u0131n al\u0131nmas\u0131 m\u0259qs\u0259dil\u0259 ilk add\u0131mlar atan \u00f6lk\u0259l\u0259rd\u0259n biridir. ARANTV.AZ Trend-\u0259 istinad\u0259n bildirir ki,\u00a0bunu \u00dcmumd\u00fcnya S\u0259hiyy\u0259 T\u0259\u015fkilat\u0131n\u0131n Avropa regional b\u00fcrosunun direktoru Hans Kl\u00fcqe Rusiyada i\u015fg\u00fczar s\u0259f\u0259rd\u0259 olan Milli M\u0259clisin s\u0259dri Sahib\u0259 Qafarovan il\u0259 g\u00f6r\u00fc\u015fd\u0259 deyib. Milli M\u0259clisin s\u0259dri Az\u0259rbaycan\u0131n \u00dcST il\u0259 u\u011furlu \u0259m\u0259kda\u015fl\u0131\u011f\u0131ndan dan\u0131\u015faraq, diqq\u0259t\u0259 \u00e7atd\u0131r\u0131b ki, 1994-c\u00fc ild\u0259n \u00f6lk\u0259mizd\u0259 f\u0259aliyy\u0259t g\u00f6st\u0259r\u0259n \u00dcST il\u0259 \u0259laq\u0259l\u0259r m\u00fcxt\u0259lif istiqam\u0259tl\u0259rd\u0259 davam edir. Spiker g\u00f6r\u00fc\u015fd\u0259 Az\u0259rbaycanda &#8220;COVID-19&#8243;a qar\u015f\u0131 m\u00fcbariz\u0259 t\u0259dbirl\u0259ri haqq\u0131nda m\u0259lumat verib. O, h\u0259m\u00e7inin xat\u0131rlad\u0131b ki, Az\u0259rbaycan COVID-19-a qar\u015f\u0131 vaksinl\u0259r\u0259 b\u0259rab\u0259r v\u0259 \u0259dal\u0259tli \u00e7\u0131x\u0131\u015f \u0259ld\u0259 etm\u0259k \u00fc\u00e7\u00fcn s\u0259y g\u00f6st\u0259r\u0259n \u00f6lk\u0259l\u0259rd\u0259n&hellip;<\/p>\n","protected":false},"author":2,"featured_media":408639,"comment_status":"closed","ping_status":"closed","sticky":false,"template":"","format":"standard","meta":{"om_disable_all_campaigns":false,"_monsterinsights_skip_tracking":false,"_monsterinsights_sitenote_active":false,"_monsterinsights_sitenote_note":"","_monsterinsights_sitenote_category":0},"categories":[19],"tags":[],"aioseo_notices":[],"gutentor_comment":0,"rttpg_featured_image_url":{"full":["https:\/\/arantv.az\/wp-content\/uploads\/2021\/11\/998910_000.jpg",800,600,false],"landscape":["https:\/\/arantv.az\/wp-content\/uploads\/2021\/11\/998910_000.jpg",800,600,false],"portraits":["https:\/\/arantv.az\/wp-content\/uploads\/2021\/11\/998910_000.jpg",800,600,false],"thumbnail":["https:\/\/arantv.az\/wp-content\/uploads\/2021\/11\/998910_000-500x280.jpg",500,280,true],"medium":["https:\/\/arantv.az\/wp-content\/uploads\/2021\/11\/998910_000-487x365.jpg",487,365,true],"large":["https:\/\/arantv.az\/wp-content\/uploads\/2021\/11\/998910_000.jpg",640,480,false],"1536x1536":["https:\/\/arantv.az\/wp-content\/uploads\/2021\/11\/998910_000.jpg",800,600,false],"2048x2048":["https:\/\/arantv.az\/wp-content\/uploads\/2021\/11\/998910_000.jpg",800,600,false],"post-thumbnail":["https:\/\/arantv.az\/wp-content\/uploads\/2021\/11\/998910_000-240x172.jpg",240,172,true],"advps-thumb-one":["https:\/\/arantv.az\/wp-content\/uploads\/2021\/11\/998910_000.jpg",800,600,false]},"rttpg_author":{"display_name":"V\u00fcsal Rafiqo\u011flu","author_link":"https:\/\/arantv.az\/?author=2"},"rttpg_comment":0,"rttpg_category":"<a href=\"https:\/\/arantv.az\/?cat=19\" rel=\"category\">G\u00fcnd\u0259m<\/a>","rttpg_excerpt":"Az\u0259rbaycan qlobal pandemiyan\u0131n yay\u0131lmas\u0131n\u0131n qar\u015f\u0131s\u0131n\u0131n al\u0131nmas\u0131 m\u0259qs\u0259dil\u0259 ilk add\u0131mlar atan \u00f6lk\u0259l\u0259rd\u0259n biridir. ARANTV.AZ Trend-\u0259 istinad\u0259n bildirir ki,\u00a0bunu \u00dcmumd\u00fcnya S\u0259hiyy\u0259 T\u0259\u015fkilat\u0131n\u0131n Avropa regional b\u00fcrosunun direktoru Hans Kl\u00fcqe Rusiyada i\u015fg\u00fczar s\u0259f\u0259rd\u0259 olan Milli M\u0259clisin s\u0259dri Sahib\u0259 Qafarovan il\u0259 g\u00f6r\u00fc\u015fd\u0259 deyib. Milli M\u0259clisin s\u0259dri Az\u0259rbaycan\u0131n \u00dcST il\u0259 u\u011furlu \u0259m\u0259kda\u015fl\u0131\u011f\u0131ndan dan\u0131\u015faraq, diqq\u0259t\u0259 \u00e7atd\u0131r\u0131b ki, 1994-c\u00fc ild\u0259n \u00f6lk\u0259mizd\u0259 f\u0259aliyy\u0259t g\u00f6st\u0259r\u0259n&hellip;","_links":{"self":[{"href":"https:\/\/arantv.az\/index.php?rest_route=\/wp\/v2\/posts\/408638"}],"collection":[{"href":"https:\/\/arantv.az\/index.php?rest_route=\/wp\/v2\/posts"}],"about":[{"href":"https:\/\/arantv.az\/index.php?rest_route=\/wp\/v2\/types\/post"}],"author":[{"embeddable":true,"href":"https:\/\/arantv.az\/index.php?rest_route=\/wp\/v2\/users\/2"}],"replies":[{"embeddable":true,"href":"https:\/\/arantv.az\/index.php?rest_route=%2Fwp%2Fv2%2Fcomments&post=408638"}],"version-history":[{"count":0,"href":"https:\/\/arantv.az\/index.php?rest_route=\/wp\/v2\/posts\/408638\/revisions"}],"wp:featuredmedia":[{"embeddable":true,"href":"https:\/\/arantv.az\/index.php?rest_route=\/wp\/v2\/media\/408639"}],"wp:attachment":[{"href":"https:\/\/arantv.az\/index.php?rest_route=%2Fwp%2Fv2%2Fmedia&parent=408638"}],"wp:term":[{"taxonomy":"category","embeddable":true,"href":"https:\/\/arantv.az\/index.php?rest_route=%2Fwp%2Fv2%2Fcategories&post=408638"},{"taxonomy":"post_tag","embeddable":true,"href":"https:\/\/arantv.az\/index.php?rest_route=%2Fwp%2Fv2%2Ftags&post=408638"}],"curies":[{"name":"wp","href":"https:\/\/api.w.org\/{rel}","templated":true}]}}