{"id":40864,"date":"2019-02-23T11:31:06","date_gmt":"2019-02-23T08:31:06","guid":{"rendered":"http:\/\/arantv.az\/?p=40864"},"modified":"2019-02-23T11:31:06","modified_gmt":"2019-02-23T08:31:06","slug":"hava-s%c9%99raiti-d%c9%99yisir-yagis-v%c9%99-qar-yagacaq","status":"publish","type":"post","link":"https:\/\/arantv.az\/?p=40864","title":{"rendered":"Hava \u015f\u0259raiti d\u0259yi\u015fir: Ya\u011f\u0131\u015f v\u0259 qar ya\u011facaq"},"content":{"rendered":"<p>Fevral\u0131n 24-d\u0259 \u00f6lk\u0259 \u0259razisind\u0259 hava \u015f\u0259raiti d\u0259yi\u015f\u0259c\u0259k.<\/p>\n<p>Bunu\u00a0<strong>ARANTV.AZ<\/strong>-a a\u00e7\u0131qlamas\u0131nda Ekologiya v\u0259 T\u0259bii S\u0259rv\u0259tl\u0259r Nazirliyinin Milli Hidrometeorologiya Departamentinin Hidrometeoroloji Proqnozlar B\u00fcrosunun direktoru G\u00fcl\u015fad M\u0259mm\u0259dova bildirib.<\/p>\n<p>Onun s\u00f6zl\u0259rin\u0259 g\u00f6r\u0259, fevral\u0131n 24-d\u0259 Bak\u0131da v\u0259 Ab\u015feron yar\u0131madas\u0131nda \u0259sas\u0259n, ya\u011fmursuz hava \u015f\u0259raiti m\u00fc\u015fahid\u0259 olunacaq:<\/p>\n<div id=\"AdributorNativeVideo0\" class=\"AdributorNativeVideo\"><\/div>\n<p>\u201cS\u0259h\u0259r duman, \u00e7iskin\u00a0 olacaq. Fevral\u0131n 25- d\u0259 g\u00fcn \u0259rzind\u0259 arabir ya\u011f\u0131\u015f ya\u011facaq, temperatur 8-11 d\u0259r\u0259c\u0259 olacaq. Rayonlarda is\u0259 \u0259sas\u0259n, ya\u011fmursuz hava \u015f\u0259raiti olacaq.<\/p>\n<p>Lakin fevral\u0131n 24 ax\u015fam saatlar\u0131nda b\u0259zi \u015fimal-\u015f\u0259rq rayonlar\u0131nda ya\u011f\u0131\u015f, da\u011fl\u0131q \u0259razil\u0259rd\u0259 is\u0259 qar ya\u011faca\u011f\u0131 ehtimal\u0131 var\u201d, &#8211; dey\u0259 G\u00fcl\u015fad M\u0259mm\u0259dova qeyd edib.<\/p>\n","protected":false},"excerpt":{"rendered":"<p>Fevral\u0131n 24-d\u0259 \u00f6lk\u0259 \u0259razisind\u0259 hava \u015f\u0259raiti d\u0259yi\u015f\u0259c\u0259k. Bunu\u00a0ARANTV.AZ-a a\u00e7\u0131qlamas\u0131nda Ekologiya v\u0259 T\u0259bii S\u0259rv\u0259tl\u0259r Nazirliyinin Milli Hidrometeorologiya Departamentinin Hidrometeoroloji Proqnozlar B\u00fcrosunun direktoru G\u00fcl\u015fad M\u0259mm\u0259dova bildirib. Onun s\u00f6zl\u0259rin\u0259 g\u00f6r\u0259, fevral\u0131n 24-d\u0259 Bak\u0131da v\u0259 Ab\u015feron yar\u0131madas\u0131nda \u0259sas\u0259n, ya\u011fmursuz hava \u015f\u0259raiti m\u00fc\u015fahid\u0259 olunacaq: \u201cS\u0259h\u0259r duman, \u00e7iskin\u00a0 olacaq. Fevral\u0131n 25- d\u0259 g\u00fcn \u0259rzind\u0259 arabir ya\u011f\u0131\u015f ya\u011facaq, temperatur 8-11 d\u0259r\u0259c\u0259 olacaq. Rayonlarda is\u0259 \u0259sas\u0259n, ya\u011fmursuz hava \u015f\u0259raiti olacaq. Lakin fevral\u0131n 24 ax\u015fam saatlar\u0131nda b\u0259zi \u015fimal-\u015f\u0259rq rayonlar\u0131nda ya\u011f\u0131\u015f, da\u011fl\u0131q \u0259razil\u0259rd\u0259 is\u0259 qar ya\u011faca\u011f\u0131 ehtimal\u0131 var\u201d, &#8211; dey\u0259 G\u00fcl\u015fad M\u0259mm\u0259dova qeyd edib.<\/p>\n","protected":false},"author":2,"featured_media":40865,"comment_status":"closed","ping_status":"closed","sticky":false,"template":"","format":"standard","meta":{"om_disable_all_campaigns":false,"_monsterinsights_skip_tracking":false,"_monsterinsights_sitenote_active":false,"_monsterinsights_sitenote_note":"","_monsterinsights_sitenote_category":0},"categories":[1],"tags":[],"aioseo_notices":[],"gutentor_comment":0,"rttpg_featured_image_url":{"full":["https:\/\/arantv.az\/wp-content\/uploads\/2019\/02\/Clipboard01-4.jpg",620,405,false],"landscape":["https:\/\/arantv.az\/wp-content\/uploads\/2019\/02\/Clipboard01-4.jpg",620,405,false],"portraits":["https:\/\/arantv.az\/wp-content\/uploads\/2019\/02\/Clipboard01-4.jpg",620,405,false],"thumbnail":["https:\/\/arantv.az\/wp-content\/uploads\/2019\/02\/Clipboard01-4-150x150.jpg",150,150,true],"medium":["https:\/\/arantv.az\/wp-content\/uploads\/2019\/02\/Clipboard01-4-300x196.jpg",300,196,true],"large":["https:\/\/arantv.az\/wp-content\/uploads\/2019\/02\/Clipboard01-4.jpg",620,405,false],"1536x1536":["https:\/\/arantv.az\/wp-content\/uploads\/2019\/02\/Clipboard01-4.jpg",620,405,false],"2048x2048":["https:\/\/arantv.az\/wp-content\/uploads\/2019\/02\/Clipboard01-4.jpg",620,405,false],"post-thumbnail":["https:\/\/arantv.az\/wp-content\/uploads\/2019\/02\/Clipboard01-4-240x172.jpg",240,172,true],"advps-thumb-one":["https:\/\/arantv.az\/wp-content\/uploads\/2019\/02\/Clipboard01-4.jpg",620,405,false]},"rttpg_author":{"display_name":"V\u00fcsal Rafiqo\u011flu","author_link":"https:\/\/arantv.az\/?author=2"},"rttpg_comment":0,"rttpg_category":"<a href=\"https:\/\/arantv.az\/?cat=1\" rel=\"category\">C\u0259miyy\u0259t<\/a>","rttpg_excerpt":"Fevral\u0131n 24-d\u0259 \u00f6lk\u0259 \u0259razisind\u0259 hava \u015f\u0259raiti d\u0259yi\u015f\u0259c\u0259k. Bunu\u00a0ARANTV.AZ-a a\u00e7\u0131qlamas\u0131nda Ekologiya v\u0259 T\u0259bii S\u0259rv\u0259tl\u0259r Nazirliyinin Milli Hidrometeorologiya Departamentinin Hidrometeoroloji Proqnozlar B\u00fcrosunun direktoru G\u00fcl\u015fad M\u0259mm\u0259dova bildirib. Onun s\u00f6zl\u0259rin\u0259 g\u00f6r\u0259, fevral\u0131n 24-d\u0259 Bak\u0131da v\u0259 Ab\u015feron yar\u0131madas\u0131nda \u0259sas\u0259n, ya\u011fmursuz hava \u015f\u0259raiti m\u00fc\u015fahid\u0259 olunacaq: \u201cS\u0259h\u0259r duman, \u00e7iskin\u00a0 olacaq. Fevral\u0131n 25- d\u0259 g\u00fcn \u0259rzind\u0259 arabir ya\u011f\u0131\u015f ya\u011facaq, temperatur 8-11 d\u0259r\u0259c\u0259 olacaq.&hellip;","_links":{"self":[{"href":"https:\/\/arantv.az\/index.php?rest_route=\/wp\/v2\/posts\/40864"}],"collection":[{"href":"https:\/\/arantv.az\/index.php?rest_route=\/wp\/v2\/posts"}],"about":[{"href":"https:\/\/arantv.az\/index.php?rest_route=\/wp\/v2\/types\/post"}],"author":[{"embeddable":true,"href":"https:\/\/arantv.az\/index.php?rest_route=\/wp\/v2\/users\/2"}],"replies":[{"embeddable":true,"href":"https:\/\/arantv.az\/index.php?rest_route=%2Fwp%2Fv2%2Fcomments&post=40864"}],"version-history":[{"count":0,"href":"https:\/\/arantv.az\/index.php?rest_route=\/wp\/v2\/posts\/40864\/revisions"}],"wp:featuredmedia":[{"embeddable":true,"href":"https:\/\/arantv.az\/index.php?rest_route=\/wp\/v2\/media\/40865"}],"wp:attachment":[{"href":"https:\/\/arantv.az\/index.php?rest_route=%2Fwp%2Fv2%2Fmedia&parent=40864"}],"wp:term":[{"taxonomy":"category","embeddable":true,"href":"https:\/\/arantv.az\/index.php?rest_route=%2Fwp%2Fv2%2Fcategories&post=40864"},{"taxonomy":"post_tag","embeddable":true,"href":"https:\/\/arantv.az\/index.php?rest_route=%2Fwp%2Fv2%2Ftags&post=40864"}],"curies":[{"name":"wp","href":"https:\/\/api.w.org\/{rel}","templated":true}]}}